{"id":47744,"date":"2018-04-15T09:49:08","date_gmt":"2018-04-15T12:49:08","guid":{"rendered":"http:\/\/caririemacao.com\/1\/?p=47744"},"modified":"2018-04-15T09:49:08","modified_gmt":"2018-04-15T12:49:08","slug":"prefeito-adriano-wolff-participa-de-encerramento-do-ciclo-do-programa-brasil-alfabetizado-no-assentamento-maria-bonita","status":"publish","type":"post","link":"https:\/\/www.caririemacao.com\/1\/2018\/04\/15\/prefeito-adriano-wolff-participa-de-encerramento-do-ciclo-do-programa-brasil-alfabetizado-no-assentamento-maria-bonita\/","title":{"rendered":"Prefeito Adriano Wolff participa de encerramento do ciclo do Programa Brasil Alfabetizado no Assentamento Maria Bonita"},"content":{"rendered":"<p>O prefeito de S\u00e3o Sebasti\u00e3o do Umbuzeiro, Adriano Wolff, participou na noite deste s\u00e1bado (14), no Assentamento Maria Bonita zona rural do munic\u00edpio, do encerramento de mais um ciclo do Programa Brasil Alfabetizado parceria da Prefeitura com o Governo Federal.<\/p>\n<p>A confraterniza\u00e7\u00e3o de encerramento com um jantar e amigo secreto,\u00a0 foi realizada na sede da Associa\u00e7\u00e3o, com os alunos daquela localidade, que conclu\u00edram o curso de alfabetiza\u00e7\u00e3o. Os alunos adquiram conhecimentos de leitura e escrita.<\/p>\n<p>\u201cEstou satisfeita com a forma\u00e7\u00e3o de mais uma turma, agrade\u00e7o a todos\u00a0 e ao prefeito Adriano, pelo o apoio ao programa, que no pr\u00f3ximo ciclo seja formada mais uma turma\u201d. Relatou a professora Cicera Fagundes.<\/p>\n<p>Quero agradecer a Cicera, que durante esses dias realizou esse trabalho com voc\u00eas, e queria parabenizar a todos voc\u00eas que se dedicaram nesse momento de aprendizagem. Nunca \u00e9 tarde de se aprender alguma coisa, isso \u00e9 muito importante quero parabenizar a dedica\u00e7\u00e3o que voc\u00eas tiveram em estudar, todos est\u00e3o de parab\u00e9ns, enfatizou o prefeito Adriano Wolff.<\/p>\n<p><a href=\"http:\/\/caririemacao.com\/1\/?attachment_id=47748\" rel=\"attachment wp-att-47748\"><img fetchpriority=\"high\" decoding=\"async\" class=\"aligncenter size-full wp-image-47748\" src=\"http:\/\/caririemacao.com\/1\/wp-content\/uploads\/2018\/04\/DSC00967.jpg\" alt=\"\" width=\"800\" height=\"533\" srcset=\"https:\/\/www.caririemacao.com\/1\/wp-content\/uploads\/2018\/04\/DSC00967.jpg 800w, https:\/\/www.caririemacao.com\/1\/wp-content\/uploads\/2018\/04\/DSC00967-300x200.jpg 300w, https:\/\/www.caririemacao.com\/1\/wp-content\/uploads\/2018\/04\/DSC00967-768x512.jpg 768w\" sizes=\"(max-width: 800px) 100vw, 800px\" \/><\/a> <a href=\"http:\/\/caririemacao.com\/1\/?attachment_id=47749\" rel=\"attachment wp-att-47749\"><img decoding=\"async\" class=\"aligncenter size-full wp-image-47749 lazyload\" data-src=\"http:\/\/caririemacao.com\/1\/wp-content\/uploads\/2018\/04\/DSC00970.jpg\" alt=\"\" width=\"800\" height=\"533\" data-srcset=\"https:\/\/www.caririemacao.com\/1\/wp-content\/uploads\/2018\/04\/DSC00970.jpg 800w, https:\/\/www.caririemacao.com\/1\/wp-content\/uploads\/2018\/04\/DSC00970-300x200.jpg 300w, https:\/\/www.caririemacao.com\/1\/wp-content\/uploads\/2018\/04\/DSC00970-768x512.jpg 768w\" data-sizes=\"(max-width: 800px) 100vw, 800px\" src=\"data:image\/svg+xml;base64,PHN2ZyB3aWR0aD0iMSIgaGVpZ2h0PSIxIiB4bWxucz0iaHR0cDovL3d3dy53My5vcmcvMjAwMC9zdmciPjwvc3ZnPg==\" style=\"--smush-placeholder-width: 800px; --smush-placeholder-aspect-ratio: 800\/533;\" \/><\/a><\/p>\n<p><strong>\u00a0<\/strong><strong>CARIRI EM A\u00c7\u00c3O<\/strong><\/p>\n<p><em>Com Blog do Didi\/Foto:\u00a0Blog do Didi<\/em><\/p>\n<p><strong>Leia mais not\u00edcias em\u00a0<\/strong><a href=\"http:\/\/www.caririemacao.com\/\"><strong>caririemacao.com<\/strong><\/a><strong>, siga nossa p\u00e1gina no\u00a0<\/strong><a href=\"https:\/\/www.facebook.com\/CaririEmAcao\/?ref=aymt_homepage_panel\"><strong>Facebook<\/strong><\/a>,<strong>\u00a0<\/strong><a href=\"https:\/\/www.instagram.com\/cariri_em_acao\/?hl=pt-br\"><strong>Instagram<\/strong><\/a><strong>\u00a0e\u00a0<\/strong><a href=\"https:\/\/www.youtube.com\/channel\/UCAptA0jQuYQy8vMhLt2m4qg\"><strong>Youtube<\/strong><\/a><strong>\u00a0e veja nossas mat\u00e9rias, v\u00eddeos e fotos. Voc\u00ea tamb\u00e9m pode enviar informa\u00e7\u00f5es \u00e0 Reda\u00e7\u00e3o do Portal Cariri em A\u00e7\u00e3o pelo WhatsApp (83) 9 9634.5791, (83) 9 9601-1162.<\/strong><\/p>\n","protected":false},"excerpt":{"rendered":"<p>O prefeito de S\u00e3o Sebasti\u00e3o do Umbuzeiro, Adriano Wolff, participou na noite deste s\u00e1bado (14), no Assentamento Maria Bonita zona rural do munic\u00edpio, do encerramento&hellip; <\/p>\n","protected":false},"author":2,"featured_media":47745,"comment_status":"closed","ping_status":"closed","sticky":false,"template":"","format":"standard","meta":{"sfsi_plus_gutenberg_text_before_share":"","sfsi_plus_gutenberg_show_text_before_share":"","sfsi_plus_gutenberg_icon_type":"","sfsi_plus_gutenberg_icon_alignemt":"","sfsi_plus_gutenburg_max_per_row":"","footnotes":""},"categories":[6],"tags":[],"class_list":["post-47744","post","type-post","status-publish","format-standard","has-post-thumbnail","hentry","category-cidades"],"_links":{"self":[{"href":"https:\/\/www.caririemacao.com\/1\/wp-json\/wp\/v2\/posts\/47744","targetHints":{"allow":["GET"]}}],"collection":[{"href":"https:\/\/www.caririemacao.com\/1\/wp-json\/wp\/v2\/posts"}],"about":[{"href":"https:\/\/www.caririemacao.com\/1\/wp-json\/wp\/v2\/types\/post"}],"author":[{"embeddable":true,"href":"https:\/\/www.caririemacao.com\/1\/wp-json\/wp\/v2\/users\/2"}],"replies":[{"embeddable":true,"href":"https:\/\/www.caririemacao.com\/1\/wp-json\/wp\/v2\/comments?post=47744"}],"version-history":[{"count":0,"href":"https:\/\/www.caririemacao.com\/1\/wp-json\/wp\/v2\/posts\/47744\/revisions"}],"wp:featuredmedia":[{"embeddable":true,"href":"https:\/\/www.caririemacao.com\/1\/wp-json\/wp\/v2\/media\/47745"}],"wp:attachment":[{"href":"https:\/\/www.caririemacao.com\/1\/wp-json\/wp\/v2\/media?parent=47744"}],"wp:term":[{"taxonomy":"category","embeddable":true,"href":"https:\/\/www.caririemacao.com\/1\/wp-json\/wp\/v2\/categories?post=47744"},{"taxonomy":"post_tag","embeddable":true,"href":"https:\/\/www.caririemacao.com\/1\/wp-json\/wp\/v2\/tags?post=47744"}],"curies":[{"name":"wp","href":"https:\/\/api.w.org\/{rel}","templated":true}]}}