{"id":47753,"date":"2018-04-15T09:53:04","date_gmt":"2018-04-15T12:53:04","guid":{"rendered":"http:\/\/caririemacao.com\/1\/?p=47753"},"modified":"2018-04-15T09:53:04","modified_gmt":"2018-04-15T12:53:04","slug":"preso-lula-perde-votos-mas-ainda-venceria-em-todos-os-cenarios","status":"publish","type":"post","link":"https:\/\/www.caririemacao.com\/1\/2018\/04\/15\/preso-lula-perde-votos-mas-ainda-venceria-em-todos-os-cenarios\/","title":{"rendered":"Preso, Lula perde votos, mas ainda venceria em todos os cen\u00e1rios"},"content":{"rendered":"<p>A pesquisa do instituto Datafolha, divulgada neste domingo (15) pela Folha de S\u00e3o Paulo, mostra que, preso, o ex-presidente Lula perde capilaridade eleitoral. Mesmo assim, se fosse candidato, venceria os advers\u00e1rios em todos os cen\u00e1rios. Ele aparece agora com 31% das inten\u00e7\u00f5es de voto, contra 37% que ostentava em janeiro. Outra constata\u00e7\u00e3o importante \u00e9 que o deputado federal Jair Bolsonaro (PSL) n\u00e3o apenas deixou de crescer, como vem oscilando negativamente nos \u00faltimos meses. Ele saiu de 17% no melhor cen\u00e1rio, em dezembro, para 16% em janeiro e 15% agora. Sem Lula, o cen\u00e1rio mais prov\u00e1vel, a atual pesquisa mostra maior crescimento para Marina Silva (Rede), que sai de 10% para 15% e empata tecnicamente com Bolsonaro.<\/p>\n<p>Sem Lula, Ciro Gomes (PDT) tamb\u00e9m \u00e9 bastante beneficiado, com um empate t\u00e9cnico com Joaquim Barbosa (PSB). Ele sai de 5% para 9% e engrossa o pelot\u00e3o de cima da disputa. Lula foi preso no dia 7 de abril ap\u00f3s condena\u00e7\u00e3o por corrup\u00e7\u00e3o passiva e lavagem de dinheiro. O Partido dos Trabalhadores disse que vai registrar a candidatura dele, apesar do enquadramento l\u00edquido e certo na Lei Ficha Limpa, o que dever\u00e1 barrar o registro.\u00a0Foram feitas 4.194 entrevistas entre 11 e 13 de abril, em 227 munic\u00edpios. A margem de erro \u00e9 de 2 pontos percentuais para mais ou para menos.<\/p>\n<h3>Veja os resultados dos 9 cen\u00e1rios pesquisados no 1\u00ba turno:<\/h3>\n<p><strong>Cen\u00e1rio 1 (Se Lula for candidato, Temer ficar fora da elei\u00e7\u00e3o e o MDB lan\u00e7ar Meirelles):<\/strong><br \/>\nLula (PT): 31%<br \/>\nJair Bolsonaro (PSL): 15%<br \/>\nMarina Silva (Rede): 10%<br \/>\nJoaquim Barbosa (PSB): 8%<br \/>\nGeraldo Alckmin (PSDB): 6%<br \/>\nCiro Gomes (PDT): 5%<br \/>\nAlvaro Dias (Podemos): 3%<br \/>\nManuela D\u2019\u00c1vila (PC do B): 2%<br \/>\nFernando Collor de Mello (PTC): 1%<br \/>\nRodrigo Maia (DEM): 1%<br \/>\nHenrique Meirelles (MDB): 1%<br \/>\nFl\u00e1vio Rocha (PRB): 1%<br \/>\nJo\u00e3o Amo\u00eado (Novo): 0<br \/>\nPaulo Rabello de Castro (PSC): 0<br \/>\nGuilherme Boulos (PSOL): 0<br \/>\nGuilherme Afif Domingos (PSD): 0<br \/>\nEm branco \/ nulo \/ nenhum: 13%<br \/>\nN\u00e3o sabe: 3%<\/p>\n<p>Pesquisa de inten\u00e7\u00e3o de voto (em %) 13 de abril de 2018<\/p>\n<p><strong>Cen\u00e1rio 2 (Se Lula for candidato, Temer concorrer \u00e0 reelei\u00e7\u00e3o e Meirelles n\u00e3o disputar):<\/strong><br \/>\nLula (PT): 30%<br \/>\nJair Bolsonaro (PSL): 15%<br \/>\nMarina Silva (Rede): 10%<br \/>\nJoaquim Barbosa (PSB): 8%<br \/>\nGeraldo Alckmin (PSDB): 6%<br \/>\nCiro Gomes (PDT): 5%<br \/>\nAlvaro Dias (Podemos): 3%<br \/>\nManuela D\u2019\u00c1vila (PC do B): 1%<br \/>\nFernando Collor de Mello (PTC): 1%<br \/>\nRodrigo Maia (DEM): 1%<br \/>\nMichel Temer (MDB): 1%<br \/>\nFl\u00e1vio Rocha (PRB): 1%<br \/>\nPaulo Rabello de Castro (PSC): 1%<br \/>\nJo\u00e3o Amo\u00eado (Novo): 0<br \/>\nGuilherme Boulos (PSOL): 0<br \/>\nGuilherme Afif Domingos (PSD): 0<br \/>\nEm branco \/ nulo \/ nenhum: 14%<br \/>\nN\u00e3o sabe: 2%<\/p>\n<p><strong>Cen\u00e1rio 3 (Se Lula for candidato, e Temer, Meirelles, Rodrigo Maia e Fl\u00e1vio Rocha fciarem fora da elei\u00e7\u00e3o):<\/strong><br \/>\nLula (PT): 31%<br \/>\nJair Bolsonaro (PSL): 16%<br \/>\nMarina Silva (Rede): 10%<br \/>\nJoaquim Barbosa (PSB): 8%<br \/>\nGeraldo Alckmin (PSDB): 6%<br \/>\nCiro Gomes (PDT): 5%<br \/>\nAlvaro Dias (Podemos): 4%<br \/>\nManuela D\u2019\u00c1vila (PC do B): 2%<br \/>\nFernando Collor de Mello (PTC): 1%<br \/>\nJo\u00e3o Amo\u00eado (Novo): 1%<br \/>\nPaulo Rabello de Castro (PSC): 0<br \/>\nGuilherme Boulos (PSOL): 0<br \/>\nGuilherme Afif Domingos (PSD): 0<br \/>\nEm branco \/ nulo \/ nenhum: 13%<br \/>\nN\u00e3o sabe: 2%<\/p>\n<p><strong>Cen\u00e1rio 4 (Se o PT lan\u00e7ar Fernando Haddad no lugar de Lula, Temer ficar fora da elei\u00e7\u00e3o e o MDB lan\u00e7ar Meirelles):<\/strong><\/p>\n<p>Jair Bolsonaro (PSL): 17%<br \/>\nMarina Silva (Rede): 15%<br \/>\nCiro Gomes (PDT): 9%<br \/>\nJoaquim Barbosa (PSB): 9%<br \/>\nGeraldo Alckmin (PSDB): 7%<br \/>\nAlvaro Dias (Podemos): 5%<br \/>\nManuela D\u2019\u00c1vila (PC do B): 2%<br \/>\nFernando Haddad (PT): 2%<br \/>\nFernando Collor de Mello (PTC): 2%<br \/>\nRodrigo Maia (DEM): 1%<br \/>\nFl\u00e1vio Rocha (PRB): 1%<br \/>\nHenrique Meirelles (MDB): 1%<br \/>\nJo\u00e3o Amo\u00eado (Novo): 1%<br \/>\nPaulo Rabello de Castro (PSC): 0<br \/>\nGuilherme Boulos (PSOL): 0<br \/>\nGuilherme Afif Domingos (PSD): 0<br \/>\nEm branco \/ nulo \/ nenhum: 23%<br \/>\nN\u00e3o sabe: 3%<\/p>\n<p><strong>Cen\u00e1rio 5 (Se o PT lan\u00e7ar Fernando Haddad no lugar de Lula, Temer concorrer \u00e0 reelei\u00e7\u00e3o e Meirelles n\u00e3o disputar):<\/strong><br \/>\nJair Bolsonaro (PSL): 17%<br \/>\nMarina Silva (Rede): 15%<br \/>\nJoaquim Barbosa (PSB): 9%<br \/>\nCiro Gomes (PDT): 9%<br \/>\nGeraldo Alckmin (PSDB): 7%<br \/>\nAlvaro Dias (Podemos): 4%<br \/>\nManuela D\u2019\u00c1vila (PC do B): 2%<br \/>\nFernando Collor de Mello (PTC): 2%<br \/>\nFernando Haddad (PT): 2%<br \/>\nMichel Temer (MDB): 2%<br \/>\nRodrigo Maia (DEM): 1%<br \/>\nFl\u00e1vio Rocha (PRB): 1%<br \/>\nJo\u00e3o Amo\u00eado (Novo): 1%<br \/>\nGuilherme Boulos (PSOL): 1%<br \/>\nPaulo Rabello de Castro (PSC): 0<br \/>\nGuilherme Afif Domingos (PSD): 0<br \/>\nEm branco \/ nulo \/ nenhum: 24%<br \/>\nN\u00e3o sabe: 4%<\/p>\n<p><strong>Cen\u00e1rio 6 (Se o PT lan\u00e7ar Fernando Haddad no lugar de Lula, e Temer, Meirelles, Rodrigo Maia e Fl\u00e1vio Rocha ficarem fora da elei\u00e7\u00e3o):<\/strong><br \/>\nJair Bolsonaro (PSL): 17%<br \/>\nMarina Silva (Rede): 15%<br \/>\nJoaquim Barbosa (PSB): 10%<br \/>\nCiro Gomes (PDT): 9%<br \/>\nGeraldo Alckmin (PSDB): 8%<br \/>\nAlvaro Dias (Podemos): 5%<br \/>\nManuela D\u2019\u00c1vila (PC do B): 3%<br \/>\nFernando Haddad (PT): 2%<br \/>\nFernando Collor de Mello (PTC): 2%<br \/>\nJo\u00e3o Amo\u00eado (Novo): 1%<br \/>\nGuilherme Boulos (PSOL): 1%<br \/>\nPaulo Rabello de Castro (PSC): 1%<br \/>\nGuilherme Afif Domingos (PSD): 0<br \/>\nEm branco \/ nulo \/ nenhum: 23%<br \/>\nN\u00e3o sabe: 4%<\/p>\n<p><strong>Cen\u00e1rio 7 (Se o PT lan\u00e7ar Jaques Wagner no lugar de Lula, Temer ficar fora da elei\u00e7\u00e3o e o MBD lan\u00e7ar Meirelles):<\/strong><br \/>\nJair Bolsonaro (PSL): 17%<br \/>\nMarina Silva (Rede): 15%<br \/>\nJoaquim Barbosa (PSB): 9%<br \/>\nCiro Gomes (PDT): 9%<br \/>\nGeraldo Alckmin (PSDB): 8%<br \/>\nAlvaro Dias (Podemos): 4%<br \/>\nManuela D\u2019\u00c1vila (PC do B): 3%<br \/>\nFernando Collor de Mello (PTC): 2%<br \/>\nRodrigo Maia (DEM): 1%<br \/>\nHenrique Meirelles (MDB): 1%<br \/>\nJaques Wagner (PT): 1%<br \/>\nFl\u00e1vio Rocha (PRB): 1%<br \/>\nJo\u00e3o Amo\u00eado (Novo): 1%<br \/>\nGuilherme Boulos (PSOL): 1%<br \/>\nPaulo Rabello de Castro (PSC): 0<br \/>\nGuilherme Afif Domingos (PSD): 0<br \/>\nEm branco \/ nulo \/ nenhum: 23%<br \/>\nN\u00e3o sabe: 4%<\/p>\n<p><strong>Cen\u00e1rio 8 (Se o PT lan\u00e7ar Jaques Wagner no lugar de Lula, Temer concorrer \u00e0 reelei\u00e7\u00e3o e Meirelles n\u00e3o disputar):<\/strong><br \/>\nJair Bolsonaro (PSL): 17%<br \/>\nMarina Silva (Rede): 15%<br \/>\nJoaquim Barbosa (PSB): 9%<br \/>\nCiro Gomes (PDT): 9%<br \/>\nGeraldo Alckmin (PSDB): 7%<br \/>\nAlvaro Dias (Podemos): 4%<br \/>\nManuela D\u2019\u00c1vila (PC do B): 2%<br \/>\nFernando Collor de Mello (PTC): 2%<br \/>\nRodrigo Maia (DEM): 1%<br \/>\nMichel Temer (MDB): 1%<br \/>\nFl\u00e1vio Rocha (PRB): 1%<br \/>\nJaques Wagner (PT): 1%<br \/>\nJo\u00e3o Amo\u00eado (Novo): 1%<br \/>\nPaulo Rabello de Castro (PSC): 0<br \/>\nGuilherme Boulos (PSOL): 0<br \/>\nGuilherme Afif Domingos (PSD): 0<br \/>\nEm branco \/ nulo \/ nenhum: 23%<br \/>\nN\u00e3o sabe: 3%<\/p>\n<p><strong>Cen\u00e1rio 9 (Se o PT e Temer ficarem fora da elei\u00e7\u00e3o):<\/strong><br \/>\nJair Bolsonaro (PSL): 17%<br \/>\nMarina Silva (Rede): 16%<br \/>\nJoaquim Barbosa (PSB): 9%<br \/>\nCiro Gomes (PDT): 9%<br \/>\nGeraldo Alckmin (PSDB): 8%<br \/>\nAlvaro Dias (Podemos): 4%<br \/>\nManuela D\u2019\u00c1vila (PC do B): 2%<br \/>\nFernando Collor de Mello (PTC): 2%<br \/>\nHenrique Meirelles (MDB): 1%<br \/>\nFl\u00e1vio Rocha (PRB): 1%<br \/>\nRodrigo Maia (DEM): 1%<br \/>\nGuilherme Boulos (PSOL): 1%<br \/>\nJo\u00e3o Amo\u00eado (Novo): 1%<br \/>\nPaulo Rabello de Castro (PSC): 0<br \/>\nGuilherme Afif Domingos (PSD): 0<br \/>\nEm branco \/ nulo \/ nenhum: 23%<br \/>\nN\u00e3o sabe: 3%<\/p>\n<h3>Cen\u00e1rios pesquisados para o 2\u00ba turno:<\/h3>\n<p><strong>Cen\u00e1rio 1 (se Lula for candidato e chegar ao 2\u00ba turno):<\/strong><br \/>\nLula (PT): 48%<br \/>\nJair Bolsonaro (PSL): 31%<br \/>\nBranco\/nulo: 19%<br \/>\nN\u00e3o sabe: 1%<\/p>\n<p><strong>Cen\u00e1rio 2 (se Lula for candidato e chegar ao 2\u00ba turno):<\/strong><br \/>\nLula (PT): 48%<br \/>\nAlckmin (PSDB): 27%<br \/>\nEm branco\/Nulo: 23%<br \/>\nN\u00e3o sabe: 1%<\/p>\n<p><strong>Cen\u00e1rio 3 (se Lula for candidato e chegar ao 2\u00ba turno):<\/strong><br \/>\nLula (PT): 46%<br \/>\nMarina (Rede): 32%<br \/>\nEm branco\/Nulo: 21%<br \/>\nN\u00e3o sabe: 1%<\/p>\n<p><strong>Cen\u00e1rio 4 (se o PT lan\u00e7ar Fernando Haddad no lugar de Lula):<\/strong><br \/>\nBolsonaro (PSL): 37%<br \/>\nHaddad (PT): 26%<br \/>\nEm branco\/Nulo: 33%<br \/>\nN\u00e3o sabe: 4%<\/p>\n<p><strong>Cen\u00e1rio 5 (se o PT lan\u00e7ar Fernando Haddad no lugar de Lula):<\/strong><br \/>\nAlckmin (PSDB): 37%<br \/>\nHaddad (PT): 21%<br \/>\nEm branco\/Nulo: 38%<br \/>\nN\u00e3o sabe: 3%<\/p>\n<p><strong>Cen\u00e1rio 6 (se o PT lan\u00e7ar Jaques Wagner no lugar de Lula):<\/strong><br \/>\nBolsonaro (PSL): 39%<br \/>\nJaques (PT): 23%<br \/>\nEm branco\/Nulo: 35%<br \/>\nN\u00e3o sabe: 3%<\/p>\n<p><strong>Cen\u00e1rio 7 (se o PT lan\u00e7ar Jaques Wagner no lugar de Lula):<\/strong><br \/>\nAlckmin (PSDB): 41%<br \/>\nJaques (PT): 17%<br \/>\nEm branco\/Nulo: 39%<br \/>\nN\u00e3o sabe: 4%<\/p>\n<p><strong>Cen\u00e1rio 8 (se Marina chegar ao 2\u00ba turno):<\/strong><br \/>\nMarina (Rede): 44%<br \/>\nBolsonaro (PSL): 31%<br \/>\nEm branco\/Nulo: 23%<br \/>\nN\u00e3o sabe: 2%<\/p>\n<p><strong>Cen\u00e1rio 9 (se Marina chegar ao 2\u00ba turno):<\/strong><br \/>\nMarina (Rede): 44%<br \/>\nAlckmin (PSDB): 27%<br \/>\nEm branco\/Nulo: 27%<br \/>\nN\u00e3o sabe: 2%<\/p>\n<p><strong>Cen\u00e1rio 10 (se Ciro chegar ao 2\u00ba turno):<\/strong><br \/>\nCiro (PDT): 35%<br \/>\nBolsonaro (PSL): 35%<br \/>\nEm branco\/Nulo: 28%<br \/>\nN\u00e3o sabe: 3%<\/p>\n<p><strong>Cen\u00e1rio 11 (se Ciro chegar ao 2\u00ba turno):<\/strong><br \/>\nCiro (PDT): 32%<br \/>\nAlckmin (PSDB): 32%<br \/>\nEm branco\/Nulo: 33%<br \/>\nN\u00e3o sabe: 3%<\/p>\n<p><strong>Cen\u00e1rio 12 (se a esquerda ficar de fora do 2\u00ba turno):<\/strong><br \/>\nAlckmin (PSDB): 33%<br \/>\nBolsonaro (PSL): 32%<br \/>\nEm branco\/Nulo: 32%<br \/>\nN\u00e3o sabe: 2%<\/p>\n<p><strong>\u00a0<\/strong><strong>CARIRI EM A\u00c7\u00c3O<\/strong><\/p>\n<p><em>Com Blog do Suetoni\/Foto: Reprodu\u00e7\u00e3o Internet<\/em><\/p>\n<p><strong>Leia mais not\u00edcias em\u00a0<\/strong><a href=\"http:\/\/www.caririemacao.com\/\"><strong>caririemacao.com<\/strong><\/a><strong>, siga nossa p\u00e1gina no\u00a0<\/strong><a href=\"https:\/\/www.facebook.com\/CaririEmAcao\/?ref=aymt_homepage_panel\"><strong>Facebook<\/strong><\/a>,<strong>\u00a0<\/strong><a href=\"https:\/\/www.instagram.com\/cariri_em_acao\/?hl=pt-br\"><strong>Instagram<\/strong><\/a><strong>\u00a0e\u00a0<\/strong><a href=\"https:\/\/www.youtube.com\/channel\/UCAptA0jQuYQy8vMhLt2m4qg\"><strong>Youtube<\/strong><\/a><strong>\u00a0e veja nossas mat\u00e9rias, v\u00eddeos e fotos. Voc\u00ea tamb\u00e9m pode enviar informa\u00e7\u00f5es \u00e0 Reda\u00e7\u00e3o do Portal Cariri em A\u00e7\u00e3o pelo WhatsApp (83) 9 9634.5791, (83) 9 9601-1162.<\/strong><\/p>\n","protected":false},"excerpt":{"rendered":"<p>A pesquisa do instituto Datafolha, divulgada neste domingo (15) pela Folha de S\u00e3o Paulo, mostra que, preso, o ex-presidente Lula perde capilaridade eleitoral. Mesmo assim,&hellip; <\/p>\n","protected":false},"author":2,"featured_media":46842,"comment_status":"closed","ping_status":"closed","sticky":false,"template":"","format":"standard","meta":{"sfsi_plus_gutenberg_text_before_share":"","sfsi_plus_gutenberg_show_text_before_share":"","sfsi_plus_gutenberg_icon_type":"","sfsi_plus_gutenberg_icon_alignemt":"","sfsi_plus_gutenburg_max_per_row":"","footnotes":""},"categories":[11],"tags":[],"class_list":["post-47753","post","type-post","status-publish","format-standard","has-post-thumbnail","hentry","category-politica"],"_links":{"self":[{"href":"https:\/\/www.caririemacao.com\/1\/wp-json\/wp\/v2\/posts\/47753","targetHints":{"allow":["GET"]}}],"collection":[{"href":"https:\/\/www.caririemacao.com\/1\/wp-json\/wp\/v2\/posts"}],"about":[{"href":"https:\/\/www.caririemacao.com\/1\/wp-json\/wp\/v2\/types\/post"}],"author":[{"embeddable":true,"href":"https:\/\/www.caririemacao.com\/1\/wp-json\/wp\/v2\/users\/2"}],"replies":[{"embeddable":true,"href":"https:\/\/www.caririemacao.com\/1\/wp-json\/wp\/v2\/comments?post=47753"}],"version-history":[{"count":0,"href":"https:\/\/www.caririemacao.com\/1\/wp-json\/wp\/v2\/posts\/47753\/revisions"}],"wp:featuredmedia":[{"embeddable":true,"href":"https:\/\/www.caririemacao.com\/1\/wp-json\/wp\/v2\/media\/46842"}],"wp:attachment":[{"href":"https:\/\/www.caririemacao.com\/1\/wp-json\/wp\/v2\/media?parent=47753"}],"wp:term":[{"taxonomy":"category","embeddable":true,"href":"https:\/\/www.caririemacao.com\/1\/wp-json\/wp\/v2\/categories?post=47753"},{"taxonomy":"post_tag","embeddable":true,"href":"https:\/\/www.caririemacao.com\/1\/wp-json\/wp\/v2\/tags?post=47753"}],"curies":[{"name":"wp","href":"https:\/\/api.w.org\/{rel}","templated":true}]}}