{"id":47760,"date":"2018-04-15T12:23:24","date_gmt":"2018-04-15T15:23:24","guid":{"rendered":"http:\/\/caririemacao.com\/1\/?p=47760"},"modified":"2018-04-15T12:23:24","modified_gmt":"2018-04-15T15:23:24","slug":"bolsonaro-e-ciro-trazem-instabilidade-afirma-meirelles","status":"publish","type":"post","link":"https:\/\/www.caririemacao.com\/1\/2018\/04\/15\/bolsonaro-e-ciro-trazem-instabilidade-afirma-meirelles\/","title":{"rendered":"&#8216;Bolsonaro e Ciro trazem instabilidade&#8217;, afirma Meirelles"},"content":{"rendered":"<p><span class=\"news_capital_letter\">O\u00a0<\/span>ex-ministro da Fazenda Henrique Meirelles afirmou, em sua primeira entrevista ap\u00f3s deixar o cargo, que a elei\u00e7\u00e3o deste ano traz risco de instabilidade do Pa\u00eds e que candidatos de esquerda, como Ciro Gomes (PDT), e de direita, como Jair Bolsonaro (PSL), representam um desmonte da pol\u00edtica de reformas do governo Michel Temer.<\/p>\n<p>Mais \u00e0 vontade fora do traje de ministro, ele disse estar convicto de que ser\u00e1 o candidato do MDB \u00e0 Presid\u00eancia se Temer abdicar da vaga. Questionado sobre as acusa\u00e7\u00f5es de corrup\u00e7\u00e3o que pairam sobre seu novo partido, afirmou que n\u00e3o ser\u00e1 afetado por sua trajet\u00f3ria pessoal: &#8220;Nunca fui pol\u00edtico&#8221;.<\/p>\n<p>Meirelles tamb\u00e9m negou ser o &#8220;candidato do mercado&#8221;. Ele come\u00e7ou a montar sua equipe neste fim de semana e prepara a instala\u00e7\u00e3o de um gabinete na sede nacional do MDB, em Bras\u00edlia, de onde vai despachar com privacidade.<\/p>\n<p><strong>O senhor fez um acordo com Temer antes de deixar o cargo?<\/strong><\/p>\n<p>N\u00e3o revelo minhas conversas com o presidente. Tenho convic\u00e7\u00e3o de que, n\u00e3o sendo o presidente Temer, o candidato do partido serei eu. N\u00e3o h\u00e1 possibilidade de ser outro.<\/p>\n<p><strong>Sendo Temer, o sr. ser\u00e1 o vice?<\/strong><\/p>\n<p>N\u00e3o. No momento n\u00e3o estou considerando essa possibilidade. Se o presidente Temer julgar que tem condi\u00e7\u00f5es de ganhar a elei\u00e7\u00e3o, ele vai ser candidato e certamente \u00e9 um projeto \u00f3timo. Isso vai ser um julgamento, uma avalia\u00e7\u00e3o que eu e ele vamos fazer juntos, num primeiro momento, mas depois tamb\u00e9m conversando com o restante das lideran\u00e7as do partido: quem \u00e9 que tem melhores condi\u00e7\u00f5es.<\/p>\n<p><strong>O sr. se filiou ao MDB, que tem integrantes sob investiga\u00e7\u00e3o. Isso pode afetar sua campanha?<\/strong><\/p>\n<p>N\u00e3o acredito que afete em nada pelo meu hist\u00f3rico pessoal. Eu n\u00e3o participei de nada il\u00edcito e ilegal. \u00c9 \u00f3bvio. Eu nunca fui pol\u00edtico. Disputei uma elei\u00e7\u00e3o autofinanciada em 2002. S\u00f3. Em segundo lugar, isso \u00e9 trabalho normal da Justi\u00e7a. N\u00e3o \u00e9 s\u00f3 um partido. Todos os partidos est\u00e3o sujeitos a terem pessoas sendo acusadas. A Justi\u00e7a vai decidir se s\u00e3o inocentes ou n\u00e3o s\u00e3o.<\/p>\n<p><strong>O sr. trabalhou para a J&amp;F, cujos s\u00f3cios, os irm\u00e3os Batista, delataram corrup\u00e7\u00e3o. Alguma vez percebeu algo suspeito?<\/strong><\/p>\n<p>Meu trabalho estava estritamente relacionado \u00e0 cria\u00e7\u00e3o e lan\u00e7amento da plataforma digital do banco Original, sem rela\u00e7\u00e3o com os outros neg\u00f3cios do grupo. Nunca tive conhecimento de atividade il\u00edcita.<\/p>\n<p><strong>Nas elei\u00e7\u00f5es de 2002, o Pa\u00eds viveu grande instabilidade dos mercados. Isso pode se repetir?<\/strong><\/p>\n<p>Acho que vai ocorrer instabilidade em 2018. N\u00e3o necessariamente na mesma dimens\u00e3o. Aquele n\u00edvel era a incerteza pol\u00edtica com vulnerabilidades da economia, que agudizavam o processo. N\u00e3o tinha reservas, existia uma dificuldade com a d\u00edvida dom\u00e9stica. Agora \u00e9 o risco da volta atr\u00e1s. O risco do desmonte, de desestabiliza\u00e7\u00e3o da economia, por propostas de candidatos.<\/p>\n<p><strong>Quem s\u00e3o eles?<\/strong><\/p>\n<p>Os candidatos dos extremos que est\u00e3o a\u00ed. Seja Bolsonaro, seja Lula. O Ciro est\u00e1 propondo v\u00e1rias coisas radicais nesse sentido. O Bolsonaro est\u00e1 apresentando propostas liberais, mas tem todo um hist\u00f3rico de votos a favor do intervencionismo econ\u00f4mico. Como parlamentar, ele foi contra todas essas reformas. Temos um candidato (Ciro) que prop\u00f5e desestabilizar. Ele prop\u00f5e interferir no c\u00e2mbio para desvalorizar, est\u00e1 criando instabilidade. Vai romper contratos na \u00e1rea de concess\u00e3o de petr\u00f3leo e energia, expropriar capital estrangeiro. \u00c9 o que se temia do Lula em 2002 e que n\u00e3o fez. S\u00e3o candidatos que pretendem reverter parte da agenda de moderniza\u00e7\u00e3o do Pa\u00eds implementada. S\u00e3o propostas que remetem ao que foi tentado no passado e fracassou.<\/p>\n<p><strong>O sr. colocaria nesse grupo o ex-presidente do Supremo Tribunal Federal Joaquim Barbosa?<\/strong><\/p>\n<p>Eu n\u00e3o sei o que o Joaquim Barbosa pensa de economia.<\/p>\n<p><strong>O que diferencia o sr. do ex-governador Geraldo Alckmin (PSDB) e do presidente da C\u00e2mara, Rodrigo Maia (DEM)?<\/strong><\/p>\n<p>Tenho resultado concreto para mostrar. As pessoas est\u00e3o cansadas de falat\u00f3rio. Entramos no governo na maior recess\u00e3o da hist\u00f3ria. O Brasil saiu da recess\u00e3o, est\u00e1 crescendo, criando empregos, a infla\u00e7\u00e3o \u00e9 a mais baixa em 20 anos. Trabalhamos uma agenda reformista que est\u00e1 aumentando a possibilidade de os brasileiros ganharem mais e terem uma vida melhor, dando condi\u00e7\u00f5es, com equil\u00edbrio das contas p\u00fablicas, de o governo executar pol\u00edticas mais eficientes. Ele (Alckmin) foi governador de S\u00e3o Paulo e, portanto, n\u00e3o tem um hist\u00f3rico de realiza\u00e7\u00f5es de pol\u00edticas nacionais.<\/p>\n<p><strong>Como v\u00ea a decis\u00e3o do Superior Tribunal de Justi\u00e7a de remeter para a esfera eleitoral a investiga\u00e7\u00e3o sobre Alckmin na Lava Jato?<\/strong><\/p>\n<p>Defendo a investiga\u00e7\u00e3o de todas as suspeitas, sem partidarismo. Sou contra a politiza\u00e7\u00e3o de a\u00e7\u00f5es judiciais.<\/p>\n<p><strong>Como fica o quadro sem Lula?<\/strong><\/p>\n<p>Enfraquece muito a posi\u00e7\u00e3o do PT e torna a elei\u00e7\u00e3o um pouco mais aberta. Lula \u00e9 o pr\u00e9-candidato mais conhecido. Na medida em que ele sai, abre-se um espa\u00e7o grande para os eleitores procurarem conhecer quem s\u00e3o os outros. N\u00e3o concordo que a Justi\u00e7a esteja agindo politicamente (no caso de Lula). Acho que ela est\u00e1 cumprindo a sua fun\u00e7\u00e3o. \u00c9 um grande avan\u00e7o institucional o que est\u00e1 sendo feito em Curitiba e nos tribunais superiores. Se o Lula n\u00e3o puder disputar a elei\u00e7\u00e3o, ser\u00e1 pelo funcionamento do estado de direito.<\/p>\n<p><strong>Qual a diferen\u00e7a entre a candidatura do sr. e a de Temer?<\/strong><\/p>\n<p>N\u00e3o sei qual seria o plano de governo e de campanha dele. Sei o que ele est\u00e1 fazendo e eu concordo, evidentemente, participo do governo. Eu sei qual \u00e9 o meu projeto. S\u00e3o tr\u00eas eixos. Prosseguimento das reformas e da moderniza\u00e7\u00e3o da economia. N\u00e3o s\u00f3 a reforma da Previd\u00eancia, mas a tribut\u00e1ria, uma s\u00e9rie de quest\u00f5es relacionadas aos Estados. Segundo, um grande avan\u00e7o na qualidade dos servi\u00e7os p\u00fablicos \u00e0 popula\u00e7\u00e3o, seja na educa\u00e7\u00e3o, sa\u00fade, seguran\u00e7a e infraestrutura. O terceiro pilar \u00e9 a maneira como o Pa\u00eds funciona, o que na economia olhamos sob o ponto de vista de produtividade.<\/p>\n<p>Alguns l\u00edderes regionais do MDB apoiam outros candidatos&#8230; Num partido t\u00e3o enraizado, \u00e9 normal que os l\u00edderes pensem diferente. Estou organizando uma agenda de visitas aos diret\u00f3rios do MDB e l\u00edderes.<\/p>\n<p><strong>Como o sr. vai se tornar conhecido numa campanha curta?<\/strong><\/p>\n<p>\u00c9 curta, mas \u00e9 suficiente por causa do tempo da televis\u00e3o. N\u00e3o preciso de muito tempo para as pessoas reagirem: este \u00e9 o candidato que eu quero. Quando elas veem o hist\u00f3rico na televis\u00e3o, um v\u00eddeo bem feito, mostrando cenas da vida real, seja no exterior, na presid\u00eancia de um banco global, seja no Banco Central&#8230; &#8216;Oh, ent\u00e3o realmente foi ele o grande respons\u00e1vel pela estabilidade, pela infla\u00e7\u00e3o baixa e pelo crescimento do Brasil naquela \u00e9poca, p\u00f4, bacana&#8217;. Ent\u00e3o, muitos resumem o seguinte: &#8216;Ele (Meirelles) \u00e9 um homem competente (&#8230;) E a partir da\u00ed foi chamado pelo Lula porque o Brasil tinha problema. Ele resolveu o problema. A\u00ed, de novo, o Brasil estava com um problema grave. O Temer chamou, (ele) resolveu o problema&#8217;. \u00c9 uma hist\u00f3ria forte. As pessoas gostam.<\/p>\n<p><strong>O sr. financiar\u00e1 sua campanha?<\/strong><\/p>\n<p>Sim. Eu posso, se julgar adequado, financiar a campanha dentro dos limites. \u00c9 uma vantagem, porque n\u00e3o existe nenhuma suspeita de qualquer tipo de financiamento ilegal.<\/p>\n<p><strong>O ex-presidente Fernando Henrique Cardoso disse que o &#8220;candidato do mercado&#8221; n\u00e3o ganhar\u00e1 a elei\u00e7\u00e3o. O sr. \u00e9 o &#8220;candidato do mercado&#8221;?<\/strong><\/p>\n<p>N\u00e3o. Eu sou o candidato do crescimento e do emprego e contra o atraso. O mercado funcionando bem \u00e9 consequ\u00eancia de qualquer pol\u00edtica econ\u00f4mica.<\/p>\n<p><strong>CARIRI EM A\u00c7\u00c3O<\/strong><\/p>\n<p><em>Com jornal\u00a0O Estado de S. Paulo\/Foto: Reprodu\u00e7\u00e3o Internet, Divulga\u00e7\u00e3o \u00a0<\/em><\/p>\n<p><strong>Leia mais not\u00edcias em\u00a0<\/strong><a href=\"http:\/\/www.caririemacao.com\/\"><strong>caririemacao.com<\/strong><\/a><strong>, siga nossa p\u00e1gina no\u00a0<\/strong><a href=\"https:\/\/www.facebook.com\/CaririEmAcao\/?ref=aymt_homepage_panel\"><strong>Facebook<\/strong><\/a>,<strong>\u00a0<\/strong><a href=\"https:\/\/www.instagram.com\/cariri_em_acao\/?hl=pt-br\"><strong>Instagram<\/strong><\/a><strong>\u00a0e\u00a0<\/strong><a href=\"https:\/\/www.youtube.com\/channel\/UCAptA0jQuYQy8vMhLt2m4qg\"><strong>Youtube<\/strong><\/a><strong>\u00a0e veja nossas mat\u00e9rias, v\u00eddeos e fotos. Voc\u00ea tamb\u00e9m pode enviar informa\u00e7\u00f5es \u00e0 Reda\u00e7\u00e3o do Portal Cariri em A\u00e7\u00e3o pelo WhatsApp (83) 9 9634.5791, (83) 9 9601-1162.<\/strong><\/p>\n","protected":false},"excerpt":{"rendered":"<p>O\u00a0ex-ministro da Fazenda Henrique Meirelles afirmou, em sua primeira entrevista ap\u00f3s deixar o cargo, que a elei\u00e7\u00e3o deste ano traz risco de instabilidade do Pa\u00eds&hellip; <\/p>\n","protected":false},"author":2,"featured_media":47761,"comment_status":"closed","ping_status":"closed","sticky":false,"template":"","format":"standard","meta":{"sfsi_plus_gutenberg_text_before_share":"","sfsi_plus_gutenberg_show_text_before_share":"","sfsi_plus_gutenberg_icon_type":"","sfsi_plus_gutenberg_icon_alignemt":"","sfsi_plus_gutenburg_max_per_row":"","footnotes":""},"categories":[11],"tags":[],"class_list":["post-47760","post","type-post","status-publish","format-standard","has-post-thumbnail","hentry","category-politica"],"_links":{"self":[{"href":"https:\/\/www.caririemacao.com\/1\/wp-json\/wp\/v2\/posts\/47760","targetHints":{"allow":["GET"]}}],"collection":[{"href":"https:\/\/www.caririemacao.com\/1\/wp-json\/wp\/v2\/posts"}],"about":[{"href":"https:\/\/www.caririemacao.com\/1\/wp-json\/wp\/v2\/types\/post"}],"author":[{"embeddable":true,"href":"https:\/\/www.caririemacao.com\/1\/wp-json\/wp\/v2\/users\/2"}],"replies":[{"embeddable":true,"href":"https:\/\/www.caririemacao.com\/1\/wp-json\/wp\/v2\/comments?post=47760"}],"version-history":[{"count":0,"href":"https:\/\/www.caririemacao.com\/1\/wp-json\/wp\/v2\/posts\/47760\/revisions"}],"wp:featuredmedia":[{"embeddable":true,"href":"https:\/\/www.caririemacao.com\/1\/wp-json\/wp\/v2\/media\/47761"}],"wp:attachment":[{"href":"https:\/\/www.caririemacao.com\/1\/wp-json\/wp\/v2\/media?parent=47760"}],"wp:term":[{"taxonomy":"category","embeddable":true,"href":"https:\/\/www.caririemacao.com\/1\/wp-json\/wp\/v2\/categories?post=47760"},{"taxonomy":"post_tag","embeddable":true,"href":"https:\/\/www.caririemacao.com\/1\/wp-json\/wp\/v2\/tags?post=47760"}],"curies":[{"name":"wp","href":"https:\/\/api.w.org\/{rel}","templated":true}]}}