{"id":47797,"date":"2018-04-15T13:05:03","date_gmt":"2018-04-15T16:05:03","guid":{"rendered":"http:\/\/caririemacao.com\/1\/?p=47797"},"modified":"2018-04-15T13:05:03","modified_gmt":"2018-04-15T16:05:03","slug":"comunidades-rurais-de-caraubas-recebem-cartao-de-distribuicao-do-programa-agua-doce-2","status":"publish","type":"post","link":"https:\/\/www.caririemacao.com\/1\/2018\/04\/15\/comunidades-rurais-de-caraubas-recebem-cartao-de-distribuicao-do-programa-agua-doce-2\/","title":{"rendered":"Comunidades rurais de Cara\u00fabas recebem cart\u00e3o de distribui\u00e7\u00e3o do Programa \u00c1gua Doce"},"content":{"rendered":"<p>A Prefeitura Municipal de Cara\u00fabas e a coordena\u00e7\u00e3o do Programa \u00c1gua Doce do governo do Estado da Para\u00edba, realizaram ontem dia 4, a distribui\u00e7\u00e3o com as fam\u00edlias das comunidades rurais de Barriguda dos Frades e Passagem, dos cart\u00f5es de distribui\u00e7\u00e3o d\u2019\u00e1gua dos sistemas instalados nas mencionadas comunidades.<\/p>\n<p>Al\u00e9m da distribui\u00e7\u00e3o dos cart\u00f5es, as fam\u00edlias tiveram a oportunidade de conhecer o funcionamento de todo o sistema e na oportunidade puderam provar da qualidade da \u00e1gua que j\u00e1 est\u00e1 a disposi\u00e7\u00e3o dos moradores das respectivas comunidades, garantiram os t\u00e9cnicos do PAD, Ver\u00f4nica, Suely e Paulo que acompanharam a visita\u00e7\u00e3o.<\/p>\n<p>O Prefeito Silvano Dudu, tamb\u00e9m esteve presente na comunidade da Barriguda dos Frades e fez lembrar do ex-prefeito, Severino Dudu, de saudosa mem\u00f3ria que foi o respons\u00e1vel por trazer a ideia e implantar os sistemas de \u00e1gua Doce, em parceria com os governos Federal atrav\u00e9s do Minist\u00e9rio do Meio Ambiente e o Governo do Estado da Para\u00edba atrav\u00e9s da Secretaria da Infra Estrutura e dos Recursos H\u00eddricos com a contrapartida da Prefeitura.<\/p>\n<p>Foram longos anos de sofrimento com a escassez de \u00e1gua doce de boa qualidade para o consumo humano, e hoje, tenho a alegria de poder anunciar que estaremos inaugurando no pr\u00f3ximo m\u00eas de Maio durante as festividades da Emancipa\u00e7\u00e3o Pol\u00edtica do munic\u00edpio de Cara\u00fabas a entrega desses 03 (tr\u00eas) sistemas, ou seja, das comunidades de Frades, Passagem e Curralinho, disse Silvano Dudu.<\/p>\n<p>Uma obra como est\u00e1 em nossa regi\u00e3o tem uma import\u00e2ncia econ\u00f4mica e social de dimens\u00f5es gigantescas, pois, estaremos ofertando \u00e1gua de doce direta do cristalino. Quero parabenizar toda equipe do Governo do Estado, na pessoa do coordenador estadual do Programa, Tobi Tabolka, pela dedica\u00e7\u00e3o e o empenho em tornar realidade um sonho antigo de todos n\u00f3s que fazemos parte da gest\u00e3o do munic\u00edpio de Cara\u00fabas, afirmou emocionado o prefeito Silvano Dudu.<\/p>\n<p><strong>CARIRI EM A\u00c7\u00c3O<\/strong><\/p>\n<p><em>Com Seplcom \/Foto: Reprodu\u00e7\u00e3o\u00a0<\/em><\/p>\n<p><strong>Leia mais not\u00edcias em\u00a0<\/strong><a href=\"http:\/\/www.caririemacao.com\/\"><strong><span style=\"color: blue;\">caririemacao.com<\/span><\/strong><\/a><strong>, siga nossa p\u00e1gina no\u00a0<\/strong><a href=\"https:\/\/www.facebook.com\/CaririEmAcao\/?ref=aymt_homepage_panel\"><strong><span style=\"color: blue;\">Facebook<\/span><\/strong><\/a>,<strong>\u00a0<\/strong><a href=\"https:\/\/www.instagram.com\/cariri_em_acao\/?hl=pt-br\"><strong><span style=\"color: blue;\">Instagram<\/span><\/strong><\/a><strong>\u00a0e <\/strong><a href=\"https:\/\/www.youtube.com\/channel\/UCAptA0jQuYQy8vMhLt2m4qg\"><strong><span style=\"color: blue;\">Youtube<\/span><\/strong><\/a><strong>\u00a0e veja nossas mat\u00e9rias, v\u00eddeos e fotos. Voc\u00ea tamb\u00e9m pode enviar informa\u00e7\u00f5es \u00e0 Reda\u00e7\u00e3o do Portal Cariri em A\u00e7\u00e3o pelo WhatsApp (83) 9 9634.5791, (83) 9 9601-1162.<\/strong><\/p>\n","protected":false},"excerpt":{"rendered":"<p>A Prefeitura Municipal de Cara\u00fabas e a coordena\u00e7\u00e3o do Programa \u00c1gua Doce do governo do Estado da Para\u00edba, realizaram ontem dia 4, a distribui\u00e7\u00e3o com&hellip; <\/p>\n","protected":false},"author":2,"featured_media":47798,"comment_status":"closed","ping_status":"closed","sticky":false,"template":"","format":"standard","meta":{"sfsi_plus_gutenberg_text_before_share":"","sfsi_plus_gutenberg_show_text_before_share":"","sfsi_plus_gutenberg_icon_type":"","sfsi_plus_gutenberg_icon_alignemt":"","sfsi_plus_gutenburg_max_per_row":"","footnotes":""},"categories":[6],"tags":[],"class_list":["post-47797","post","type-post","status-publish","format-standard","has-post-thumbnail","hentry","category-cidades"],"_links":{"self":[{"href":"https:\/\/www.caririemacao.com\/1\/wp-json\/wp\/v2\/posts\/47797","targetHints":{"allow":["GET"]}}],"collection":[{"href":"https:\/\/www.caririemacao.com\/1\/wp-json\/wp\/v2\/posts"}],"about":[{"href":"https:\/\/www.caririemacao.com\/1\/wp-json\/wp\/v2\/types\/post"}],"author":[{"embeddable":true,"href":"https:\/\/www.caririemacao.com\/1\/wp-json\/wp\/v2\/users\/2"}],"replies":[{"embeddable":true,"href":"https:\/\/www.caririemacao.com\/1\/wp-json\/wp\/v2\/comments?post=47797"}],"version-history":[{"count":0,"href":"https:\/\/www.caririemacao.com\/1\/wp-json\/wp\/v2\/posts\/47797\/revisions"}],"wp:featuredmedia":[{"embeddable":true,"href":"https:\/\/www.caririemacao.com\/1\/wp-json\/wp\/v2\/media\/47798"}],"wp:attachment":[{"href":"https:\/\/www.caririemacao.com\/1\/wp-json\/wp\/v2\/media?parent=47797"}],"wp:term":[{"taxonomy":"category","embeddable":true,"href":"https:\/\/www.caririemacao.com\/1\/wp-json\/wp\/v2\/categories?post=47797"},{"taxonomy":"post_tag","embeddable":true,"href":"https:\/\/www.caririemacao.com\/1\/wp-json\/wp\/v2\/tags?post=47797"}],"curies":[{"name":"wp","href":"https:\/\/api.w.org\/{rel}","templated":true}]}}