{"id":47819,"date":"2018-04-16T08:53:09","date_gmt":"2018-04-16T11:53:09","guid":{"rendered":"http:\/\/caririemacao.com\/1\/?p=47819"},"modified":"2018-04-16T08:53:09","modified_gmt":"2018-04-16T11:53:09","slug":"inscricoes-para-o-encceja-comecam-nesta-segunda","status":"publish","type":"post","link":"https:\/\/www.caririemacao.com\/1\/2018\/04\/16\/inscricoes-para-o-encceja-comecam-nesta-segunda\/","title":{"rendered":"Inscri\u00e7\u00f5es para o Encceja come\u00e7am nesta segunda"},"content":{"rendered":"<p>As inscri\u00e7\u00f5es para o Exame Nacional para Certifica\u00e7\u00e3o de Compet\u00eancias de Jovens e Adultos (Encceja Nacional) deste ano ser\u00e3o abertas \u00e0s 10h desta segunda-feira (16). O prazo para fazer a inscri\u00e7\u00e3o termina no dia 27 de abril. As provas ser\u00e3o realizadas no dia 5 de agosto. O sistema de inscri\u00e7\u00e3o pode ser acessado na\u00a0p\u00e1gina do Encceja\u00a0na internet.<\/p>\n<p>O exame \u00e9 direcionado aos jovens e adultos que n\u00e3o conclu\u00edram os estudos na idade apropriada para cada n\u00edvel de ensino. Os participantes devem ter, no m\u00ednimo, 15 anos completos na data de realiza\u00e7\u00e3o do exame, para quem busca a certifica\u00e7\u00e3o do ensino fundamental. Quem busca a certifica\u00e7\u00e3o do ensino m\u00e9dio tem que ter, no m\u00ednimo, 18 anos completos na data de realiza\u00e7\u00e3o do exame. A participa\u00e7\u00e3o \u00e9 volunt\u00e1ria e gratuita.<\/p>\n<p>Durante a inscri\u00e7\u00e3o, o participante deve ficar atento \u00e0 sele\u00e7\u00e3o das \u00e1reas de conhecimento. Quem quer o certificado de conclus\u00e3o do ensino fundamental ou do ensino m\u00e9dio precisa ter profici\u00eancia nas quatro \u00e1reas do conhecimento e na reda\u00e7\u00e3o. Mas o participante que j\u00e1 tem alguma declara\u00e7\u00e3o parcial de profici\u00eancia, obtida em edi\u00e7\u00f5es passadas do Enem ou do pr\u00f3prio Encceja, fica liberado de fazer a prova da \u00e1rea na qual j\u00e1 tem profici\u00eancia comprovada. Na inscri\u00e7\u00e3o, o participante tamb\u00e9m precisa escolher a institui\u00e7\u00e3o na qual pretende solicitar a certifica\u00e7\u00e3o ou a declara\u00e7\u00e3o parcial de profici\u00eancia.<\/p>\n<p>Os resultados individuais do Encceja permitem a emiss\u00e3o de dois documentos: a certifica\u00e7\u00e3o de conclus\u00e3o do ensino fundamental ou do ensino m\u00e9dio, para o participante que conseguir a nota m\u00ednima exigida nas quatro provas objetivas e na reda\u00e7\u00e3o, e a declara\u00e7\u00e3o parcial de profici\u00eancia, para o participante que conseguir a nota m\u00ednima exigida em uma das quatro provas, ou em mais de uma, mas n\u00e3o em todas.<\/p>\n<p>Tamb\u00e9m\u00a0 ser\u00e3o realizados neste ano o Encceja para quem mora no exterior, para adultos submetidos a penas privativas de liberdade e para adolescentes sob medidas socioeducativas que incluam priva\u00e7\u00e3o de liberdade.<\/p>\n<p><strong>CARIRI EM A\u00c7\u00c3O<\/strong><\/p>\n<p><em>Com Ag\u00eancia Brasil \/Foto: Reprodu\u00e7\u00e3o Internet<\/em><\/p>\n<p><strong>Leia mais not\u00edcias em\u00a0<\/strong><a href=\"http:\/\/www.caririemacao.com\/\"><strong>caririemacao.com<\/strong><\/a><strong>, siga nossa p\u00e1gina no\u00a0<\/strong><a href=\"https:\/\/www.facebook.com\/CaririEmAcao\/?ref=aymt_homepage_panel\"><strong>Facebook<\/strong><\/a>,<strong>\u00a0<\/strong><a href=\"https:\/\/www.instagram.com\/cariri_em_acao\/?hl=pt-br\"><strong>Instagram<\/strong><\/a><strong>\u00a0e <\/strong><a href=\"https:\/\/www.youtube.com\/channel\/UCAptA0jQuYQy8vMhLt2m4qg\"><strong>Youtube<\/strong><\/a><strong>\u00a0e veja nossas mat\u00e9rias, v\u00eddeos e fotos. Voc\u00ea tamb\u00e9m pode enviar informa\u00e7\u00f5es \u00e0 Reda\u00e7\u00e3o do Portal Cariri em A\u00e7\u00e3o pelo WhatsApp (83) 9 9634.5791, (83) 9 9601-1162.<\/strong><\/p>\n","protected":false},"excerpt":{"rendered":"<p>As inscri\u00e7\u00f5es para o Exame Nacional para Certifica\u00e7\u00e3o de Compet\u00eancias de Jovens e Adultos (Encceja Nacional) deste ano ser\u00e3o abertas \u00e0s 10h desta segunda-feira (16).&hellip; <\/p>\n","protected":false},"author":2,"featured_media":47820,"comment_status":"closed","ping_status":"closed","sticky":false,"template":"","format":"standard","meta":{"sfsi_plus_gutenberg_text_before_share":"","sfsi_plus_gutenberg_show_text_before_share":"","sfsi_plus_gutenberg_icon_type":"","sfsi_plus_gutenberg_icon_alignemt":"","sfsi_plus_gutenburg_max_per_row":"","footnotes":""},"categories":[14],"tags":[],"class_list":["post-47819","post","type-post","status-publish","format-standard","has-post-thumbnail","hentry","category-educacao"],"_links":{"self":[{"href":"https:\/\/www.caririemacao.com\/1\/wp-json\/wp\/v2\/posts\/47819","targetHints":{"allow":["GET"]}}],"collection":[{"href":"https:\/\/www.caririemacao.com\/1\/wp-json\/wp\/v2\/posts"}],"about":[{"href":"https:\/\/www.caririemacao.com\/1\/wp-json\/wp\/v2\/types\/post"}],"author":[{"embeddable":true,"href":"https:\/\/www.caririemacao.com\/1\/wp-json\/wp\/v2\/users\/2"}],"replies":[{"embeddable":true,"href":"https:\/\/www.caririemacao.com\/1\/wp-json\/wp\/v2\/comments?post=47819"}],"version-history":[{"count":0,"href":"https:\/\/www.caririemacao.com\/1\/wp-json\/wp\/v2\/posts\/47819\/revisions"}],"wp:featuredmedia":[{"embeddable":true,"href":"https:\/\/www.caririemacao.com\/1\/wp-json\/wp\/v2\/media\/47820"}],"wp:attachment":[{"href":"https:\/\/www.caririemacao.com\/1\/wp-json\/wp\/v2\/media?parent=47819"}],"wp:term":[{"taxonomy":"category","embeddable":true,"href":"https:\/\/www.caririemacao.com\/1\/wp-json\/wp\/v2\/categories?post=47819"},{"taxonomy":"post_tag","embeddable":true,"href":"https:\/\/www.caririemacao.com\/1\/wp-json\/wp\/v2\/tags?post=47819"}],"curies":[{"name":"wp","href":"https:\/\/api.w.org\/{rel}","templated":true}]}}