{"id":47954,"date":"2018-04-17T09:03:56","date_gmt":"2018-04-17T12:03:56","guid":{"rendered":"http:\/\/caririemacao.com\/1\/?p=47954"},"modified":"2018-04-17T09:03:56","modified_gmt":"2018-04-17T12:03:56","slug":"concurso-da-liquigas-com-vaga-na-paraiba-e-salario-de-ate-r-63-mil-inscreve-ate-esta-terca-feira","status":"publish","type":"post","link":"https:\/\/www.caririemacao.com\/1\/2018\/04\/17\/concurso-da-liquigas-com-vaga-na-paraiba-e-salario-de-ate-r-63-mil-inscreve-ate-esta-terca-feira\/","title":{"rendered":"Concurso da Liquig\u00e1s, com vaga na Para\u00edba e sal\u00e1rio de at\u00e9 R$ 6,3 mil, inscreve at\u00e9 esta ter\u00e7a-feira"},"content":{"rendered":"<div class=\"mc-column content-text active-extra-styles active-capital-letter\" data-block-type=\"unstyled\" data-block-weight=\"80\" data-block-id=\"2\">\n<p class=\"content-text__container theme-color-primary-first-letter\" data-track-category=\"Link no Texto\" data-track-links=\"\">Est\u00e3o abertas at\u00e9 esta ter\u00e7a-feira (17) as inscri\u00e7\u00f5es no concurso da Liquig\u00e1s Distribuidora,\u00a0que oferece vaga na Para\u00edba\u00a0com sal\u00e1rio inicial de R$ 3.583,26 que, somado a comiss\u00e3o, pode chegar a R$ 6.309,26. O edital prev\u00ea uma vaga direta e mais cinco em cadastro de reserva para &#8220;profissional de vendas j\u00fanior&#8221; em Jo\u00e3o Pessoa. O processo seletivo organizado pela Funda\u00e7\u00e3o Cesgranrio prev\u00ea 99 vagas imediatas e forma\u00e7\u00e3o de 695 cadastros de reserva para cargos de ensino fundamental, m\u00e9dio\/t\u00e9cnico e superior.<\/p>\n<\/div>\n<div class=\"mc-column content-text active-extra-styles\" data-block-type=\"raw\" data-block-weight=\"13\" data-block-id=\"3\">\n<ul class=\"content-unordered-list\">\n<li><a href=\"http:\/\/www.cesgranrio.org.br\/pdf\/liquigas0118\/liquigas0118_edital.pdf\" target=\"_blank\" rel=\"noopener\">Confira o edital do concurso da Liquig\u00e1s.<\/a><\/li>\n<li><a href=\"https:\/\/seguro.cesgranrio.org.br\/eventos\/liquigas0118_inscricao.aspx\" target=\"_blank\" rel=\"noopener\">Fa\u00e7a inscri\u00e7\u00e3o no concurso da Liquig\u00e1s.<\/a><\/li>\n<\/ul>\n<\/div>\n<div class=\"mc-column content-text active-extra-styles \" data-block-type=\"unstyled\" data-block-weight=\"44\" data-block-id=\"4\">\n<p class=\"content-text__container \" data-track-category=\"Link no Texto\" data-track-links=\"\">As inscri\u00e7\u00f5es devem ser feitas at\u00e9 \u00e0s 23h59. As taxas custam R$ 37 para concorrer aos cargos de n\u00edvel fundamental, R$ 47 para os n\u00edvel m\u00e9dio e R$ 67 para os de n\u00edvel superior. O pagamento do boleto pode ser feito at\u00e9 quinta-feira (19).<\/p>\n<\/div>\n<div class=\"mc-column content-text active-extra-styles \" data-block-type=\"unstyled\" data-block-weight=\"38\" data-block-id=\"5\">\n<p class=\"content-text__container \" data-track-category=\"Link no Texto\" data-track-links=\"\">Nos termos do Plano de Cargos e Sal\u00e1rios da Liquig\u00e1s, o profissional de vendas ainda poder\u00e1 receber comiss\u00e3o condicionada ao cumprimento de metas, conforme normas internas, que alcan\u00e7adas as metas, pode variar de R$ 200 a R$ 2.726.<\/p>\n<\/div>\n<div class=\"mc-column content-text active-extra-styles \" data-block-type=\"unstyled\" data-block-weight=\"45\" data-block-id=\"6\">\n<p class=\"content-text__container \" data-track-category=\"Link no Texto\" data-track-links=\"\">A distribuidora ainda oferece benef\u00edcios aos funcion\u00e1rios, como: vale g\u00e1s, vale refei\u00e7\u00e3o\/refeit\u00f3rio no local, vale alimenta\u00e7\u00e3o, assist\u00eancia m\u00e9dica, vale transporte, conv\u00eanio farm\u00e1cia, conv\u00eanio odontol\u00f3gico, aux\u00edlio a filho excepcional, aux\u00edlio funeral, seguro de vida em grupo, aux\u00edlio-creche, adicional por tempo de servi\u00e7o e plano de previd\u00eancia.<\/p>\n<\/div>\n<div class=\"mc-column content-text active-extra-styles \" data-block-type=\"unstyled\" data-block-weight=\"4\" data-block-id=\"7\">\n<p class=\"content-text__container \" data-track-category=\"Link no Texto\" data-track-links=\"\">Exig\u00eancias para o cargo<\/p>\n<\/div>\n<div class=\"mc-column content-text active-extra-styles \" data-block-type=\"unstyled\" data-block-weight=\"48\" data-block-id=\"8\">\n<p class=\"content-text__container \" data-track-category=\"Link no Texto\" data-track-links=\"\">O cargo Profissional de vendas j\u00fanior \u00e9 para n\u00edvel de escolaridade superior, com uma vaga para Jo\u00e3o Pessoa em ampla concorr\u00eancia e mais cinco vagas para cadastro de reserva (3 vagas para ampla concorr\u00eancia, 1 vaga para pessoas pretas ou pardas e 1 vaga para pessoa com defici\u00eancia).<\/p>\n<\/div>\n<div class=\"mc-column content-text active-extra-styles \" data-block-type=\"unstyled\" data-block-weight=\"74\" data-block-id=\"9\">\n<p class=\"content-text__container \" data-track-category=\"Link no Texto\" data-track-links=\"\">A exig\u00eancia para o cargo \u00e9 que o candidato tenha certificado de conclus\u00e3o ou diploma, devidamente registrado, de curso de gradua\u00e7\u00e3o de n\u00edvel superior (bacharelado) em Administra\u00e7\u00e3o, Ci\u00eancias Cont\u00e1beis, Economia ou Marketing, expedido por institui\u00e7\u00e3o de ensino reconhecida pelo Minist\u00e9rio da Educa\u00e7\u00e3o, Secretarias ou Conselho Estaduais de Educa\u00e7\u00e3o. Tamb\u00e9m \u00e9 necess\u00e1rio ter Carteira Nacional de Habilita\u00e7\u00e3o (CNH), definitiva, no m\u00ednimo categoria B, experi\u00eancia m\u00ednima de 6 meses em atividades comerciais e disponibilidade para viagens.<\/p>\n<div class=\"mc-column content-text active-extra-styles\" data-block-type=\"raw\" data-block-weight=\"1\" data-block-id=\"11\">\n<div class=\"content-intertitle\">\n<h2>Provas<\/h2>\n<\/div>\n<\/div>\n<div class=\"mc-column content-text active-extra-styles \" data-block-type=\"unstyled\" data-block-weight=\"59\" data-block-id=\"12\">\n<p class=\"content-text__container \" data-track-category=\"Link no Texto\" data-track-links=\"\">O edital informa que o concurso ter\u00e1 provas escritas objetivas, aplicadas a todos os cargos, e provas de conhecimentos espec\u00edficos (para todos os cargos, exceto Ajudante de Motorista Granel I, Conferente I e Operador(a) de G\u00e1s I). Outras fases posteriores ser\u00e3o a comprova\u00e7\u00e3o dos requisitos e a qualifica\u00e7\u00e3o biopsicossocial (avalia\u00e7\u00e3o psicol\u00f3gica, exames m\u00e9dicos e exame toxicol\u00f3gico, conforme o cargo).<\/p>\n<\/div>\n<div data-track-category=\"fim do conteudo\" data-track-action=\"ultimo chunk conteudo\" data-track-noninteraction=\"false\" data-track-scroll=\"entrada completa viewport\">\n<div class=\"mc-column content-text active-extra-styles \" data-block-type=\"unstyled\" data-block-weight=\"57\" data-block-id=\"13\">\n<p class=\"content-text__container \" data-track-category=\"Link no Texto\" data-track-links=\"\">As provas objetivas ser\u00e3o realizadas nas cidades de Aracaju (SE), Bel\u00e9m (PA), Belo Horizonte (MG), Bras\u00edlia (DF), Campo Grande (MS), Cuiab\u00e1 (MT), Curitiba (PR), Florian\u00f3polis (SC), Fortaleza (CE), Goi\u00e2nia (GO), Jo\u00e3o Pessoa (PB), Natal (RN), Porto Alegre (RS), Recife (PE), Rio de Janeiro (RJ), Salvador (BA), S\u00e3o Lu\u00eds (MA), S\u00e3o Paulo (SP), Teresina (PI) e Vit\u00f3ria (ES).<\/p>\n<p><strong>CARIRI EM A\u00c7\u00c3O<\/strong><\/p>\n<p><em>Com G1\/Foto:\u00a0Divulga\u00e7\u00e3o<\/em><\/p>\n<p><strong>Leia mais not\u00edcias em\u00a0<\/strong><a href=\"http:\/\/www.caririemacao.com\/\"><strong>caririemacao.com<\/strong><\/a><strong>, siga nossa p\u00e1gina no\u00a0<\/strong><a href=\"https:\/\/www.facebook.com\/CaririEmAcao\/?ref=aymt_homepage_panel\"><strong>Facebook<\/strong><\/a>,<strong>\u00a0<\/strong><a href=\"https:\/\/www.instagram.com\/cariri_em_acao\/?hl=pt-br\"><strong>Instagram<\/strong><\/a><strong>\u00a0e\u00a0<\/strong><a href=\"https:\/\/www.youtube.com\/channel\/UCAptA0jQuYQy8vMhLt2m4qg\"><strong>Youtube<\/strong><\/a><strong>\u00a0e veja nossas mat\u00e9rias, v\u00eddeos e fotos. Voc\u00ea tamb\u00e9m pode enviar informa\u00e7\u00f5es \u00e0 Reda\u00e7\u00e3o do Portal Cariri em A\u00e7\u00e3o pelo WhatsApp (83) 9 9634.5791, (83) 9 9601-1162.<\/strong><\/p>\n<\/div>\n<\/div>\n<\/div>\n","protected":false},"excerpt":{"rendered":"<p>Est\u00e3o abertas at\u00e9 esta ter\u00e7a-feira (17) as inscri\u00e7\u00f5es no concurso da Liquig\u00e1s Distribuidora,\u00a0que oferece vaga na Para\u00edba\u00a0com sal\u00e1rio inicial de R$ 3.583,26 que, somado a&hellip; <\/p>\n","protected":false},"author":2,"featured_media":47955,"comment_status":"closed","ping_status":"closed","sticky":false,"template":"","format":"standard","meta":{"sfsi_plus_gutenberg_text_before_share":"","sfsi_plus_gutenberg_show_text_before_share":"","sfsi_plus_gutenberg_icon_type":"","sfsi_plus_gutenberg_icon_alignemt":"","sfsi_plus_gutenburg_max_per_row":"","footnotes":""},"categories":[2],"tags":[],"class_list":["post-47954","post","type-post","status-publish","format-standard","has-post-thumbnail","hentry","category-geral"],"_links":{"self":[{"href":"https:\/\/www.caririemacao.com\/1\/wp-json\/wp\/v2\/posts\/47954","targetHints":{"allow":["GET"]}}],"collection":[{"href":"https:\/\/www.caririemacao.com\/1\/wp-json\/wp\/v2\/posts"}],"about":[{"href":"https:\/\/www.caririemacao.com\/1\/wp-json\/wp\/v2\/types\/post"}],"author":[{"embeddable":true,"href":"https:\/\/www.caririemacao.com\/1\/wp-json\/wp\/v2\/users\/2"}],"replies":[{"embeddable":true,"href":"https:\/\/www.caririemacao.com\/1\/wp-json\/wp\/v2\/comments?post=47954"}],"version-history":[{"count":0,"href":"https:\/\/www.caririemacao.com\/1\/wp-json\/wp\/v2\/posts\/47954\/revisions"}],"wp:featuredmedia":[{"embeddable":true,"href":"https:\/\/www.caririemacao.com\/1\/wp-json\/wp\/v2\/media\/47955"}],"wp:attachment":[{"href":"https:\/\/www.caririemacao.com\/1\/wp-json\/wp\/v2\/media?parent=47954"}],"wp:term":[{"taxonomy":"category","embeddable":true,"href":"https:\/\/www.caririemacao.com\/1\/wp-json\/wp\/v2\/categories?post=47954"},{"taxonomy":"post_tag","embeddable":true,"href":"https:\/\/www.caririemacao.com\/1\/wp-json\/wp\/v2\/tags?post=47954"}],"curies":[{"name":"wp","href":"https:\/\/api.w.org\/{rel}","templated":true}]}}