{"id":47975,"date":"2018-04-17T21:53:58","date_gmt":"2018-04-18T00:53:58","guid":{"rendered":"http:\/\/caririemacao.com\/1\/?p=47975"},"modified":"2018-04-17T21:53:58","modified_gmt":"2018-04-18T00:53:58","slug":"corpo-de-bombeiros-suspende-buscas-por-jovem-parariense-desaparecido-nas-aguas-no-rio-taperoa","status":"publish","type":"post","link":"https:\/\/www.caririemacao.com\/1\/2018\/04\/17\/corpo-de-bombeiros-suspende-buscas-por-jovem-parariense-desaparecido-nas-aguas-no-rio-taperoa\/","title":{"rendered":"Corpo de Bombeiros suspende buscas por jovem parariense desaparecido nas \u00e1guas no Rio Tapero\u00e1"},"content":{"rendered":"<p>O Corpo de Bombeiros suspendeu as buscas do jovem de 14 anos, desaparecido ap\u00f3s um mergulho no Rio Tapero\u00e1, no munic\u00edpio de Parari. O jovem \u00e9 Jo\u00e3o Victor Oliveira, filho de Ver\u00f4nica e Josivaldo, e o fato ocorreu por volta das 15hrs desta ter\u00e7a-feira (17).<\/p>\n<p>Segundo informa\u00e7\u00f5es apuradas pelo portal De Olho no Cariri, o jovem estava com outros colegas se banhando num lugar conhecido como Po\u00e7o Grande, quando em um mergulho veio a afundar e n\u00e3o retornou \u00e0 superf\u00edcie. Populares realizaram buscas, o Corpo de Bombeiros foi chamado, mas at\u00e9 o final da tarde o jovem n\u00e3o apareceu.<\/p>\n<div id=\"attachment_51255\" class=\"wp-caption alignright\">\n<p class=\"wp-caption-text\">\n<\/div>\n<p>As buscas ser\u00e3o retomadas na manh\u00e3 desta quarta (18) e familiares e amigos est\u00e3o em ora\u00e7\u00e3o pelo reaparecimento do jovem. Jo\u00e3o Victor, segundo informa\u00e7\u00f5es de populares, possu\u00eda problemas card\u00edacos e suspeita-se que ele tenha sofrido alguma complica\u00e7\u00e3o num dos mergulhos, facilitando seu afogamento.<\/p>\n<p>O local, segundo relato de moradores de Parari, \u00e9 bastante fundo e outras pessoas, como tamb\u00e9m animais, j\u00e1 foram v\u00edtimas de afogamento.<\/p>\n<p><strong>CARIRI EM A\u00c7\u00c3O<\/strong><\/p>\n<p><em>Com DeolhonoCariri\/Foto:\u00a0DeolhonoCariri<\/em><\/p>\n<p><strong>Leia mais not\u00edcias em\u00a0<\/strong><a href=\"http:\/\/www.caririemacao.com\/\"><strong>caririemacao.com<\/strong><\/a><strong>, siga nossa p\u00e1gina no\u00a0<\/strong><a href=\"https:\/\/www.facebook.com\/CaririEmAcao\/?ref=aymt_homepage_panel\"><strong>Facebook<\/strong><\/a>,<strong>\u00a0<\/strong><a href=\"https:\/\/www.instagram.com\/cariri_em_acao\/?hl=pt-br\"><strong>Instagram<\/strong><\/a><strong>\u00a0e\u00a0<\/strong><a href=\"https:\/\/www.youtube.com\/channel\/UCAptA0jQuYQy8vMhLt2m4qg\"><strong>Youtube<\/strong><\/a><strong>\u00a0e veja nossas mat\u00e9rias, v\u00eddeos e fotos. Voc\u00ea tamb\u00e9m pode enviar informa\u00e7\u00f5es \u00e0 Reda\u00e7\u00e3o do Portal Cariri em A\u00e7\u00e3o pelo WhatsApp (83) 9 9634.5791, (83) 9 9601-1162.<\/strong><\/p>\n","protected":false},"excerpt":{"rendered":"<p>O Corpo de Bombeiros suspendeu as buscas do jovem de 14 anos, desaparecido ap\u00f3s um mergulho no Rio Tapero\u00e1, no munic\u00edpio de Parari. O jovem&hellip; <\/p>\n","protected":false},"author":2,"featured_media":47976,"comment_status":"closed","ping_status":"closed","sticky":false,"template":"","format":"standard","meta":{"sfsi_plus_gutenberg_text_before_share":"","sfsi_plus_gutenberg_show_text_before_share":"","sfsi_plus_gutenberg_icon_type":"","sfsi_plus_gutenberg_icon_alignemt":"","sfsi_plus_gutenburg_max_per_row":"","footnotes":""},"categories":[12],"tags":[],"class_list":["post-47975","post","type-post","status-publish","format-standard","has-post-thumbnail","hentry","category-policia"],"_links":{"self":[{"href":"https:\/\/www.caririemacao.com\/1\/wp-json\/wp\/v2\/posts\/47975","targetHints":{"allow":["GET"]}}],"collection":[{"href":"https:\/\/www.caririemacao.com\/1\/wp-json\/wp\/v2\/posts"}],"about":[{"href":"https:\/\/www.caririemacao.com\/1\/wp-json\/wp\/v2\/types\/post"}],"author":[{"embeddable":true,"href":"https:\/\/www.caririemacao.com\/1\/wp-json\/wp\/v2\/users\/2"}],"replies":[{"embeddable":true,"href":"https:\/\/www.caririemacao.com\/1\/wp-json\/wp\/v2\/comments?post=47975"}],"version-history":[{"count":0,"href":"https:\/\/www.caririemacao.com\/1\/wp-json\/wp\/v2\/posts\/47975\/revisions"}],"wp:featuredmedia":[{"embeddable":true,"href":"https:\/\/www.caririemacao.com\/1\/wp-json\/wp\/v2\/media\/47976"}],"wp:attachment":[{"href":"https:\/\/www.caririemacao.com\/1\/wp-json\/wp\/v2\/media?parent=47975"}],"wp:term":[{"taxonomy":"category","embeddable":true,"href":"https:\/\/www.caririemacao.com\/1\/wp-json\/wp\/v2\/categories?post=47975"},{"taxonomy":"post_tag","embeddable":true,"href":"https:\/\/www.caririemacao.com\/1\/wp-json\/wp\/v2\/tags?post=47975"}],"curies":[{"name":"wp","href":"https:\/\/api.w.org\/{rel}","templated":true}]}}