{"id":47978,"date":"2018-04-17T22:06:46","date_gmt":"2018-04-18T01:06:46","guid":{"rendered":"http:\/\/caririemacao.com\/1\/?p=47978"},"modified":"2018-04-17T22:06:46","modified_gmt":"2018-04-18T01:06:46","slug":"supremo-aceita-denuncia-e-aecio-neves-passa-a-ser-reu-na-lava","status":"publish","type":"post","link":"https:\/\/www.caririemacao.com\/1\/2018\/04\/17\/supremo-aceita-denuncia-e-aecio-neves-passa-a-ser-reu-na-lava\/","title":{"rendered":"Supremo aceita den\u00fancia e A\u00e9cio Neves passa a ser r\u00e9u na Lava"},"content":{"rendered":"<p>Por unanimidade, a Primeira Turma do Supremo Tribunal Federal (STF) decidiu na tarde desta ter\u00e7a-feira (17) tornar o senador da Rep\u00fablica A\u00e9cio Neves (PSDB-MG) r\u00e9u por corrup\u00e7\u00e3o e obstru\u00e7\u00e3o de Justi\u00e7a. O relator da a\u00e7\u00e3o, ministro Marco Aur\u00e9lio, afirmou em seu voto que \u201ch\u00e1 transcri\u00e7\u00f5es de conversas telef\u00f4nicas realizadas pelo senador das quais se extrai que estaria tentando influenciar na escolha de delegados da PF na Opera\u00e7\u00e3o Lava Jato\u201d.<\/p>\n<p>Al\u00e9m do relator da a\u00e7\u00e3o, votaram pela aceita\u00e7\u00e3o da den\u00fancia a ministra Rosa Weber e os ministros Luiz Fuz, Alexandre de Moraes e Roberto Barroso.<\/p>\n<p>Com a decis\u00e3o, al\u00e9m de A\u00e9cio Neves outras tr\u00eas pessoas passam \u00e0 condi\u00e7\u00e3o de r\u00e9u na Lava Jato. S\u00e3o alvos da mesma den\u00fancia a irm\u00e3 do senador, Andrea Neves; o primo dele Frederico Pacheco; e Mendherson Souza Lima, ex-assessor parlamentar do senador Zez\u00e9 Perrella (PMDB-MG), flagrado recebendo dinheiro vivo. Todos s\u00e3o acusados de corrup\u00e7\u00e3o passiva.<\/p>\n<h5><strong>Entenda o caso<\/strong><\/h5>\n<p>A den\u00fancia faz parte de um dos inqu\u00e9ritos resultantes da dela\u00e7\u00e3o do empres\u00e1rio Joesley Batista, do grupo J&amp;F. Ele \u00e9 acusado pelos crimes de corrup\u00e7\u00e3o passiva e obstru\u00e7\u00e3o de Justi\u00e7a.<\/p>\n<p>Segundo a den\u00fancia, apresentada h\u00e1 mais de 10 meses, A\u00e9cio pediu a Joesley Batista R$ 2 milh\u00f5es como propina em troca de sua atua\u00e7\u00e3o pol\u00edtica. A conversa foi gravada pela Pol\u00edcia Federal (PF). O senador foi acusado pelo ent\u00e3o procurador-geral da Rep\u00fablica Rodrigo Janot.<\/p>\n<h5><strong>Defesa de A\u00e9cio Neves<\/strong><\/h5>\n<p>O advogado Alberto Toron, que representa o senador A\u00e9cio Neves (PSDB-MG) afirmou nesta ter\u00e7a-feira que o simples fato de ele possuir mandato no Senado n\u00e3o o impede de pedir dinheiro a empres\u00e1rios.\u00a0Toron argumentou que na den\u00fancia que fez contra A\u00e9cio, a procuradora-geral da Rep\u00fablica, Raquel Dodge, n\u00e3o foi capaz de apontar qual seria o ato de corrup\u00e7\u00e3o praticado pelo senador em troca dos R$ 2 milh\u00f5es que pediu ao empres\u00e1rio Joesley Batista, um dos controladores do grupo J&amp;F, em conversa gravada.<\/p>\n<p>\u201cO fato de uma pessoa ser senador da Rep\u00fablica, por si s\u00f3, n\u00e3o impede que ele pe\u00e7a emprestado o dinheiro\u201d, afirmou o advogado durante sustenta\u00e7\u00e3o oral na Primeira Turma do Supremo Tribunal Federal (STF).<\/p>\n<p>Ele disse ainda que o fato de a quantia ter sido recebida em esp\u00e9cie, em ato flagrado pela Pol\u00edcia Federal (PF), n\u00e3o \u00e9 o bastante para indicar a natureza il\u00edcita do dinheiro. \u201cSe o sujeito pedir dinheiro num ato de corrup\u00e7\u00e3o\u2026 e recebe via TED [transfer\u00eancia banc\u00e1ria] ou via cheque, h\u00e1 ou n\u00e3o corrup\u00e7\u00e3o? Evidente que h\u00e1. N\u00e3o \u00e9 o meio pelo qual se recebe o dinheiro que se permite inferir que houve a corrup\u00e7\u00e3o\u201d, afirmou.<\/p>\n<p>O advogado tamb\u00e9m recha\u00e7ou as acusa\u00e7\u00f5es de obstru\u00e7\u00e3o de Justi\u00e7a feitas contra o senador. Na den\u00fancia, Raquel Dodge aponta a atua\u00e7\u00e3o de A\u00e9cio contra o projeto de lei de medidas de combate \u00e0 corrup\u00e7\u00e3o e a favor de um outro, sobre o abuso de autoridade envolvendo ju\u00edzes, como ind\u00edcios de que o parlamentar buscava acuar os investigadores.<\/p>\n<p>\u201cN\u00e3o se pode permitir a criminaliza\u00e7\u00e3o da atividade parlamentar, independentemente de se concordar ou n\u00e3o com as opini\u00f5es\u201d, afirmou Toron, argumentando que a den\u00fancia por obstru\u00e7\u00e3o de Justi\u00e7a s\u00f3 poderia ser feita se houvesse contra o senador acusa\u00e7\u00e3o de integrar organiza\u00e7\u00e3o criminosa, conforme prev\u00ea a lei.<\/p>\n<p>Na den\u00fancia, Raquel Dodge destaca que, na conversa gravada com Joesley, A\u00e9cio menciona sua inten\u00e7\u00e3o de pressionar membros do governo para que intercedam pela troca de delegados respons\u00e1veis pela investiga\u00e7\u00e3o contra ele. Toron rebateu tamb\u00e9m essa acusa\u00e7\u00e3o. \u201cNessa conversa ele esperneia e manifesta sua contrariedade com determinados delegados, e n\u00e3o passou disso\u201d, disse Toron.<\/p>\n<p>As defesas de todos os denunciados no caso \u2013 al\u00e9m de A\u00e9cio, sua irm\u00e3, Andrea Neves; seu primo, Frederico Pacheco; e o ex-assessor parlamentar Mendherson de Souza Lima \u2013 argumentaram a nulidade da dela\u00e7\u00e3o premiada de Joesley Batista, que teria sido orientado na obten\u00e7\u00e3o de acordo de colabora\u00e7\u00e3o pelo procurador Marcelo Miller, quando este ainda atuava na PGR.<\/p>\n<p>Segundo Raquel Dodge, a participa\u00e7\u00e3o de Miller no acordo de dela\u00e7\u00e3o est\u00e1 sendo investigada, mas caso sejam comprovadas irregularidades, isso anularia apenas o acordo, e n\u00e3o as provas obtidas por meio dele.<\/p>\n<p><strong>CARIRI EM A\u00c7\u00c3O<\/strong><\/p>\n<p><em>Com Jornal da Para\u00edba\/Foto: reprodu\u00e7\u00e3o google<\/em><\/p>\n<p><strong>Leia mais not\u00edcias em\u00a0<\/strong><a href=\"http:\/\/www.caririemacao.com\/\"><strong>caririemacao.com<\/strong><\/a><strong>, siga nossa p\u00e1gina no\u00a0<\/strong><a href=\"https:\/\/www.facebook.com\/CaririEmAcao\/?ref=aymt_homepage_panel\"><strong>Facebook<\/strong><\/a>,<strong>\u00a0<\/strong><a href=\"https:\/\/www.instagram.com\/cariri_em_acao\/?hl=pt-br\"><strong>Instagram<\/strong><\/a><strong>\u00a0e\u00a0<\/strong><a href=\"https:\/\/www.youtube.com\/channel\/UCAptA0jQuYQy8vMhLt2m4qg\"><strong>Youtube<\/strong><\/a><strong>\u00a0e veja nossas mat\u00e9rias, v\u00eddeos e fotos. Voc\u00ea tamb\u00e9m pode enviar informa\u00e7\u00f5es \u00e0 Reda\u00e7\u00e3o do Portal Cariri em A\u00e7\u00e3o pelo WhatsApp (83) 9 9634.5791, (83) 9 9601-1162.<\/strong><\/p>\n","protected":false},"excerpt":{"rendered":"<p>Por unanimidade, a Primeira Turma do Supremo Tribunal Federal (STF) decidiu na tarde desta ter\u00e7a-feira (17) tornar o senador da Rep\u00fablica A\u00e9cio Neves (PSDB-MG) r\u00e9u&hellip; <\/p>\n","protected":false},"author":2,"featured_media":31490,"comment_status":"closed","ping_status":"closed","sticky":false,"template":"","format":"standard","meta":{"sfsi_plus_gutenberg_text_before_share":"","sfsi_plus_gutenberg_show_text_before_share":"","sfsi_plus_gutenberg_icon_type":"","sfsi_plus_gutenberg_icon_alignemt":"","sfsi_plus_gutenburg_max_per_row":"","footnotes":""},"categories":[11],"tags":[],"class_list":["post-47978","post","type-post","status-publish","format-standard","has-post-thumbnail","hentry","category-politica"],"_links":{"self":[{"href":"https:\/\/www.caririemacao.com\/1\/wp-json\/wp\/v2\/posts\/47978","targetHints":{"allow":["GET"]}}],"collection":[{"href":"https:\/\/www.caririemacao.com\/1\/wp-json\/wp\/v2\/posts"}],"about":[{"href":"https:\/\/www.caririemacao.com\/1\/wp-json\/wp\/v2\/types\/post"}],"author":[{"embeddable":true,"href":"https:\/\/www.caririemacao.com\/1\/wp-json\/wp\/v2\/users\/2"}],"replies":[{"embeddable":true,"href":"https:\/\/www.caririemacao.com\/1\/wp-json\/wp\/v2\/comments?post=47978"}],"version-history":[{"count":0,"href":"https:\/\/www.caririemacao.com\/1\/wp-json\/wp\/v2\/posts\/47978\/revisions"}],"wp:featuredmedia":[{"embeddable":true,"href":"https:\/\/www.caririemacao.com\/1\/wp-json\/wp\/v2\/media\/31490"}],"wp:attachment":[{"href":"https:\/\/www.caririemacao.com\/1\/wp-json\/wp\/v2\/media?parent=47978"}],"wp:term":[{"taxonomy":"category","embeddable":true,"href":"https:\/\/www.caririemacao.com\/1\/wp-json\/wp\/v2\/categories?post=47978"},{"taxonomy":"post_tag","embeddable":true,"href":"https:\/\/www.caririemacao.com\/1\/wp-json\/wp\/v2\/tags?post=47978"}],"curies":[{"name":"wp","href":"https:\/\/api.w.org\/{rel}","templated":true}]}}