{"id":47980,"date":"2018-04-17T22:16:57","date_gmt":"2018-04-18T01:16:57","guid":{"rendered":"http:\/\/caririemacao.com\/1\/?p=47980"},"modified":"2018-04-17T22:16:57","modified_gmt":"2018-04-18T01:16:57","slug":"nasf-de-sao-sebastiao-do-umbuzeiro-realiza-palestra-com-o-grupo-de-idosos","status":"publish","type":"post","link":"https:\/\/www.caririemacao.com\/1\/2018\/04\/17\/nasf-de-sao-sebastiao-do-umbuzeiro-realiza-palestra-com-o-grupo-de-idosos\/","title":{"rendered":"NASF de S\u00e3o Sebasti\u00e3o do Umbuzeiro realiza palestra com o grupo de idosos"},"content":{"rendered":"<p>A Prefeitura de S\u00e3o Sebasti\u00e3o do Umbuzeiro, atrav\u00e9s da Psic\u00f3loga do NASF\u00a0 Eliane santa Cruz, realizou palestra com o grupo de idosos sobre qualidade de vida e a import\u00e2ncia da autoestima na terceira idade, com din\u00e2micas e brindes.<\/p>\n<p>\u00c9 de grande import\u00e2ncia melhorar a qualidade de vida do idoso e a sua autoestima, pois sem ela, passamos a criticar nossas limita\u00e7\u00f5es e relembrar apenas os nossos defeitos e envelhecer trabalhando esses pontos podem diminuir problemas como isolamento, frustra\u00e7\u00f5es, depress\u00e3o e outras doen\u00e7as, sendo de extrema import\u00e2ncia para manter a sa\u00fade f\u00edsica e mental e aumentar o bem estar do idoso.<\/p>\n<p>A participa\u00e7\u00e3o no grupo, leva o idoso a uma maior intera\u00e7\u00e3o, melhorando o conv\u00edvio social e a praticar novas atividades, pois o foco do grupo \u00e9 levar informa\u00e7\u00f5es aos idosos sobre v\u00e1rios temas e estimul\u00e1- los a ter uma vida mais saud\u00e1vel, atrav\u00e9s de atividades f\u00edsicas adequadas, alimenta\u00e7\u00e3o equilibrada, e sua participa\u00e7\u00e3o em grupos da melhor idade, proporcionando o bem-estar e a socializa\u00e7\u00e3o.<\/p>\n<p>A import\u00e2ncia de trabalhar temas como qualidade de vida e autoestima \u00e9 fundamental para a motiva\u00e7\u00e3o e satisfa\u00e7\u00e3o pessoal. Construir uma boa autoestima significa motiv\u00e1-los a continuar feliz e realizados.<\/p>\n<p><a href=\"http:\/\/caririemacao.com\/1\/?attachment_id=47982\" rel=\"attachment wp-att-47982\"><img fetchpriority=\"high\" decoding=\"async\" class=\"aligncenter size-full wp-image-47982\" src=\"http:\/\/caririemacao.com\/1\/wp-content\/uploads\/2018\/04\/WhatsApp-Image-2018-04-13-at-21.02.59.jpeg\" alt=\"\" width=\"1040\" height=\"780\" srcset=\"https:\/\/www.caririemacao.com\/1\/wp-content\/uploads\/2018\/04\/WhatsApp-Image-2018-04-13-at-21.02.59.jpeg 1040w, https:\/\/www.caririemacao.com\/1\/wp-content\/uploads\/2018\/04\/WhatsApp-Image-2018-04-13-at-21.02.59-300x225.jpeg 300w, https:\/\/www.caririemacao.com\/1\/wp-content\/uploads\/2018\/04\/WhatsApp-Image-2018-04-13-at-21.02.59-768x576.jpeg 768w, https:\/\/www.caririemacao.com\/1\/wp-content\/uploads\/2018\/04\/WhatsApp-Image-2018-04-13-at-21.02.59-1024x768.jpeg 1024w\" sizes=\"(max-width: 1040px) 100vw, 1040px\" \/><\/a><\/p>\n<p><strong>CARIRI EM A\u00c7\u00c3O<\/strong><\/p>\n<p><em>Com Blog do Didi\/Foto: Blog do Didi<\/em><\/p>\n<p><strong>Leia mais not\u00edcias em\u00a0<\/strong><a href=\"http:\/\/www.caririemacao.com\/\"><strong>caririemacao.com<\/strong><\/a><strong>, siga nossa p\u00e1gina no\u00a0<\/strong><a href=\"https:\/\/www.facebook.com\/CaririEmAcao\/?ref=aymt_homepage_panel\"><strong>Facebook<\/strong><\/a>,<strong>\u00a0<\/strong><a href=\"https:\/\/www.instagram.com\/cariri_em_acao\/?hl=pt-br\"><strong>Instagram<\/strong><\/a><strong>\u00a0e\u00a0<\/strong><a href=\"https:\/\/www.youtube.com\/channel\/UCAptA0jQuYQy8vMhLt2m4qg\"><strong>Youtube<\/strong><\/a><strong>\u00a0e veja nossas mat\u00e9rias, v\u00eddeos e fotos. Voc\u00ea tamb\u00e9m pode enviar informa\u00e7\u00f5es \u00e0 Reda\u00e7\u00e3o do Portal Cariri em A\u00e7\u00e3o pelo WhatsApp (83) 9 9634.5791, (83) 9 9601-1162.<\/strong><\/p>\n","protected":false},"excerpt":{"rendered":"<p>A Prefeitura de S\u00e3o Sebasti\u00e3o do Umbuzeiro, atrav\u00e9s da Psic\u00f3loga do NASF\u00a0 Eliane santa Cruz, realizou palestra com o grupo de idosos sobre qualidade de&hellip; <\/p>\n","protected":false},"author":2,"featured_media":47981,"comment_status":"closed","ping_status":"closed","sticky":false,"template":"","format":"standard","meta":{"sfsi_plus_gutenberg_text_before_share":"","sfsi_plus_gutenberg_show_text_before_share":"","sfsi_plus_gutenberg_icon_type":"","sfsi_plus_gutenberg_icon_alignemt":"","sfsi_plus_gutenburg_max_per_row":"","footnotes":""},"categories":[6],"tags":[],"class_list":["post-47980","post","type-post","status-publish","format-standard","has-post-thumbnail","hentry","category-cidades"],"_links":{"self":[{"href":"https:\/\/www.caririemacao.com\/1\/wp-json\/wp\/v2\/posts\/47980","targetHints":{"allow":["GET"]}}],"collection":[{"href":"https:\/\/www.caririemacao.com\/1\/wp-json\/wp\/v2\/posts"}],"about":[{"href":"https:\/\/www.caririemacao.com\/1\/wp-json\/wp\/v2\/types\/post"}],"author":[{"embeddable":true,"href":"https:\/\/www.caririemacao.com\/1\/wp-json\/wp\/v2\/users\/2"}],"replies":[{"embeddable":true,"href":"https:\/\/www.caririemacao.com\/1\/wp-json\/wp\/v2\/comments?post=47980"}],"version-history":[{"count":0,"href":"https:\/\/www.caririemacao.com\/1\/wp-json\/wp\/v2\/posts\/47980\/revisions"}],"wp:featuredmedia":[{"embeddable":true,"href":"https:\/\/www.caririemacao.com\/1\/wp-json\/wp\/v2\/media\/47981"}],"wp:attachment":[{"href":"https:\/\/www.caririemacao.com\/1\/wp-json\/wp\/v2\/media?parent=47980"}],"wp:term":[{"taxonomy":"category","embeddable":true,"href":"https:\/\/www.caririemacao.com\/1\/wp-json\/wp\/v2\/categories?post=47980"},{"taxonomy":"post_tag","embeddable":true,"href":"https:\/\/www.caririemacao.com\/1\/wp-json\/wp\/v2\/tags?post=47980"}],"curies":[{"name":"wp","href":"https:\/\/api.w.org\/{rel}","templated":true}]}}