{"id":47985,"date":"2018-04-17T22:20:49","date_gmt":"2018-04-18T01:20:49","guid":{"rendered":"http:\/\/caririemacao.com\/1\/?p=47985"},"modified":"2018-04-17T22:20:49","modified_gmt":"2018-04-18T01:20:49","slug":"governo-federal-libera-cartao-reforma-para-paraiba","status":"publish","type":"post","link":"https:\/\/www.caririemacao.com\/1\/2018\/04\/17\/governo-federal-libera-cartao-reforma-para-paraiba\/","title":{"rendered":"Governo Federal libera Cart\u00e3o Reforma para Para\u00edba"},"content":{"rendered":"<p>O Minist\u00e9rio das Cidades publicou na edi\u00e7\u00e3o dessa segunda-feira (16) do Di\u00e1rio Oficial da Uni\u00e3o a portaria com o resultado da sele\u00e7\u00e3o de propostas para participa\u00e7\u00e3o no Programa Cart\u00e3o Reforma, lan\u00e7ado em mar\u00e7o nos termos do Edital 001\/2018.<\/p>\n<p>Na Para\u00edba foram selecionados 12 projetos apresentados pelos munic\u00edpios de Alagoa Grande, Bananeiras, Guarabira, Jacara\u00fa, Jo\u00e3o Pessoa, Pombal, S\u00e3o Bento, Sol\u00e2nea, Sousa e Vista Serrana, totalizando R$ 9 milh\u00f5es para beneficiamento de aproximadamente 1.580 fam\u00edlias.<\/p>\n<p>Os projetos aprovados para Bananeiras (conjunto residencial Major Augusto Bezerra), S\u00e3o Bento (conjunto residencial Belarmino L\u00facio) e Sol\u00e2nea (conjunto residencial Centro\/Comunidade do Baixio), est\u00e3o entre os 10 munic\u00edpios contemplados, onde ser\u00e3o aplicados quase R$ 3 milh\u00f5es em favor de 450 fam\u00edlias residentes nos conjuntos habitacionais selecionados.<\/p>\n<p>O Programa Cart\u00e3o Reforma, gerido pela Secretaria de Habita\u00e7\u00e3o do Minist\u00e9rio das Cidades tem como objetivo elevar a qualidade de vida urbana por meio de melhoria habitacional para fam\u00edlias de baixa renda, sem necessidade de constru\u00e7\u00e3o de novas unidades.<\/p>\n<p>O deputado federal Efraim filho (DEM) destacou o projeto.\u00a0\u201cA medida visa atender principalmente a popula\u00e7\u00e3o residente em domic\u00edlios pr\u00f3prios, considerados inadequados, a solu\u00e7\u00e3o proposta pelo Minist\u00e9rio s\u00e3o para melhoria de esgotamento sanit\u00e1rio, adensamento excessivo de moradores, cobertura inadequada, aus\u00eancia de unidade sanit\u00e1ria domiciliar exclusiva, alto grau de deprecia\u00e7\u00e3o ou obras n\u00e3o conclu\u00eddas, al\u00e9m de estimular a atividade econ\u00f4mica, o comercio varejista local e a ind\u00fastria de materiais de constru\u00e7\u00e3o, ampliando as vendas no setor\u201d, disse.<\/p>\n<p>&nbsp;<\/p>\n<p><strong>CARIRI EM A\u00c7\u00c3O<\/strong><\/p>\n<p><em>Com Mais PB\/Foto:\u00a0Divulga\u00e7\u00e3o<\/em><\/p>\n<p><strong>Leia mais not\u00edcias em\u00a0<\/strong><a href=\"http:\/\/www.caririemacao.com\/\"><strong>caririemacao.com<\/strong><\/a><strong>, siga nossa p\u00e1gina no\u00a0<\/strong><a href=\"https:\/\/www.facebook.com\/CaririEmAcao\/?ref=aymt_homepage_panel\"><strong>Facebook<\/strong><\/a>,<strong>\u00a0<\/strong><a href=\"https:\/\/www.instagram.com\/cariri_em_acao\/?hl=pt-br\"><strong>Instagram<\/strong><\/a><strong>\u00a0e\u00a0<\/strong><a href=\"https:\/\/www.youtube.com\/channel\/UCAptA0jQuYQy8vMhLt2m4qg\"><strong>Youtube<\/strong><\/a><strong>\u00a0e veja nossas mat\u00e9rias, v\u00eddeos e fotos. Voc\u00ea tamb\u00e9m pode enviar informa\u00e7\u00f5es \u00e0 Reda\u00e7\u00e3o do Portal Cariri em A\u00e7\u00e3o pelo WhatsApp (83) 9 9634.5791, (83) 9 9601-1162.<\/strong><\/p>\n","protected":false},"excerpt":{"rendered":"<p>O Minist\u00e9rio das Cidades publicou na edi\u00e7\u00e3o dessa segunda-feira (16) do Di\u00e1rio Oficial da Uni\u00e3o a portaria com o resultado da sele\u00e7\u00e3o de propostas para&hellip; <\/p>\n","protected":false},"author":2,"featured_media":47986,"comment_status":"closed","ping_status":"closed","sticky":false,"template":"","format":"standard","meta":{"sfsi_plus_gutenberg_text_before_share":"","sfsi_plus_gutenberg_show_text_before_share":"","sfsi_plus_gutenberg_icon_type":"","sfsi_plus_gutenberg_icon_alignemt":"","sfsi_plus_gutenburg_max_per_row":"","footnotes":""},"categories":[2],"tags":[],"class_list":["post-47985","post","type-post","status-publish","format-standard","has-post-thumbnail","hentry","category-geral"],"_links":{"self":[{"href":"https:\/\/www.caririemacao.com\/1\/wp-json\/wp\/v2\/posts\/47985","targetHints":{"allow":["GET"]}}],"collection":[{"href":"https:\/\/www.caririemacao.com\/1\/wp-json\/wp\/v2\/posts"}],"about":[{"href":"https:\/\/www.caririemacao.com\/1\/wp-json\/wp\/v2\/types\/post"}],"author":[{"embeddable":true,"href":"https:\/\/www.caririemacao.com\/1\/wp-json\/wp\/v2\/users\/2"}],"replies":[{"embeddable":true,"href":"https:\/\/www.caririemacao.com\/1\/wp-json\/wp\/v2\/comments?post=47985"}],"version-history":[{"count":0,"href":"https:\/\/www.caririemacao.com\/1\/wp-json\/wp\/v2\/posts\/47985\/revisions"}],"wp:featuredmedia":[{"embeddable":true,"href":"https:\/\/www.caririemacao.com\/1\/wp-json\/wp\/v2\/media\/47986"}],"wp:attachment":[{"href":"https:\/\/www.caririemacao.com\/1\/wp-json\/wp\/v2\/media?parent=47985"}],"wp:term":[{"taxonomy":"category","embeddable":true,"href":"https:\/\/www.caririemacao.com\/1\/wp-json\/wp\/v2\/categories?post=47985"},{"taxonomy":"post_tag","embeddable":true,"href":"https:\/\/www.caririemacao.com\/1\/wp-json\/wp\/v2\/tags?post=47985"}],"curies":[{"name":"wp","href":"https:\/\/api.w.org\/{rel}","templated":true}]}}