{"id":47990,"date":"2018-04-17T22:29:25","date_gmt":"2018-04-18T01:29:25","guid":{"rendered":"http:\/\/caririemacao.com\/1\/?p=47990"},"modified":"2018-04-17T22:29:25","modified_gmt":"2018-04-18T01:29:25","slug":"der-comeca-cadastro-de-motoristas-do-transporte-complementar","status":"publish","type":"post","link":"https:\/\/www.caririemacao.com\/1\/2018\/04\/17\/der-comeca-cadastro-de-motoristas-do-transporte-complementar\/","title":{"rendered":"DER come\u00e7a cadastro de motoristas do transporte complementar"},"content":{"rendered":"<p>O Departamento de Estradas de Rodagem da Para\u00edba (DER-PB) iniciar\u00e1 no dia 23 de abril o cadastramento dos profissionais do servi\u00e7o do transporte p\u00fablico complementar do Estado da Para\u00edba, cujo regulamento foi aprovado pelo decreto estadual de n\u00ba 38196, de 2 de abril de 2018, assinado pelo governador Ricardo Coutinho. O cadastro ser\u00e1 realizado exclusivamente por meio de sistema informatizado pr\u00f3prio a ser disponibilizado no\u00a0Portal da Cidadania do Estado da Para\u00edba\u00a0e pelo APP Portal da Cidadania, nas plataformas IOS e Android, no campo Mobilidade.<\/p>\n<p>De acordo com decis\u00e3o tomada na \u00faltima reuni\u00e3o do Conselho Gestor do Transporte Complementar, para fazer o cadastramento os profissionais do servi\u00e7o do transporte p\u00fablico complementar do Estado da Para\u00edba dever\u00e3o apresentar todos os documentos exigidos no regulamento. O vice-presidente do Conselho Gestor, Jos\u00e9 Arnaldo Souza Lima, lembra que n\u00e3o adianta apresentar no setor de protocolo do DER, pois n\u00e3o ser\u00e3o acolhidos.<\/p>\n<p>Entre os documentos exigidos constam declara\u00e7\u00e3o de entidade legalmente constitu\u00edda que representa a classe do transporte complementar reconhecida pelo Conselho Gestor do STPC\/PB atestando que o requerente exerce a fun\u00e7\u00e3o de motorista do transporte complementar h\u00e1 pelo menos dois anos; comprova\u00e7\u00e3o jur\u00eddica de regularidade profissional; comprovante de aprova\u00e7\u00e3o do requerente de curso especializado para consultores de ve\u00edculos de transporte coletivo de passageiros, conforme as resolu\u00e7\u00f5es do Contran: laudo de inspe\u00e7\u00e3o t\u00e9cnica (LIT) do ve\u00edculo, atrav\u00e9s de empresa habilitada, e ap\u00f3lice de seguro de responsabilidade civil.<\/p>\n<p>Ap\u00f3s deferido o cadastro inicial, o interessado apresentar\u00e1 estudos t\u00e9cnicos da linha pretendida, com discrimina\u00e7\u00e3o de origem e destino, itiner\u00e1rio, quadro de hor\u00e1rio e estimativa da quantidade de passageiros transportados por viagem, a ser definido pelo Conselho do STPC.<\/p>\n<p><strong>CARIRI EM A\u00c7\u00c3O<\/strong><\/p>\n<p><em>Com Portal Correio\/Foto:\u00a0Divulga\u00e7\u00e3o<\/em><\/p>\n<p><strong>Leia mais not\u00edcias em\u00a0<\/strong><a href=\"http:\/\/www.caririemacao.com\/\"><strong>caririemacao.com<\/strong><\/a><strong>, siga nossa p\u00e1gina no\u00a0<\/strong><a href=\"https:\/\/www.facebook.com\/CaririEmAcao\/?ref=aymt_homepage_panel\"><strong>Facebook<\/strong><\/a>,<strong>\u00a0<\/strong><a href=\"https:\/\/www.instagram.com\/cariri_em_acao\/?hl=pt-br\"><strong>Instagram<\/strong><\/a><strong>\u00a0e\u00a0<\/strong><a href=\"https:\/\/www.youtube.com\/channel\/UCAptA0jQuYQy8vMhLt2m4qg\"><strong>Youtube<\/strong><\/a><strong>\u00a0e veja nossas mat\u00e9rias, v\u00eddeos e fotos. Voc\u00ea tamb\u00e9m pode enviar informa\u00e7\u00f5es \u00e0 Reda\u00e7\u00e3o do Portal Cariri em A\u00e7\u00e3o pelo WhatsApp (83) 9 9634.5791, (83) 9 9601-1162.<\/strong><\/p>\n","protected":false},"excerpt":{"rendered":"<p>O Departamento de Estradas de Rodagem da Para\u00edba (DER-PB) iniciar\u00e1 no dia 23 de abril o cadastramento dos profissionais do servi\u00e7o do transporte p\u00fablico complementar&hellip; <\/p>\n","protected":false},"author":2,"featured_media":47991,"comment_status":"closed","ping_status":"closed","sticky":false,"template":"","format":"standard","meta":{"sfsi_plus_gutenberg_text_before_share":"","sfsi_plus_gutenberg_show_text_before_share":"","sfsi_plus_gutenberg_icon_type":"","sfsi_plus_gutenberg_icon_alignemt":"","sfsi_plus_gutenburg_max_per_row":"","footnotes":""},"categories":[2],"tags":[],"class_list":["post-47990","post","type-post","status-publish","format-standard","has-post-thumbnail","hentry","category-geral"],"_links":{"self":[{"href":"https:\/\/www.caririemacao.com\/1\/wp-json\/wp\/v2\/posts\/47990","targetHints":{"allow":["GET"]}}],"collection":[{"href":"https:\/\/www.caririemacao.com\/1\/wp-json\/wp\/v2\/posts"}],"about":[{"href":"https:\/\/www.caririemacao.com\/1\/wp-json\/wp\/v2\/types\/post"}],"author":[{"embeddable":true,"href":"https:\/\/www.caririemacao.com\/1\/wp-json\/wp\/v2\/users\/2"}],"replies":[{"embeddable":true,"href":"https:\/\/www.caririemacao.com\/1\/wp-json\/wp\/v2\/comments?post=47990"}],"version-history":[{"count":0,"href":"https:\/\/www.caririemacao.com\/1\/wp-json\/wp\/v2\/posts\/47990\/revisions"}],"wp:featuredmedia":[{"embeddable":true,"href":"https:\/\/www.caririemacao.com\/1\/wp-json\/wp\/v2\/media\/47991"}],"wp:attachment":[{"href":"https:\/\/www.caririemacao.com\/1\/wp-json\/wp\/v2\/media?parent=47990"}],"wp:term":[{"taxonomy":"category","embeddable":true,"href":"https:\/\/www.caririemacao.com\/1\/wp-json\/wp\/v2\/categories?post=47990"},{"taxonomy":"post_tag","embeddable":true,"href":"https:\/\/www.caririemacao.com\/1\/wp-json\/wp\/v2\/tags?post=47990"}],"curies":[{"name":"wp","href":"https:\/\/api.w.org\/{rel}","templated":true}]}}