{"id":47994,"date":"2018-04-17T22:38:58","date_gmt":"2018-04-18T01:38:58","guid":{"rendered":"http:\/\/caririemacao.com\/1\/?p=47994"},"modified":"2018-04-17T22:38:58","modified_gmt":"2018-04-18T01:38:58","slug":"goleiro-do-flamengo-entra-na-mira-do-sport","status":"publish","type":"post","link":"https:\/\/www.caririemacao.com\/1\/2018\/04\/17\/goleiro-do-flamengo-entra-na-mira-do-sport\/","title":{"rendered":"Goleiro do Flamengo entra na mira do Sport"},"content":{"rendered":"<p><span class=\"news_capital_letter\">C<\/span>om o veterano Magr\u00e3o lesionado e mesmo com Agenor, Lucas e Malson no elenco, o Sport se prepara para ir ao mercado em busca de um goleiro jovem, mas com alguma experi\u00eancia.<\/p>\n<p>De acordo com Guilherme Beltr\u00e3o, vice-presidente do clube pernambucano, C\u00e9sar, do Flamengo, \u00e9 um dos alvos. O arqueiro tem 26 anos e \u00e9 substituto imediato de Diego Costa, uma vez que Julio Cesar vai se aposentar na pr\u00f3xima semana.<\/p>\n<p>\u201cC\u00e9sar \u00e9 um dos nomes de goleiro. \u00c9 o segundo goleiro do Flamengo, J\u00falio C\u00e9sar vai aposentar l\u00e1. Talvez n\u00e3o seja um nome vi\u00e1vel. \u00c9 um dos nomes que focamos, a gente est\u00e1 esperando a resposta\u201d, afirmou o dirigente ao Globoesporte.com.<\/p>\n<p>C\u00e9sar foi revelado pelo Flamengo e est\u00e1 no clube desde 2010.<\/p>\n<p><strong>CARIRI EM A\u00c7\u00c3O<\/strong><\/p>\n<p><em>Com Not\u00edcias ao Minuto\/Foto:Not\u00edcia ao Minuto<\/em><\/p>\n<p><strong>Leia mais not\u00edcias em\u00a0<\/strong><a href=\"http:\/\/www.caririemacao.com\/\"><strong>caririemacao.com<\/strong><\/a><strong>, siga nossa p\u00e1gina no\u00a0<\/strong><a href=\"https:\/\/www.facebook.com\/CaririEmAcao\/?ref=aymt_homepage_panel\"><strong>Facebook<\/strong><\/a>,<strong>\u00a0<\/strong><a href=\"https:\/\/www.instagram.com\/cariri_em_acao\/?hl=pt-br\"><strong>Instagram<\/strong><\/a><strong>\u00a0e\u00a0<\/strong><a href=\"https:\/\/www.youtube.com\/channel\/UCAptA0jQuYQy8vMhLt2m4qg\"><strong>Youtube<\/strong><\/a><strong>\u00a0e veja nossas mat\u00e9rias, v\u00eddeos e fotos. Voc\u00ea tamb\u00e9m pode enviar informa\u00e7\u00f5es \u00e0 Reda\u00e7\u00e3o do Portal Cariri em A\u00e7\u00e3o pelo WhatsApp (83) 9 9634.5791, (83) 9 9601-1162.<\/strong><\/p>\n","protected":false},"excerpt":{"rendered":"<p>Com o veterano Magr\u00e3o lesionado e mesmo com Agenor, Lucas e Malson no elenco, o Sport se prepara para ir ao mercado em busca de&hellip; <\/p>\n","protected":false},"author":2,"featured_media":47995,"comment_status":"closed","ping_status":"closed","sticky":false,"template":"","format":"standard","meta":{"sfsi_plus_gutenberg_text_before_share":"","sfsi_plus_gutenberg_show_text_before_share":"","sfsi_plus_gutenberg_icon_type":"","sfsi_plus_gutenberg_icon_alignemt":"","sfsi_plus_gutenburg_max_per_row":"","footnotes":""},"categories":[13],"tags":[],"class_list":["post-47994","post","type-post","status-publish","format-standard","has-post-thumbnail","hentry","category-esportes"],"_links":{"self":[{"href":"https:\/\/www.caririemacao.com\/1\/wp-json\/wp\/v2\/posts\/47994","targetHints":{"allow":["GET"]}}],"collection":[{"href":"https:\/\/www.caririemacao.com\/1\/wp-json\/wp\/v2\/posts"}],"about":[{"href":"https:\/\/www.caririemacao.com\/1\/wp-json\/wp\/v2\/types\/post"}],"author":[{"embeddable":true,"href":"https:\/\/www.caririemacao.com\/1\/wp-json\/wp\/v2\/users\/2"}],"replies":[{"embeddable":true,"href":"https:\/\/www.caririemacao.com\/1\/wp-json\/wp\/v2\/comments?post=47994"}],"version-history":[{"count":0,"href":"https:\/\/www.caririemacao.com\/1\/wp-json\/wp\/v2\/posts\/47994\/revisions"}],"wp:featuredmedia":[{"embeddable":true,"href":"https:\/\/www.caririemacao.com\/1\/wp-json\/wp\/v2\/media\/47995"}],"wp:attachment":[{"href":"https:\/\/www.caririemacao.com\/1\/wp-json\/wp\/v2\/media?parent=47994"}],"wp:term":[{"taxonomy":"category","embeddable":true,"href":"https:\/\/www.caririemacao.com\/1\/wp-json\/wp\/v2\/categories?post=47994"},{"taxonomy":"post_tag","embeddable":true,"href":"https:\/\/www.caririemacao.com\/1\/wp-json\/wp\/v2\/tags?post=47994"}],"curies":[{"name":"wp","href":"https:\/\/api.w.org\/{rel}","templated":true}]}}