{"id":47997,"date":"2018-04-17T22:44:24","date_gmt":"2018-04-18T01:44:24","guid":{"rendered":"http:\/\/caririemacao.com\/1\/?p=47997"},"modified":"2018-04-17T22:44:24","modified_gmt":"2018-04-18T01:44:24","slug":"bolsonaro-diz-que-nao-pretende-se-licenciar-do-mandato-durante-campanha","status":"publish","type":"post","link":"https:\/\/www.caririemacao.com\/1\/2018\/04\/17\/bolsonaro-diz-que-nao-pretende-se-licenciar-do-mandato-durante-campanha\/","title":{"rendered":"Bolsonaro diz que n\u00e3o pretende se licenciar do mandato durante campanha"},"content":{"rendered":"<p><span class=\"news_capital_letter\">S<\/span>egundo colado nas pesquisas de inten\u00e7\u00e3o de voto, o deputado federal Jair Bolsonaro (PSL-RJ) afirmou que n\u00e3o pretende se licenciar do mandato de deputado federal, mesmo quando a campanha come\u00e7ar de fato, em agosto.<\/p>\n<p>&#8220;N\u00e3o pretendo me licenciar. A princ\u00edpio n\u00e3o. Vou viver como?&#8221;, declarou. Ele disse que vai cumprir &#8220;o m\u00ednimo de presen\u00e7a na C\u00e2mara&#8221;. &#8220;\u00c9 um direito meu&#8221;, afirmou.<\/p>\n<p>Bolsonaro disse tamb\u00e9m ter se preparado para fazer campanha com R$ 1 milh\u00e3o, bem abaixo do teto de R$ 70 milh\u00f5es estabelecido pela Justi\u00e7a Eleitoral. &#8220;Acredite se quiser. N\u00e3o precisa mais do que isso&#8221;, afirmou.<\/p>\n<p>O pr\u00e9-candidato criticou tamb\u00e9m poss\u00edveis rivais na disputa. Sobre Joaquim Barbosa (PSB), o deputado disse que \u00e9 preciso questionar a atua\u00e7\u00e3o do ex-ministro no Supremo Tribunal Federal e minimizou o desempenho dele na \u00faltima pesquisa Datafolha, divulgada no domingo. &#8220;Ele foi sondado mais de um ano atr\u00e1s e est\u00e1 nessa faixa de 7%, 8%. Ent\u00e3o, mant\u00e9m o n\u00edvel de um ano atr\u00e1s&#8221;, afirmou.<\/p>\n<p>Segundo o presidenci\u00e1vel, o ex-ministro dever\u00e1 come\u00e7ar a &#8220;levar tiro&#8221;. &#8220;Tem que ver as bandeiras dele, o que ele defende, perguntar quest\u00f5es b\u00e1sicas, por exemplo, a quest\u00e3o do abordo, da maioridade penal, do desarmamento. A vida pregressa dele dentro do Supremo vai ser questionada. Ele votou para que o (italiano Cesare) Battisti ficasse no Brasil&#8221;, declarou.<\/p>\n<p>O presidenci\u00e1vel do PSL tamb\u00e9m criticou o Minist\u00e9rio P\u00fablico por ter, na avalia\u00e7\u00e3o dele, &#8220;aliviado&#8221; o ex-governador paulista Geraldo Alckmin (PSDB). &#8220;O MP aliviou o Alckmin, n\u00e9. Transformou uma quest\u00e3o que seria criminal em crime eleitoral&#8221;, declarou Bolsonaro. Ele se referia \u00e0 decis\u00e3o do Superior Tribunal de Justi\u00e7a (STJ) que, atendendo pedido da Procuradoria-Geral da Rep\u00fablica (PGR), transferiu para a Justi\u00e7a Eleitoral o processo de suspeita de caixa 2 contra o tucano, com base na dela\u00e7\u00e3o da Odebrecht. A medida livrou Alckmin da Opera\u00e7\u00e3o Lava Jato.<\/p>\n<p>Em sua avalia\u00e7\u00e3o, a pr\u00e9-candidatura de Rodrigo Maia (DEM-RJ) n\u00e3o vai decolar. &#8220;\u00c9 um bom garoto, tem futuro pol\u00edtico pela frente brilhante, est\u00e1 tendo uma experi\u00eancia que acho intimamente que nem ele acreditava ganhar a Casa&#8221;, disse.<\/p>\n<p>Bolsonaro tamb\u00e9m questionou a atua\u00e7\u00e3o do ex-ministro da Fazenda Henrique Meirelles (MDB) como presidente do Conselho de Administra\u00e7\u00e3o do grupo J&amp;F, que fechou acordo de dela\u00e7\u00e3o premiada com a Justi\u00e7a.<\/p>\n<p>Ainda de acordo com o deputado do PSL, o empres\u00e1rio Fl\u00e1vio Rocha, dono das lojas Riachuelo e presidenci\u00e1vel pelo PRB, tamb\u00e9m n\u00e3o se viabilizar\u00e1. &#8220;Ele est\u00e1 com 1%&#8221;, afirmou.<\/p>\n<p><strong>CARIRI EM A\u00c7\u00c3O<\/strong><\/p>\n<p><em>Com Estad\u00e3o\/Foto: reprodu\u00e7\u00e3o google<\/em><\/p>\n<p><strong>Leia mais not\u00edcias em\u00a0<\/strong><a href=\"http:\/\/www.caririemacao.com\/\"><strong>caririemacao.com<\/strong><\/a><strong>, siga nossa p\u00e1gina no\u00a0<\/strong><a href=\"https:\/\/www.facebook.com\/CaririEmAcao\/?ref=aymt_homepage_panel\"><strong>Facebook<\/strong><\/a>,<strong>\u00a0<\/strong><a href=\"https:\/\/www.instagram.com\/cariri_em_acao\/?hl=pt-br\"><strong>Instagram<\/strong><\/a><strong>\u00a0e\u00a0<\/strong><a href=\"https:\/\/www.youtube.com\/channel\/UCAptA0jQuYQy8vMhLt2m4qg\"><strong>Youtube<\/strong><\/a><strong>\u00a0e veja nossas mat\u00e9rias, v\u00eddeos e fotos. Voc\u00ea tamb\u00e9m pode enviar informa\u00e7\u00f5es \u00e0 Reda\u00e7\u00e3o do Portal Cariri em A\u00e7\u00e3o pelo WhatsApp (83) 9 9634.5791, (83) 9 9601-1162.<\/strong><\/p>\n","protected":false},"excerpt":{"rendered":"<p>Segundo colado nas pesquisas de inten\u00e7\u00e3o de voto, o deputado federal Jair Bolsonaro (PSL-RJ) afirmou que n\u00e3o pretende se licenciar do mandato de deputado federal,&hellip; <\/p>\n","protected":false},"author":2,"featured_media":36809,"comment_status":"closed","ping_status":"closed","sticky":false,"template":"","format":"standard","meta":{"sfsi_plus_gutenberg_text_before_share":"","sfsi_plus_gutenberg_show_text_before_share":"","sfsi_plus_gutenberg_icon_type":"","sfsi_plus_gutenberg_icon_alignemt":"","sfsi_plus_gutenburg_max_per_row":"","footnotes":""},"categories":[1],"tags":[],"class_list":["post-47997","post","type-post","status-publish","format-standard","has-post-thumbnail","hentry","category-o-site"],"_links":{"self":[{"href":"https:\/\/www.caririemacao.com\/1\/wp-json\/wp\/v2\/posts\/47997","targetHints":{"allow":["GET"]}}],"collection":[{"href":"https:\/\/www.caririemacao.com\/1\/wp-json\/wp\/v2\/posts"}],"about":[{"href":"https:\/\/www.caririemacao.com\/1\/wp-json\/wp\/v2\/types\/post"}],"author":[{"embeddable":true,"href":"https:\/\/www.caririemacao.com\/1\/wp-json\/wp\/v2\/users\/2"}],"replies":[{"embeddable":true,"href":"https:\/\/www.caririemacao.com\/1\/wp-json\/wp\/v2\/comments?post=47997"}],"version-history":[{"count":0,"href":"https:\/\/www.caririemacao.com\/1\/wp-json\/wp\/v2\/posts\/47997\/revisions"}],"wp:featuredmedia":[{"embeddable":true,"href":"https:\/\/www.caririemacao.com\/1\/wp-json\/wp\/v2\/media\/36809"}],"wp:attachment":[{"href":"https:\/\/www.caririemacao.com\/1\/wp-json\/wp\/v2\/media?parent=47997"}],"wp:term":[{"taxonomy":"category","embeddable":true,"href":"https:\/\/www.caririemacao.com\/1\/wp-json\/wp\/v2\/categories?post=47997"},{"taxonomy":"post_tag","embeddable":true,"href":"https:\/\/www.caririemacao.com\/1\/wp-json\/wp\/v2\/tags?post=47997"}],"curies":[{"name":"wp","href":"https:\/\/api.w.org\/{rel}","templated":true}]}}