{"id":48000,"date":"2018-04-18T08:26:57","date_gmt":"2018-04-18T11:26:57","guid":{"rendered":"http:\/\/caririemacao.com\/1\/?p=48000"},"modified":"2018-04-18T08:26:57","modified_gmt":"2018-04-18T11:26:57","slug":"acude-boqueirao-acumula-volume-dez-vezes-maior-um-ano-apos-chegada-das-aguas-do-sao-francisco","status":"publish","type":"post","link":"https:\/\/www.caririemacao.com\/1\/2018\/04\/18\/acude-boqueirao-acumula-volume-dez-vezes-maior-um-ano-apos-chegada-das-aguas-do-sao-francisco\/","title":{"rendered":"A\u00e7ude Boqueir\u00e3o acumula volume dez vezes maior um ano ap\u00f3s chegada das \u00e1guas do S\u00e3o Francisco"},"content":{"rendered":"<p>Um ano ap\u00f3s o encontro das \u00e1guas do rio S\u00e3o Francisco com as do a\u00e7ude Boqueir\u00e3o, na regi\u00e3o do Cariri paraibano, o manancial acumula o volume h\u00eddrico dez vezes superior ao da \u00e9poca, ultrapassando a marca de 31% de sua capacidade total, o equivalente a quase de 130 milh\u00f5es de metros c\u00fabicos de \u00e1gua, conforme os dados da Ag\u00eancia Executiva de Gest\u00e3o das \u00c1guas do Estado da Para\u00edba (Aesa) informados nesta quarta-feira (18). Segundo o presidente da Aesa, Jo\u00e3o Fernandes, o volume \u00e9 suficiente para manter o abastecimento para popula\u00e7\u00e3o, independente do funcionamento da transposi\u00e7\u00e3o, durante o per\u00edodo m\u00ednimo de dois anos.<\/p>\n<p>Quando as \u00e1guas do S\u00e3o Francisco se encontraram com as de Boqueir\u00e3o em 18 de abril de 2017, o reservat\u00f3rio registrava a marca de apenas 2,9%, pouco mais de 11,9 milh\u00f5es de metros c\u00fabicos de \u00e1gua,\u00a0pior \u00edndice h\u00eddrico desde sua constru\u00e7\u00e3o na d\u00e9cada de 1950.\u00a0A \u00faltima vez que Boqueir\u00e3o havia registrado a marca acima de 30% foi em junho de 2014.<\/p>\n<p>O presidente da Aesa, Jo\u00e3o Fernandes, ressaltou que a realidade h\u00eddrica do manancial \u00e9 totalmente diferente do per\u00edodo da chegada das \u00e1guas do S\u00e3o Francisco. \u201cO encontro das \u00e1guas do rio S\u00e3o Francisco com as do a\u00e7ude Boqueir\u00e3o aconteceu em uma situa\u00e7\u00e3o extremamente cr\u00edtica em consequ\u00eancia da longa seca na regi\u00e3o. H\u00e1 um ano est\u00e1vamos ansiosos lutando por uma condi\u00e7\u00e3o min\u00edma de seguran\u00e7a h\u00eddrica para regi\u00e3o e hoje depois da efetividade do servi\u00e7o da transposi\u00e7\u00e3o, e tamb\u00e9m gra\u00e7as as chuvas, respiramos aliviados o crescimento do volume de \u00e1gua no a\u00e7ude\u201d, disse.<\/p>\n<p>Ainda de acordo com Jo\u00e3o Fernandes, o volume h\u00eddrico acumulado no a\u00e7ude garante uma condi\u00e7\u00e3o de abastecimento, independente do funcionamento do servi\u00e7o da transposi\u00e7\u00e3o do rio S\u00e3o Francisco, pelo per\u00edodo minimo de dois anos, incluindo, as condi\u00e7\u00f5es de evapora\u00e7\u00e3o, retirada de \u00e1gua para irriga\u00e7\u00e3o e outros fatores. \u201cHoje podemos afirmar que existe sim uma boa condi\u00e7\u00e3o h\u00eddrica. Independente da transposi\u00e7\u00e3o temos \u00e1gua para abastecer a popula\u00e7\u00e3o durante o per\u00edodo m\u00ednimo de dois anos, mas evidentemente isso \u00e9 apenas uma suposi\u00e7\u00e3o no sentido de avaliarmos o quanto a situa\u00e7\u00e3o mudou durante o per\u00edodo. Existem outros fatores que envolvem o processo e o uso racional da \u00e1gua deve ser mantido\u201d, comentou.<\/p>\n<h4><strong>Crise h\u00eddrica e racionamento<\/strong><\/h4>\n<div id=\"attachment_95091\" class=\"wp-caption alignright\">\n<p class=\"wp-caption-text\">\n<\/div>\n<p>Respons\u00e1vel pelo abastecimento de Campina Grande e outros 18 munic\u00edpios da regi\u00e3o, o a\u00e7ude come\u00e7ou a registrar condi\u00e7\u00f5es cr\u00edticas a partir do ano de 2014, quando foi implantada a medida de racionamento durante o m\u00eas de dezembro em quest\u00e3o do longo per\u00edodo de seca.<\/p>\n<p>O fim do racionamento aconteceu no dia 25 de agosto do ano passado, ap\u00f3s o manancial atingir o \u00edndice de 8,2% de sua capacidade h\u00eddrica.\u00a0A medida foi encerrada quatro meses depois da chegada das \u00e1guas do S\u00e3o Francisco e gerou pol\u00eamica devido o questionamento sobre a seguran\u00e7a h\u00eddrica para o futuro. O uso da \u00e1gua sem racionamento s\u00f3 foi liberado ap\u00f3s uma decis\u00e3o publicada pelo Tribunal de Justi\u00e7a da Para\u00edba (TJPB).<\/p>\n<h4><strong>Suspens\u00e3o do bombeamento de \u00e1gua na transposi\u00e7\u00e3o<\/strong><\/h4>\n<p>Devido a necessidade de\u00a0obras\u00a0nos a\u00e7udes de Po\u00e7\u00f5es e Camala\u00fa,<strong>\u00a0<\/strong>\u00a0o bombeamento da \u00e1gua\u00a0 no trecho do Eixo Leste da transposi\u00e7\u00e3o do S\u00e3o Francisco pelo rio Para\u00edba at\u00e9 Boqueir\u00e3o foi suspenso pelo Minist\u00e9rio da Integra\u00e7\u00e3o Nacional.\u00a0 As obras foram retomadas em cumprimento do cronograma de servi\u00e7o para conclus\u00e3o do Eixo Leste da transposi\u00e7\u00e3o e devem ser\u00a0 conclu\u00eddas no prazo de at\u00e9 quatro meses.<\/p>\n<p>O especialista em Recursos H\u00eddricos, Isnaldo Costa, avalia que o objetivo da transposi\u00e7\u00e3o est\u00e1 sendo cumprido no estado. \u201cO projeto n\u00e3o foi feito para encher Boqueir\u00e3o e existe uma dificuldade das pessoas entenderem todo o processo. Gra\u00e7as a Deus estamos em um per\u00edodo de chuvas acumulativas para os a\u00e7udes na regi\u00e3o e \u00e9 totalmente normal que o volume acumulado nesse per\u00edodo supere a carga h\u00eddrica trazida pela transposi\u00e7\u00e3o. O importante disso tudo \u00e9 que o volume de \u00e1gua continua crescendo\u201d, disse.As chuvas registradas do per\u00edodo do m\u00eas de janeiro at\u00e9 o atual momento na regi\u00e3o do Cariri,\u00a0onde est\u00e3o localizados os afluentes do a\u00e7ude, s\u00e3o consideradas pela Aesa como fundamentais para o crescimento do volume h\u00eddrico do manancial. A maior recarga h\u00eddrica de Boqueir\u00e3o desde sua \u00faltima sangria, em mar\u00e7o de 2011, foi registrada entre os dias 14 e 15 deste m\u00eas quando o a\u00e7ude recebeu cerca de 13 milh\u00f5es de metros c\u00fabicos de \u00e1gua.<\/p>\n<p>Apesar da situa\u00e7\u00e3o positiva comparada ao per\u00edodo do ano anterior, o especialista faz um alerta para popula\u00e7\u00e3o sobre o uso da \u00e1gua. \u201cVale lembrar que o momento \u00e9 de seguran\u00e7a h\u00eddrica e n\u00e3o de sustentabilidade h\u00eddrica. Isso significa que o cuidado de economia deve ser o mesmo, n\u00e3o \u00e9 porque temos mais \u00e1gua que devemos desperdi\u00e7ar. \u00c1gua \u00e9 um bem finito e deve preservada\u201d, concluiu Isnaldo Costa.<\/p>\n<h4><strong>Abastecimento de Acau\u00e3<\/strong><\/h4>\n<p>Al\u00e9m de Campina Grande e outros 18 munic\u00edpios da regi\u00e3o, o a\u00e7ude Boqueir\u00e3o abastece atualmente\u00a0a barragem de Acau\u00e3, em Itatuba, por meio do rio Para\u00edba.<strong>\u00a0<\/strong>A comporta do reservat\u00f3rio foi aberta em mar\u00e7o como medida de evitar o colapso de \u00e1gua para outros 14 munic\u00edpios\u00a0 atendidos pela barragem.<\/p>\n<p><strong>CARIRI EM A\u00c7\u00c3O<\/strong><\/p>\n<p><em>Com Jornal da Para\u00edba\/Foto:\u00a0Jornal da Para\u00edba<\/em><\/p>\n<p><strong>Leia mais not\u00edcias em\u00a0<\/strong><a href=\"http:\/\/www.caririemacao.com\/\"><strong>caririemacao.com<\/strong><\/a><strong>, siga nossa p\u00e1gina no\u00a0<\/strong><a href=\"https:\/\/www.facebook.com\/CaririEmAcao\/?ref=aymt_homepage_panel\"><strong>Facebook<\/strong><\/a>,<strong>\u00a0<\/strong><a href=\"https:\/\/www.instagram.com\/cariri_em_acao\/?hl=pt-br\"><strong>Instagram<\/strong><\/a><strong>\u00a0e\u00a0<\/strong><a href=\"https:\/\/www.youtube.com\/channel\/UCAptA0jQuYQy8vMhLt2m4qg\"><strong>Youtube<\/strong><\/a><strong>\u00a0e veja nossas mat\u00e9rias, v\u00eddeos e fotos. Voc\u00ea tamb\u00e9m pode enviar informa\u00e7\u00f5es \u00e0 Reda\u00e7\u00e3o do Portal Cariri em A\u00e7\u00e3o pelo WhatsApp (83) 9 9634.5791, (83) 9 9601-1162.<\/strong><\/p>\n","protected":false},"excerpt":{"rendered":"<p>Um ano ap\u00f3s o encontro das \u00e1guas do rio S\u00e3o Francisco com as do a\u00e7ude Boqueir\u00e3o, na regi\u00e3o do Cariri paraibano, o manancial acumula o&hellip; <\/p>\n","protected":false},"author":2,"featured_media":48001,"comment_status":"closed","ping_status":"closed","sticky":false,"template":"","format":"standard","meta":{"sfsi_plus_gutenberg_text_before_share":"","sfsi_plus_gutenberg_show_text_before_share":"","sfsi_plus_gutenberg_icon_type":"","sfsi_plus_gutenberg_icon_alignemt":"","sfsi_plus_gutenburg_max_per_row":"","footnotes":""},"categories":[2],"tags":[],"class_list":["post-48000","post","type-post","status-publish","format-standard","has-post-thumbnail","hentry","category-geral"],"_links":{"self":[{"href":"https:\/\/www.caririemacao.com\/1\/wp-json\/wp\/v2\/posts\/48000","targetHints":{"allow":["GET"]}}],"collection":[{"href":"https:\/\/www.caririemacao.com\/1\/wp-json\/wp\/v2\/posts"}],"about":[{"href":"https:\/\/www.caririemacao.com\/1\/wp-json\/wp\/v2\/types\/post"}],"author":[{"embeddable":true,"href":"https:\/\/www.caririemacao.com\/1\/wp-json\/wp\/v2\/users\/2"}],"replies":[{"embeddable":true,"href":"https:\/\/www.caririemacao.com\/1\/wp-json\/wp\/v2\/comments?post=48000"}],"version-history":[{"count":0,"href":"https:\/\/www.caririemacao.com\/1\/wp-json\/wp\/v2\/posts\/48000\/revisions"}],"wp:featuredmedia":[{"embeddable":true,"href":"https:\/\/www.caririemacao.com\/1\/wp-json\/wp\/v2\/media\/48001"}],"wp:attachment":[{"href":"https:\/\/www.caririemacao.com\/1\/wp-json\/wp\/v2\/media?parent=48000"}],"wp:term":[{"taxonomy":"category","embeddable":true,"href":"https:\/\/www.caririemacao.com\/1\/wp-json\/wp\/v2\/categories?post=48000"},{"taxonomy":"post_tag","embeddable":true,"href":"https:\/\/www.caririemacao.com\/1\/wp-json\/wp\/v2\/tags?post=48000"}],"curies":[{"name":"wp","href":"https:\/\/api.w.org\/{rel}","templated":true}]}}