{"id":48003,"date":"2018-04-18T08:31:21","date_gmt":"2018-04-18T11:31:21","guid":{"rendered":"http:\/\/caririemacao.com\/1\/?p=48003"},"modified":"2018-04-18T08:31:21","modified_gmt":"2018-04-18T11:31:21","slug":"cheias-em-acudes-garantem-abastecimento-de-patos-pb-ate-inverno-de-2019","status":"publish","type":"post","link":"https:\/\/www.caririemacao.com\/1\/2018\/04\/18\/cheias-em-acudes-garantem-abastecimento-de-patos-pb-ate-inverno-de-2019\/","title":{"rendered":"Cheias em a\u00e7udes garantem abastecimento de Patos, PB, at\u00e9 inverno de 2019"},"content":{"rendered":"<div class=\"mc-column content-text active-extra-styles active-capital-letter\" data-block-type=\"unstyled\" data-block-weight=\"50\" data-block-id=\"2\">\n<p class=\"content-text__container theme-color-primary-first-letter\" data-track-category=\"Link no Texto\" data-track-links=\"\">Os a\u00e7udes de Patos sofreram uma recarga desde o in\u00edcio das chuvas, no m\u00eas de mar\u00e7o, que garante o abastecimento da popula\u00e7\u00e3o at\u00e9 o inverno de 2019, segundo a Cagepa Regional das Espinharas. O melhor registro foi no a\u00e7ude da Farinha, atualmente com 47% da sua capacidade total de \u00e1guas.<\/p>\n<\/div>\n<div class=\"mc-column content-text active-extra-styles \" data-block-type=\"unstyled\" data-block-weight=\"26\" data-block-id=\"3\">\n<p class=\"content-text__container \" data-track-category=\"Link no Texto\" data-track-links=\"\">A barragem da Farinha, em janeiro de 2018, estava no seu volume morto. Neste m\u00eas de abril, o a\u00e7ude j\u00e1 apresenta 12,2 milh\u00f5es de metros c\u00fabicos.<\/p>\n<\/div>\n<div class=\"mc-column content-text active-extra-styles \" data-block-type=\"unstyled\" data-block-weight=\"57\" data-block-id=\"4\">\n<p class=\"content-text__container \" data-track-category=\"Link no Texto\" data-track-links=\"\">A cidade de Patos ainda \u00e9 abastecida por mais dois a\u00e7udes. Um deles \u00e9 o a\u00e7ude Capoeira, na Zona Rural de Santa Terezinha. A barragem est\u00e1 bem perto de atingir os 10% da capacidade total. Houve um acr\u00e9scimo no volume de 3,6% desde janeiro deste ano. O maior problema \u00e9 a vegeta\u00e7\u00e3o, que tomou conta do a\u00e7ude.<\/p>\n<\/div>\n<div class=\"mc-column content-text active-extra-styles \" data-block-type=\"unstyled\" data-block-weight=\"45\" data-block-id=\"5\">\n<p class=\"content-text__container \" data-track-category=\"Link no Texto\" data-track-links=\"\">O a\u00e7ude Jatob\u00e1, que tamb\u00e9m abastece a popula\u00e7\u00e3o de Patos, esteve totalmente seco este ano. No entanto, os n\u00fameros da Ag\u00eancia Executiva de Gest\u00e3o das \u00c1guas (Aesa) j\u00e1 apontam que o a\u00e7ude atingiu 7,85% da capacidade, chegando a 1,3 milh\u00f5es de metros c\u00fabicos de \u00e1gua.<\/p>\n<\/div>\n<div data-track-category=\"fim do conteudo\" data-track-action=\"ultimo chunk conteudo\" data-track-noninteraction=\"false\" data-track-scroll=\"entrada completa viewport\">\n<div class=\"mc-column content-text active-extra-styles \" data-block-type=\"unstyled\" data-block-weight=\"46\" data-block-id=\"6\">\n<p class=\"content-text__container \" data-track-category=\"Link no Texto\" data-track-links=\"\">Mesmo com a seguran\u00e7a h\u00eddrica apresentada ap\u00f3s a eleva\u00e7\u00e3o dos n\u00edveis dos tr\u00eas a\u00e7udes que abastecem a cidade de Patos, o abastecimento segue o cronograma de revezamento. A cidade foi dividida em 4 \u00e1reas. S\u00e3o tr\u00eas dias com \u00e1gua nas torneiras e um dia sem abastecimento.<\/p>\n<p><strong>CARIRI EM A\u00c7\u00c3O<\/strong><\/p>\n<p><em>Com G1\/Foto:\u00a0\u00a0Reprodu\u00e7\u00e3o\/TV Para\u00edba<\/em><\/p>\n<p><strong>Leia mais not\u00edcias em\u00a0<\/strong><a href=\"http:\/\/www.caririemacao.com\/\"><strong>caririemacao.com<\/strong><\/a><strong>, siga nossa p\u00e1gina no\u00a0<\/strong><a href=\"https:\/\/www.facebook.com\/CaririEmAcao\/?ref=aymt_homepage_panel\"><strong>Facebook<\/strong><\/a>,<strong>\u00a0<\/strong><a href=\"https:\/\/www.instagram.com\/cariri_em_acao\/?hl=pt-br\"><strong>Instagram<\/strong><\/a><strong>\u00a0e\u00a0<\/strong><a href=\"https:\/\/www.youtube.com\/channel\/UCAptA0jQuYQy8vMhLt2m4qg\"><strong>Youtube<\/strong><\/a><strong>\u00a0e veja nossas mat\u00e9rias, v\u00eddeos e fotos. Voc\u00ea tamb\u00e9m pode enviar informa\u00e7\u00f5es \u00e0 Reda\u00e7\u00e3o do Portal Cariri em A\u00e7\u00e3o pelo WhatsApp (83) 9 9634.5791, (83) 9 9601-1162.<\/strong><\/p>\n<\/div>\n<\/div>\n","protected":false},"excerpt":{"rendered":"<p>Os a\u00e7udes de Patos sofreram uma recarga desde o in\u00edcio das chuvas, no m\u00eas de mar\u00e7o, que garante o abastecimento da popula\u00e7\u00e3o at\u00e9 o inverno&hellip; <\/p>\n","protected":false},"author":2,"featured_media":48004,"comment_status":"closed","ping_status":"closed","sticky":false,"template":"","format":"standard","meta":{"sfsi_plus_gutenberg_text_before_share":"","sfsi_plus_gutenberg_show_text_before_share":"","sfsi_plus_gutenberg_icon_type":"","sfsi_plus_gutenberg_icon_alignemt":"","sfsi_plus_gutenburg_max_per_row":"","footnotes":""},"categories":[2],"tags":[],"class_list":["post-48003","post","type-post","status-publish","format-standard","has-post-thumbnail","hentry","category-geral"],"_links":{"self":[{"href":"https:\/\/www.caririemacao.com\/1\/wp-json\/wp\/v2\/posts\/48003","targetHints":{"allow":["GET"]}}],"collection":[{"href":"https:\/\/www.caririemacao.com\/1\/wp-json\/wp\/v2\/posts"}],"about":[{"href":"https:\/\/www.caririemacao.com\/1\/wp-json\/wp\/v2\/types\/post"}],"author":[{"embeddable":true,"href":"https:\/\/www.caririemacao.com\/1\/wp-json\/wp\/v2\/users\/2"}],"replies":[{"embeddable":true,"href":"https:\/\/www.caririemacao.com\/1\/wp-json\/wp\/v2\/comments?post=48003"}],"version-history":[{"count":0,"href":"https:\/\/www.caririemacao.com\/1\/wp-json\/wp\/v2\/posts\/48003\/revisions"}],"wp:featuredmedia":[{"embeddable":true,"href":"https:\/\/www.caririemacao.com\/1\/wp-json\/wp\/v2\/media\/48004"}],"wp:attachment":[{"href":"https:\/\/www.caririemacao.com\/1\/wp-json\/wp\/v2\/media?parent=48003"}],"wp:term":[{"taxonomy":"category","embeddable":true,"href":"https:\/\/www.caririemacao.com\/1\/wp-json\/wp\/v2\/categories?post=48003"},{"taxonomy":"post_tag","embeddable":true,"href":"https:\/\/www.caririemacao.com\/1\/wp-json\/wp\/v2\/tags?post=48003"}],"curies":[{"name":"wp","href":"https:\/\/api.w.org\/{rel}","templated":true}]}}