{"id":48006,"date":"2018-04-18T08:35:52","date_gmt":"2018-04-18T11:35:52","guid":{"rendered":"http:\/\/caririemacao.com\/1\/?p=48006"},"modified":"2018-04-18T08:35:52","modified_gmt":"2018-04-18T11:35:52","slug":"divulgados-locais-de-prova-do-concurso-da-sedurb-em-joao-pessoa","status":"publish","type":"post","link":"https:\/\/www.caririemacao.com\/1\/2018\/04\/18\/divulgados-locais-de-prova-do-concurso-da-sedurb-em-joao-pessoa\/","title":{"rendered":"Divulgados locais de prova do concurso da Sedurb, em Jo\u00e3o Pessoa"},"content":{"rendered":"<div class=\"mc-column content-text active-extra-styles active-capital-letter\" data-block-type=\"unstyled\" data-block-weight=\"58\" data-block-id=\"1\">\n<p class=\"content-text__container theme-color-primary-first-letter\" data-track-category=\"Link no Texto\" data-track-links=\"\">Os locais de provas para o\u00a0concurso p\u00fablico da Secretaria de Desenvolvimento Urbano (Sedurb) de Jo\u00e3o Pessoa foram divulgados na tarde desta ter\u00e7a-feira (17). Os candidatos inscritos devem conferir o local onde v\u00e3o fazer a prova objetiva\u00a0no site da organizadora, o Instituto Brasileiro de Apoio e Desenvolvimento Executivo (Ibade). As provas v\u00e3o ser aplicadas neste domingo (22).<\/p>\n<\/div>\n<div class=\"mc-column content-text active-extra-styles \" data-block-type=\"unstyled\" data-block-weight=\"50\" data-block-id=\"2\">\n<p class=\"content-text__container \" data-track-category=\"Link no Texto\" data-track-links=\"\">Segundo consta no edital, a identifica\u00e7\u00e3o do local de realiza\u00e7\u00e3o das provas \u00e9 de responsabilidade exclusiva do candidato. Estes tamb\u00e9m devem ficar atentos \u00e0s recomenda\u00e7\u00f5es da banca organizadora sobre o hor\u00e1rio e fechamento dos port\u00f5es, al\u00e9m de outras recomenda\u00e7\u00f5es. As infra\u00e7\u00f5es podem resultar na exclus\u00e3o do candidato no concurso p\u00fablico.<\/p>\n<\/div>\n<div class=\"mc-column content-text active-extra-styles\" data-block-type=\"raw\" data-block-weight=\"5\" data-block-id=\"3\">\n<div class=\"content-intertitle\">\n<h2>Vagas do concurso da Sedurb<\/h2>\n<\/div>\n<\/div>\n<div class=\"mc-column content-text active-extra-styles \" data-block-type=\"unstyled\" data-block-weight=\"47\" data-block-id=\"4\">\n<p class=\"content-text__container \" data-track-category=\"Link no Texto\" data-track-links=\"\">As 70 vagas para o cargo de Agente de Controle Urbano s\u00e3o para candidatos que conclu\u00edram o n\u00edvel m\u00e9dio, sendo quatro destas destinadas para pessoa com defici\u00eancia, e com escolaridade reconhecida pelo Minist\u00e9rio da Educa\u00e7\u00e3o (MEC). O sal\u00e1rio inicial para os novos contratados \u00e9 de R$ 1.238,37.<\/p>\n<\/div>\n<div class=\"mc-column content-text active-extra-styles \" data-block-type=\"unstyled\" data-block-weight=\"47\" data-block-id=\"5\">\n<p class=\"content-text__container \" data-track-category=\"Link no Texto\" data-track-links=\"\">A divulga\u00e7\u00e3o do gabarito da prova objetiva ser\u00e1 divulgada na segunda-feira (23), a partir das 16h. A primeira fase do concurso \u00e9 composta de uma prova com 70 quest\u00f5es sobre conhecimentos b\u00e1sicos e espec\u00edficos. A segunda fase ser\u00e1 dividida entre exame psicot\u00e9cnico e prova de habilidade f\u00edsica.<\/p>\n<\/div>\n<div data-track-category=\"fim do conteudo\" data-track-action=\"ultimo chunk conteudo\" data-track-noninteraction=\"false\" data-track-scroll=\"entrada completa viewport\">\n<div class=\"mc-column content-text active-extra-styles \" data-block-type=\"unstyled\" data-block-weight=\"27\" data-block-id=\"6\">\n<p class=\"content-text__container \" data-track-category=\"Link no Texto\" data-track-links=\"\">Os 70 novos profissionais devem ser chamados ainda este ano, logo ap\u00f3s a homologa\u00e7\u00e3o do concurso e cumprir\u00e3o uma jornada de trabalho composta de 40 horas semanais.<\/p>\n<p><strong>CARIRI EM A\u00c7\u00c3O<\/strong><\/p>\n<p><em>Com G1\/Foto: Reprodu\u00e7\u00e3o google<\/em><\/p>\n<p><strong>Leia mais not\u00edcias em\u00a0<\/strong><a href=\"http:\/\/www.caririemacao.com\/\"><strong>caririemacao.com<\/strong><\/a><strong>, siga nossa p\u00e1gina no\u00a0<\/strong><a href=\"https:\/\/www.facebook.com\/CaririEmAcao\/?ref=aymt_homepage_panel\"><strong>Facebook<\/strong><\/a>,<strong>\u00a0<\/strong><a href=\"https:\/\/www.instagram.com\/cariri_em_acao\/?hl=pt-br\"><strong>Instagram<\/strong><\/a><strong>\u00a0e\u00a0<\/strong><a href=\"https:\/\/www.youtube.com\/channel\/UCAptA0jQuYQy8vMhLt2m4qg\"><strong>Youtube<\/strong><\/a><strong>\u00a0e veja nossas mat\u00e9rias, v\u00eddeos e fotos. Voc\u00ea tamb\u00e9m pode enviar informa\u00e7\u00f5es \u00e0 Reda\u00e7\u00e3o do Portal Cariri em A\u00e7\u00e3o pelo WhatsApp (83) 9 9634.5791, (83) 9 9601-1162.<\/strong><\/p>\n<\/div>\n<\/div>\n","protected":false},"excerpt":{"rendered":"<p>Os locais de provas para o\u00a0concurso p\u00fablico da Secretaria de Desenvolvimento Urbano (Sedurb) de Jo\u00e3o Pessoa foram divulgados na tarde desta ter\u00e7a-feira (17). Os candidatos&hellip; <\/p>\n","protected":false},"author":2,"featured_media":48007,"comment_status":"closed","ping_status":"closed","sticky":false,"template":"","format":"standard","meta":{"sfsi_plus_gutenberg_text_before_share":"","sfsi_plus_gutenberg_show_text_before_share":"","sfsi_plus_gutenberg_icon_type":"","sfsi_plus_gutenberg_icon_alignemt":"","sfsi_plus_gutenburg_max_per_row":"","footnotes":""},"categories":[2],"tags":[],"class_list":["post-48006","post","type-post","status-publish","format-standard","has-post-thumbnail","hentry","category-geral"],"_links":{"self":[{"href":"https:\/\/www.caririemacao.com\/1\/wp-json\/wp\/v2\/posts\/48006","targetHints":{"allow":["GET"]}}],"collection":[{"href":"https:\/\/www.caririemacao.com\/1\/wp-json\/wp\/v2\/posts"}],"about":[{"href":"https:\/\/www.caririemacao.com\/1\/wp-json\/wp\/v2\/types\/post"}],"author":[{"embeddable":true,"href":"https:\/\/www.caririemacao.com\/1\/wp-json\/wp\/v2\/users\/2"}],"replies":[{"embeddable":true,"href":"https:\/\/www.caririemacao.com\/1\/wp-json\/wp\/v2\/comments?post=48006"}],"version-history":[{"count":0,"href":"https:\/\/www.caririemacao.com\/1\/wp-json\/wp\/v2\/posts\/48006\/revisions"}],"wp:featuredmedia":[{"embeddable":true,"href":"https:\/\/www.caririemacao.com\/1\/wp-json\/wp\/v2\/media\/48007"}],"wp:attachment":[{"href":"https:\/\/www.caririemacao.com\/1\/wp-json\/wp\/v2\/media?parent=48006"}],"wp:term":[{"taxonomy":"category","embeddable":true,"href":"https:\/\/www.caririemacao.com\/1\/wp-json\/wp\/v2\/categories?post=48006"},{"taxonomy":"post_tag","embeddable":true,"href":"https:\/\/www.caririemacao.com\/1\/wp-json\/wp\/v2\/tags?post=48006"}],"curies":[{"name":"wp","href":"https:\/\/api.w.org\/{rel}","templated":true}]}}