{"id":48009,"date":"2018-04-18T08:39:22","date_gmt":"2018-04-18T11:39:22","guid":{"rendered":"http:\/\/caririemacao.com\/1\/?p=48009"},"modified":"2018-04-18T08:39:22","modified_gmt":"2018-04-18T11:39:22","slug":"mdb-diz-que-resistira-a-imposicao-de-chapa-e-que-quer-alianca-com-oposicoes-genuinas","status":"publish","type":"post","link":"https:\/\/www.caririemacao.com\/1\/2018\/04\/18\/mdb-diz-que-resistira-a-imposicao-de-chapa-e-que-quer-alianca-com-oposicoes-genuinas\/","title":{"rendered":"MDB diz que resistir\u00e1 \u00e0 imposi\u00e7\u00e3o de chapa e que quer alian\u00e7a com oposi\u00e7\u00f5es genu\u00ednas"},"content":{"rendered":"<p>A hist\u00f3ria do Movimento Democr\u00e1tico Brasileiro sempre foi pautada pela ideia de oposi\u00e7\u00e3o, resist\u00eancia e apoio ao povo brasileiro. A sigla esteve \u00e0 frente de momentos importantes no pa\u00eds, como o processo de redemocratiza\u00e7\u00e3o. Portanto, n\u00e3o \u00e9 um partido que costuma se submeter \u00e0 imposi\u00e7\u00f5es.<\/p>\n<p>Em 2018, o MDB renovou seu compromisso com os ideais prim\u00e1rios. E se baseando neles, afirmou n\u00e3o poder apoiar uma chapa totalmente imposta e criada nos bastidores pol\u00edticos.<\/p>\n<p>V\u00e1rios nomes do partido, que tamb\u00e9m n\u00e3o corroboram com tal atitude, v\u00eam manifestando apoio e reconhecendo que essa \u00e9 a ocasi\u00e3o prop\u00edcia para mostrar que o Movimento Democr\u00e1tico Brasileiro na PB levanta a bandeira do povo.<\/p>\n<p>Jullys Marcelo, Raniery Paulino e Roberto Paulino n\u00e3o apenas se mantiveram na legenda, como vem manifestando apoio total: \u201cO MDB \u00e9 feito por mulheres e homens resilientes, que mesmo dentro das adversidades resistem\u201d, declarou o deputado estadual Raniery Paulino.<\/p>\n<p>De volta ao quadro do MDB, o deputado federal Benjamim Maranh\u00e3o \u00e9 mais um dos que endossam o entendimento de que o MDB n\u00e3o \u00e9 partido que se dobra diante de imposi\u00e7\u00f5es.<\/p>\n<p>O deputado estadual Jandhuy Carneiro fez quest\u00e3o de declarar que a oposi\u00e7\u00e3o deveria se unir em torno da pr\u00e9-candidatura do senador ao governo do estado. Ou seja, existem opini\u00f5es divergentes que precisam ser ouvidas. Mas o que eles fizeram? Exclu\u00edram alguns de sua \u201creuni\u00e3o secreta\u201d.<\/p>\n<p>Diante disso, o presidente do MDB n\u00e3o se curvou. Ao contr\u00e1rio, sua pr\u00e9-candidatura se fortalece e cresce a cada dia,\u00a0 com o di\u00e1logo aberto com legendas, que, inclusive, j\u00e1 vem manifestando rep\u00fadio \u00e0 maneira pela qual essa chapa foi criada.<\/p>\n<p>Aguinaldo Ribeiro do PP declarou desconhecer defini\u00e7\u00e3o da chapa de oposi\u00e7\u00e3o, com Luc\u00e9lio Cartaxo (PV) \u00e0 frente. E o PR, do deputado federal Wellington Roberto, lamentou ter sido exclu\u00eddo da reuni\u00e3o que definiu o nome da chapa dita de oposi\u00e7\u00e3o.<\/p>\n<p>Assim, fica muito claro para todos que fazemos a oposi\u00e7\u00e3o, que tudo de fato foi decidido \u00e0s escuras da maioria, com objetivos muito particulares. Por fim, reiteramos nosso compromisso com o povo da Para\u00edba de mais uma vez n\u00e3o nos curvarmos diante de imposi\u00e7\u00f5es, mas lutarmos de maneira limpa e em prol do bem coletivo.<\/p>\n<p><strong>CARIRI EM A\u00c7\u00c3O<\/strong><\/p>\n<p><em>Wscom Com Bastidores da Pol\u00edtica PB\/Foto: Reprodu\u00e7\u00e3o google<\/em><\/p>\n<p><strong>Leia mais not\u00edcias em\u00a0<\/strong><a href=\"http:\/\/www.caririemacao.com\/\"><strong>caririemacao.com<\/strong><\/a><strong>, siga nossa p\u00e1gina no\u00a0<\/strong><a href=\"https:\/\/www.facebook.com\/CaririEmAcao\/?ref=aymt_homepage_panel\"><strong>Facebook<\/strong><\/a>,<strong>\u00a0<\/strong><a href=\"https:\/\/www.instagram.com\/cariri_em_acao\/?hl=pt-br\"><strong>Instagram<\/strong><\/a><strong>\u00a0e\u00a0<\/strong><a href=\"https:\/\/www.youtube.com\/channel\/UCAptA0jQuYQy8vMhLt2m4qg\"><strong>Youtube<\/strong><\/a><strong>\u00a0e veja nossas mat\u00e9rias, v\u00eddeos e fotos. Voc\u00ea tamb\u00e9m pode enviar informa\u00e7\u00f5es \u00e0 Reda\u00e7\u00e3o do Portal Cariri em A\u00e7\u00e3o pelo WhatsApp (83) 9 9634.5791, (83) 9 9601-1162.<\/strong><\/p>\n","protected":false},"excerpt":{"rendered":"<p>A hist\u00f3ria do Movimento Democr\u00e1tico Brasileiro sempre foi pautada pela ideia de oposi\u00e7\u00e3o, resist\u00eancia e apoio ao povo brasileiro. A sigla esteve \u00e0 frente de&hellip; <\/p>\n","protected":false},"author":2,"featured_media":48010,"comment_status":"closed","ping_status":"closed","sticky":false,"template":"","format":"standard","meta":{"sfsi_plus_gutenberg_text_before_share":"","sfsi_plus_gutenberg_show_text_before_share":"","sfsi_plus_gutenberg_icon_type":"","sfsi_plus_gutenberg_icon_alignemt":"","sfsi_plus_gutenburg_max_per_row":"","footnotes":""},"categories":[11],"tags":[],"class_list":["post-48009","post","type-post","status-publish","format-standard","has-post-thumbnail","hentry","category-politica"],"_links":{"self":[{"href":"https:\/\/www.caririemacao.com\/1\/wp-json\/wp\/v2\/posts\/48009","targetHints":{"allow":["GET"]}}],"collection":[{"href":"https:\/\/www.caririemacao.com\/1\/wp-json\/wp\/v2\/posts"}],"about":[{"href":"https:\/\/www.caririemacao.com\/1\/wp-json\/wp\/v2\/types\/post"}],"author":[{"embeddable":true,"href":"https:\/\/www.caririemacao.com\/1\/wp-json\/wp\/v2\/users\/2"}],"replies":[{"embeddable":true,"href":"https:\/\/www.caririemacao.com\/1\/wp-json\/wp\/v2\/comments?post=48009"}],"version-history":[{"count":0,"href":"https:\/\/www.caririemacao.com\/1\/wp-json\/wp\/v2\/posts\/48009\/revisions"}],"wp:featuredmedia":[{"embeddable":true,"href":"https:\/\/www.caririemacao.com\/1\/wp-json\/wp\/v2\/media\/48010"}],"wp:attachment":[{"href":"https:\/\/www.caririemacao.com\/1\/wp-json\/wp\/v2\/media?parent=48009"}],"wp:term":[{"taxonomy":"category","embeddable":true,"href":"https:\/\/www.caririemacao.com\/1\/wp-json\/wp\/v2\/categories?post=48009"},{"taxonomy":"post_tag","embeddable":true,"href":"https:\/\/www.caririemacao.com\/1\/wp-json\/wp\/v2\/tags?post=48009"}],"curies":[{"name":"wp","href":"https:\/\/api.w.org\/{rel}","templated":true}]}}