{"id":48023,"date":"2018-04-18T09:14:55","date_gmt":"2018-04-18T12:14:55","guid":{"rendered":"http:\/\/caririemacao.com\/1\/?p=48023"},"modified":"2018-04-18T09:14:55","modified_gmt":"2018-04-18T12:14:55","slug":"prefeitura-da-prata-promove-capacitacao-em-educacao-inclusiva","status":"publish","type":"post","link":"https:\/\/www.caririemacao.com\/1\/2018\/04\/18\/prefeitura-da-prata-promove-capacitacao-em-educacao-inclusiva\/","title":{"rendered":"Prefeitura da Prata promove capacita\u00e7\u00e3o em educa\u00e7\u00e3o inclusiva"},"content":{"rendered":"<p style=\"font-weight: 400;\">A prefeitura Municipal da Prata est\u00e1 promovendo uma grande capacita\u00e7\u00e3o em educa\u00e7\u00e3o inclusiva no munic\u00edpio.<\/p>\n<p style=\"font-weight: 400;\">O p\u00fablico alvo s\u00e3o os Professores do Ensino e Atendimento Especializado. A a\u00e7\u00e3o ocorre entre 16 a 19 de abril.<\/p>\n<p style=\"font-weight: 400;\">A educa\u00e7\u00e3o inclusiva \u00e9 essencial na forma\u00e7\u00e3o e constru\u00e7\u00e3o do car\u00e1ter do indiv\u00edduo ainda na inf\u00e2ncia. A educa\u00e7\u00e3o inclusiva hoje vive um novo tempo, onde assegura a todos a igualdade de condi\u00e7\u00f5es para o acesso e a perman\u00eancia na escola.<\/p>\n<p style=\"font-weight: 400;\">\u201cEstamos dando total suporte a toda t\u00e9cnica ou inova\u00e7\u00e3o educacional que venha a somar no aprendizado e na qualidade da educa\u00e7\u00e3o oferecida aos nossos alunos\u201d, afirmou o prefeito J\u00fanior N\u00f3brega.<\/p>\n<p><a href=\"http:\/\/caririemacao.com\/1\/?attachment_id=48024\" rel=\"attachment wp-att-48024\"><img fetchpriority=\"high\" decoding=\"async\" class=\"aligncenter size-full wp-image-48024\" src=\"http:\/\/caririemacao.com\/1\/wp-content\/uploads\/2018\/04\/T2-1.jpg\" alt=\"\" width=\"1280\" height=\"719\" srcset=\"https:\/\/www.caririemacao.com\/1\/wp-content\/uploads\/2018\/04\/T2-1.jpg 1280w, https:\/\/www.caririemacao.com\/1\/wp-content\/uploads\/2018\/04\/T2-1-300x169.jpg 300w, https:\/\/www.caririemacao.com\/1\/wp-content\/uploads\/2018\/04\/T2-1-768x431.jpg 768w, https:\/\/www.caririemacao.com\/1\/wp-content\/uploads\/2018\/04\/T2-1-1024x575.jpg 1024w\" sizes=\"(max-width: 1280px) 100vw, 1280px\" \/><\/a><\/p>\n<p><strong>CARIRI EM A\u00c7\u00c3O<\/strong><\/p>\n<p><em>Com Tribuna do Cariri<\/em><\/p>\n<p><strong>Leia mais not\u00edcias em\u00a0<\/strong><a href=\"http:\/\/www.caririemacao.com\/\"><strong>caririemacao.com<\/strong><\/a><strong>, siga nossa p\u00e1gina no\u00a0<\/strong><a href=\"https:\/\/www.facebook.com\/CaririEmAcao\/?ref=aymt_homepage_panel\"><strong>Facebook<\/strong><\/a>,<strong>\u00a0<\/strong><a href=\"https:\/\/www.instagram.com\/cariri_em_acao\/?hl=pt-br\"><strong>Instagram<\/strong><\/a><strong>\u00a0e\u00a0<\/strong><a href=\"https:\/\/www.youtube.com\/channel\/UCAptA0jQuYQy8vMhLt2m4qg\"><strong>Youtube<\/strong><\/a><strong>\u00a0e veja nossas mat\u00e9rias, v\u00eddeos e fotos. Voc\u00ea tamb\u00e9m pode enviar informa\u00e7\u00f5es \u00e0 Reda\u00e7\u00e3o do Portal Cariri em A\u00e7\u00e3o pelo WhatsApp (83) 9 9634.5791, (83) 9 9601-1162.<\/strong><\/p>\n","protected":false},"excerpt":{"rendered":"<p>A prefeitura Municipal da Prata est\u00e1 promovendo uma grande capacita\u00e7\u00e3o em educa\u00e7\u00e3o inclusiva no munic\u00edpio. O p\u00fablico alvo s\u00e3o os Professores do Ensino e Atendimento&hellip; <\/p>\n","protected":false},"author":2,"featured_media":27803,"comment_status":"closed","ping_status":"closed","sticky":false,"template":"","format":"standard","meta":{"sfsi_plus_gutenberg_text_before_share":"","sfsi_plus_gutenberg_show_text_before_share":"","sfsi_plus_gutenberg_icon_type":"","sfsi_plus_gutenberg_icon_alignemt":"","sfsi_plus_gutenburg_max_per_row":"","footnotes":""},"categories":[6],"tags":[],"class_list":["post-48023","post","type-post","status-publish","format-standard","has-post-thumbnail","hentry","category-cidades"],"_links":{"self":[{"href":"https:\/\/www.caririemacao.com\/1\/wp-json\/wp\/v2\/posts\/48023","targetHints":{"allow":["GET"]}}],"collection":[{"href":"https:\/\/www.caririemacao.com\/1\/wp-json\/wp\/v2\/posts"}],"about":[{"href":"https:\/\/www.caririemacao.com\/1\/wp-json\/wp\/v2\/types\/post"}],"author":[{"embeddable":true,"href":"https:\/\/www.caririemacao.com\/1\/wp-json\/wp\/v2\/users\/2"}],"replies":[{"embeddable":true,"href":"https:\/\/www.caririemacao.com\/1\/wp-json\/wp\/v2\/comments?post=48023"}],"version-history":[{"count":0,"href":"https:\/\/www.caririemacao.com\/1\/wp-json\/wp\/v2\/posts\/48023\/revisions"}],"wp:featuredmedia":[{"embeddable":true,"href":"https:\/\/www.caririemacao.com\/1\/wp-json\/wp\/v2\/media\/27803"}],"wp:attachment":[{"href":"https:\/\/www.caririemacao.com\/1\/wp-json\/wp\/v2\/media?parent=48023"}],"wp:term":[{"taxonomy":"category","embeddable":true,"href":"https:\/\/www.caririemacao.com\/1\/wp-json\/wp\/v2\/categories?post=48023"},{"taxonomy":"post_tag","embeddable":true,"href":"https:\/\/www.caririemacao.com\/1\/wp-json\/wp\/v2\/tags?post=48023"}],"curies":[{"name":"wp","href":"https:\/\/api.w.org\/{rel}","templated":true}]}}