{"id":48026,"date":"2018-04-18T09:18:27","date_gmt":"2018-04-18T12:18:27","guid":{"rendered":"http:\/\/caririemacao.com\/1\/?p=48026"},"modified":"2018-04-18T09:18:27","modified_gmt":"2018-04-18T12:18:27","slug":"prefeitura-de-serra-branca-realiza-evento-de-tenis-de-mesa-dentro-da-programacao-de-aniversario-de-emancipacao-politica","status":"publish","type":"post","link":"https:\/\/www.caririemacao.com\/1\/2018\/04\/18\/prefeitura-de-serra-branca-realiza-evento-de-tenis-de-mesa-dentro-da-programacao-de-aniversario-de-emancipacao-politica\/","title":{"rendered":"Prefeitura de Serra Branca realiza evento de t\u00eanis de mesa dentro da programa\u00e7\u00e3o de anivers\u00e1rio de emancipa\u00e7\u00e3o pol\u00edtica"},"content":{"rendered":"<p style=\"font-weight: 400;\">Um grande evento de t\u00eanis de mesa vai ser realizado em Serra Branca, fazendo parte da programa\u00e7\u00e3o do anivers\u00e1rio de emancipa\u00e7\u00e3o pol\u00edtica e da semana cultural<\/p>\n<p style=\"font-weight: 400;\">Trata-se da II Copa Serra Branca de t\u00eanis de mesa que ter\u00e1 o apoio total da prefeitura municipal de Monteiro, atrav\u00e9s do CRAS, da secretaria de desenvolvimento social.<\/p>\n<p style=\"font-weight: 400;\">A competi\u00e7\u00e3o ter\u00e1 vagas para as categorias: aberto (masculino e feminino), seniores (a partir de 30 anos), e iniciantes.<\/p>\n<p style=\"font-weight: 400;\">O evento acontece no dia 22 de Abril no S\u00e3o Vicente \u00e0 partir das 08 horas da manh\u00e3 e \u00e9 mais uma iniciativa do projeto \u201cResgatando o t\u00eanis de mesa\u201d.<\/p>\n<p style=\"font-weight: 400;\">A inscri\u00e7\u00e3o ser\u00e1 gratuita e haver\u00e1 trof\u00e9us e medalhas para os campe\u00f5es.<\/p>\n<p><a href=\"http:\/\/caririemacao.com\/1\/?attachment_id=48027\" rel=\"attachment wp-att-48027\"><img fetchpriority=\"high\" decoding=\"async\" class=\"aligncenter size-full wp-image-48027\" src=\"http:\/\/caririemacao.com\/1\/wp-content\/uploads\/2018\/04\/t4.jpg\" alt=\"\" width=\"400\" height=\"300\" srcset=\"https:\/\/www.caririemacao.com\/1\/wp-content\/uploads\/2018\/04\/t4.jpg 400w, https:\/\/www.caririemacao.com\/1\/wp-content\/uploads\/2018\/04\/t4-300x225.jpg 300w\" sizes=\"(max-width: 400px) 100vw, 400px\" \/><\/a><\/p>\n<p><strong>CARIRI EM A\u00c7\u00c3O<\/strong><\/p>\n<p><em>Com Tribuna do Cariri<\/em><\/p>\n<p><strong>Leia mais not\u00edcias em\u00a0<\/strong><a href=\"http:\/\/www.caririemacao.com\/\"><strong>caririemacao.com<\/strong><\/a><strong>, siga nossa p\u00e1gina no\u00a0<\/strong><a href=\"https:\/\/www.facebook.com\/CaririEmAcao\/?ref=aymt_homepage_panel\"><strong>Facebook<\/strong><\/a>,<strong>\u00a0<\/strong><a href=\"https:\/\/www.instagram.com\/cariri_em_acao\/?hl=pt-br\"><strong>Instagram<\/strong><\/a><strong>\u00a0e\u00a0<\/strong><a href=\"https:\/\/www.youtube.com\/channel\/UCAptA0jQuYQy8vMhLt2m4qg\"><strong>Youtube<\/strong><\/a><strong>\u00a0e veja nossas mat\u00e9rias, v\u00eddeos e fotos. Voc\u00ea tamb\u00e9m pode enviar informa\u00e7\u00f5es \u00e0 Reda\u00e7\u00e3o do Portal Cariri em A\u00e7\u00e3o pelo WhatsApp (83) 9 9634.5791, (83) 9 9601-1162.<\/strong><\/p>\n","protected":false},"excerpt":{"rendered":"<p>Um grande evento de t\u00eanis de mesa vai ser realizado em Serra Branca, fazendo parte da programa\u00e7\u00e3o do anivers\u00e1rio de emancipa\u00e7\u00e3o pol\u00edtica e da semana&hellip; <\/p>\n","protected":false},"author":2,"featured_media":36474,"comment_status":"closed","ping_status":"closed","sticky":false,"template":"","format":"standard","meta":{"sfsi_plus_gutenberg_text_before_share":"","sfsi_plus_gutenberg_show_text_before_share":"","sfsi_plus_gutenberg_icon_type":"","sfsi_plus_gutenberg_icon_alignemt":"","sfsi_plus_gutenburg_max_per_row":"","footnotes":""},"categories":[6],"tags":[],"class_list":["post-48026","post","type-post","status-publish","format-standard","has-post-thumbnail","hentry","category-cidades"],"_links":{"self":[{"href":"https:\/\/www.caririemacao.com\/1\/wp-json\/wp\/v2\/posts\/48026","targetHints":{"allow":["GET"]}}],"collection":[{"href":"https:\/\/www.caririemacao.com\/1\/wp-json\/wp\/v2\/posts"}],"about":[{"href":"https:\/\/www.caririemacao.com\/1\/wp-json\/wp\/v2\/types\/post"}],"author":[{"embeddable":true,"href":"https:\/\/www.caririemacao.com\/1\/wp-json\/wp\/v2\/users\/2"}],"replies":[{"embeddable":true,"href":"https:\/\/www.caririemacao.com\/1\/wp-json\/wp\/v2\/comments?post=48026"}],"version-history":[{"count":0,"href":"https:\/\/www.caririemacao.com\/1\/wp-json\/wp\/v2\/posts\/48026\/revisions"}],"wp:featuredmedia":[{"embeddable":true,"href":"https:\/\/www.caririemacao.com\/1\/wp-json\/wp\/v2\/media\/36474"}],"wp:attachment":[{"href":"https:\/\/www.caririemacao.com\/1\/wp-json\/wp\/v2\/media?parent=48026"}],"wp:term":[{"taxonomy":"category","embeddable":true,"href":"https:\/\/www.caririemacao.com\/1\/wp-json\/wp\/v2\/categories?post=48026"},{"taxonomy":"post_tag","embeddable":true,"href":"https:\/\/www.caririemacao.com\/1\/wp-json\/wp\/v2\/tags?post=48026"}],"curies":[{"name":"wp","href":"https:\/\/api.w.org\/{rel}","templated":true}]}}