{"id":48029,"date":"2018-04-18T09:25:40","date_gmt":"2018-04-18T12:25:40","guid":{"rendered":"http:\/\/caririemacao.com\/1\/?p=48029"},"modified":"2018-04-18T09:25:40","modified_gmt":"2018-04-18T12:25:40","slug":"prefeitura-de-monteiro-promove-caravana-de-atendimento-especializado-neste-neste-sabado","status":"publish","type":"post","link":"https:\/\/www.caririemacao.com\/1\/2018\/04\/18\/prefeitura-de-monteiro-promove-caravana-de-atendimento-especializado-neste-neste-sabado\/","title":{"rendered":"Prefeitura de Monteiro promove caravana de atendimento especializado neste neste s\u00e1bado"},"content":{"rendered":"<p style=\"font-weight: 400;\">Com o intuito de prestar ainda mais atendimentos \u00e0 popula\u00e7\u00e3o monteirense, a Prefeitura de Monteiro, por meio da Secretaria Municipal de Sa\u00fade tr\u00e1s a Caravana de Atendimento Especializado neste s\u00e1bado dia 21.<\/p>\n<p style=\"font-weight: 400;\">Aproveitando o feriado nacional, os profissionais de sa\u00fade far\u00e3o atendimento aos usu\u00e1rios a partir das 09 horas da manh\u00e3 fornecendo atendimento especializado nas \u00e1reas de Ginecologia (dispon\u00edveis 50 vagas)\u00a0\u00a0e Ultra-sonografia no Centro da Mulher.<\/p>\n<p style=\"font-weight: 400;\">As ultrassonografias obedecer\u00e3o a seguinte ordem: Primeiro ser\u00e3o realizados as ultrassonografias de abdome total em seguida as de vias urin\u00e1rias, os terceiros a serem chamados ser\u00e3o de mama e tireoide. Ao todo ser\u00e3o oferecidas 100 vagas com laudos entregues na hora.<\/p>\n<p style=\"font-weight: 400;\">J\u00e1 no Centro de Especialidades M\u00e9dicas \u2013 CEMED as op\u00e7\u00f5es ser\u00e3o de atendimentos em Cardiologia sendo oferecidas 50 vagas e eletrocardiograma, Cirurgi\u00e3o, Cl\u00ednica geral e Pediatria, sendo esta \u00faltima oferecidas 120 vagas;\u00a0\u00a0tamb\u00e9m com in\u00edcio \u00e0s 09h. O plant\u00e3o ser\u00e1 finalizado \u00e0s 13 horas e as vagas ser\u00e3o agendadas por ordem de chegada.<\/p>\n<p style=\"font-weight: 400;\">Ainda ser\u00e3o oferecidas 40 vagas para oftalmologia com exames de Fundo de Olho, triagem para Catarata e Glaucoma.<\/p>\n<p style=\"font-weight: 400;\">\u201cAproveitamos esta data para que tanto as pessoas da zona urbana quanto da rural possam usufruir de tais servi\u00e7os tendo em vista que no meio da semana pode haver alguma dificuldade para as mesmas por quest\u00f5es que podem envolver trabalho, entre outras\u201d disse a Secret\u00e1ria de Sa\u00fade, Paula Oliveira.<\/p>\n<p style=\"font-weight: 400;\">Para realizar a ficha nos locais e necess\u00e1rio que os pacientes estejam de posse de CPF, endere\u00e7o e cart\u00e3o do SUS.<\/p>\n<p><strong>CARIRI EM A\u00c7\u00c3O<\/strong><\/p>\n<p><em>Com Tribuna do Cariri\/Foto: Reprodu\u00e7\u00e3o google<\/em><\/p>\n<p><strong>Leia mais not\u00edcias em\u00a0<\/strong><a href=\"http:\/\/www.caririemacao.com\/\"><strong>caririemacao.com<\/strong><\/a><strong>, siga nossa p\u00e1gina no\u00a0<\/strong><a href=\"https:\/\/www.facebook.com\/CaririEmAcao\/?ref=aymt_homepage_panel\"><strong>Facebook<\/strong><\/a>,<strong>\u00a0<\/strong><a href=\"https:\/\/www.instagram.com\/cariri_em_acao\/?hl=pt-br\"><strong>Instagram<\/strong><\/a><strong>\u00a0e\u00a0<\/strong><a href=\"https:\/\/www.youtube.com\/channel\/UCAptA0jQuYQy8vMhLt2m4qg\"><strong>Youtube<\/strong><\/a><strong>\u00a0e veja nossas mat\u00e9rias, v\u00eddeos e fotos. Voc\u00ea tamb\u00e9m pode enviar informa\u00e7\u00f5es \u00e0 Reda\u00e7\u00e3o do Portal Cariri em A\u00e7\u00e3o pelo WhatsApp (83) 9 9634.5791, (83) 9 9601-1162.<\/strong><\/p>\n","protected":false},"excerpt":{"rendered":"<p>Com o intuito de prestar ainda mais atendimentos \u00e0 popula\u00e7\u00e3o monteirense, a Prefeitura de Monteiro, por meio da Secretaria Municipal de Sa\u00fade tr\u00e1s a Caravana&hellip; <\/p>\n","protected":false},"author":2,"featured_media":18388,"comment_status":"closed","ping_status":"closed","sticky":false,"template":"","format":"standard","meta":{"sfsi_plus_gutenberg_text_before_share":"","sfsi_plus_gutenberg_show_text_before_share":"","sfsi_plus_gutenberg_icon_type":"","sfsi_plus_gutenberg_icon_alignemt":"","sfsi_plus_gutenburg_max_per_row":"","footnotes":""},"categories":[6],"tags":[],"class_list":["post-48029","post","type-post","status-publish","format-standard","has-post-thumbnail","hentry","category-cidades"],"_links":{"self":[{"href":"https:\/\/www.caririemacao.com\/1\/wp-json\/wp\/v2\/posts\/48029","targetHints":{"allow":["GET"]}}],"collection":[{"href":"https:\/\/www.caririemacao.com\/1\/wp-json\/wp\/v2\/posts"}],"about":[{"href":"https:\/\/www.caririemacao.com\/1\/wp-json\/wp\/v2\/types\/post"}],"author":[{"embeddable":true,"href":"https:\/\/www.caririemacao.com\/1\/wp-json\/wp\/v2\/users\/2"}],"replies":[{"embeddable":true,"href":"https:\/\/www.caririemacao.com\/1\/wp-json\/wp\/v2\/comments?post=48029"}],"version-history":[{"count":0,"href":"https:\/\/www.caririemacao.com\/1\/wp-json\/wp\/v2\/posts\/48029\/revisions"}],"wp:featuredmedia":[{"embeddable":true,"href":"https:\/\/www.caririemacao.com\/1\/wp-json\/wp\/v2\/media\/18388"}],"wp:attachment":[{"href":"https:\/\/www.caririemacao.com\/1\/wp-json\/wp\/v2\/media?parent=48029"}],"wp:term":[{"taxonomy":"category","embeddable":true,"href":"https:\/\/www.caririemacao.com\/1\/wp-json\/wp\/v2\/categories?post=48029"},{"taxonomy":"post_tag","embeddable":true,"href":"https:\/\/www.caririemacao.com\/1\/wp-json\/wp\/v2\/tags?post=48029"}],"curies":[{"name":"wp","href":"https:\/\/api.w.org\/{rel}","templated":true}]}}