{"id":48032,"date":"2018-04-18T09:29:29","date_gmt":"2018-04-18T12:29:29","guid":{"rendered":"http:\/\/caririemacao.com\/1\/?p=48032"},"modified":"2018-04-18T09:29:29","modified_gmt":"2018-04-18T12:29:29","slug":"ultimo-recurso-de-lula-na-2a-instancia-sera-julgado-hoje","status":"publish","type":"post","link":"https:\/\/www.caririemacao.com\/1\/2018\/04\/18\/ultimo-recurso-de-lula-na-2a-instancia-sera-julgado-hoje\/","title":{"rendered":"\u00daltimo recurso de Lula na 2\u00aa inst\u00e2ncia ser\u00e1 julgado hoje"},"content":{"rendered":"<div class=\"mc-column content-text active-extra-styles active-capital-letter\" data-block-type=\"unstyled\" data-block-weight=\"64\" data-block-id=\"2\">\n<p class=\"content-text__container theme-color-primary-first-letter\" data-track-category=\"Link no Texto\" data-track-links=\"\">O \u00faltimo recurso do ex-presidente Luiz In\u00e1cio Lula da Silva, em segunda inst\u00e2ncia, no caso do triplex, ser\u00e1 julgado a partir das 13h30 desta quarta-feira (18), no Tribunal Regional Federal da 4\u00aa Regi\u00e3o (TRF-4), em Porto Alegre.\u00a0Condenado a 12 anos e 1 m\u00eas\u00a0por corrup\u00e7\u00e3o passiva e lavagem de dinheiro,\u00a0Lula cumpre a pena na carceragem da Superintend\u00eancia da Pol\u00edcia Federal, em Curitiba.<\/p>\n<\/div>\n<div class=\"mc-column content-text active-extra-styles \" data-block-type=\"unstyled\" data-block-weight=\"45\" data-block-id=\"3\">\n<p class=\"content-text__container \" data-track-category=\"Link no Texto\" data-track-links=\"\">O recurso ser\u00e1 julgado pela Oitava Turma do TRF-4, formada pelos desembargadores Leandro Paulsen, Victor Laus e Nivaldo Brunoni, que substitui Jo\u00e3o Pedro Gebran Neto. A Oitava Turma \u00e9 a respons\u00e1vel pelos julgamentos dos recursos das a\u00e7\u00f5es originadas na Opera\u00e7\u00e3o Lava Jato na segunda inst\u00e2ncia.<\/p>\n<\/div>\n<div class=\"mc-column content-text active-extra-styles \" data-block-type=\"unstyled\" data-block-weight=\"61\" data-block-id=\"4\">\n<p class=\"content-text__container \" data-track-category=\"Link no Texto\" data-track-links=\"\">S\u00e3o os embargos dos embargos, que n\u00e3o t\u00eam poder de mudar o resultado da senten\u00e7a. Foram protocolados pela defesa de Lula ap\u00f3s a vota\u00e7\u00e3o dos\u00a0embargos de declara\u00e7\u00e3o, negados pelo mesmo Tribunal. Esta \u00faltima decis\u00e3o foi o que baseou o\u00a0juiz federal S\u00e9rgio Moro, autor da condena\u00e7\u00e3o de Lula em primeira inst\u00e2ncia, a expedir o mandado de pris\u00e3o contra o ex-presidente.<\/p>\n<\/div>\n<div class=\"mc-column content-text active-extra-styles \" data-block-type=\"unstyled\" data-block-weight=\"88\" data-block-id=\"5\">\n<p class=\"content-text__container \" data-track-category=\"Link no Texto\" data-track-links=\"\">Al\u00e9m dos embargos dos embargos, tamb\u00e9m v\u00e3o a vota\u00e7\u00e3o outros dois recursos da defesa de Lula. Um deles \u00e9 um pedido para que os\u00a0documentos do sistema Drousys, utilizado pela empreiteira Odebrecht, n\u00e3o sejam utilizados no processo que trata da suspeita de pagamento de propina ao ex-presidente. Segundo a den\u00fancia, Lula teria recebido um apartamento de S\u00e3o Bernardo do Campo e um terreno para o Instituto Lula da construtora. J\u00e1 o\u00a0segundo \u00e9 um pedido de suspei\u00e7\u00e3o, ou seja, afastamento de S\u00e9rgio Moro da condu\u00e7\u00e3o deste mesmo processo.<\/p>\n<p class=\"content-text__container \" data-track-category=\"Link no Texto\" data-track-links=\"\">Recursos de Dirceu e Cunha tamb\u00e9m na pauta<\/p>\n<\/div>\n<div class=\"mc-column content-text active-extra-styles \" data-block-type=\"unstyled\" data-block-weight=\"44\" data-block-id=\"7\">\n<p class=\"content-text__container \" data-track-category=\"Link no Texto\" data-track-links=\"\">Al\u00e9m de Lula, recursos do ex-ministro Jos\u00e9 Dirceu e do ex-presidente da C\u00e2mara dos Deputados Eduardo Cunha tamb\u00e9m entram na pauta de julgamentos. No caso de\u00a0Dirceu, ser\u00e1 julgado um pedido de desbloqueio de bens\u00a0do ex-ministro,\u00a0condenado por envolvimento em esquema de corrup\u00e7\u00e3o.<\/p>\n<p class=\"content-text__container \" data-track-category=\"Link no Texto\" data-track-links=\"\">J\u00e1 no caso de\u00a0Eduardo Cunha, a defesa pede a suspei\u00e7\u00e3o de S\u00e9rgio Moro\u00a0no processo em que o\u00a0ex-deputado foi condenado\u00a0por ter atuado em esquema de corrup\u00e7\u00e3o na Petrobras.<\/p>\n<p><strong>CARIRI EM A\u00c7\u00c3O<\/strong><\/p>\n<p><em>Com G1\/Foto: reprodu\u00e7\u00e3o google<\/em><\/p>\n<p><strong>Leia mais not\u00edcias em\u00a0<\/strong><a href=\"http:\/\/www.caririemacao.com\/\"><strong>caririemacao.com<\/strong><\/a><strong>, siga nossa p\u00e1gina no\u00a0<\/strong><a href=\"https:\/\/www.facebook.com\/CaririEmAcao\/?ref=aymt_homepage_panel\"><strong>Facebook<\/strong><\/a>,<strong>\u00a0<\/strong><a href=\"https:\/\/www.instagram.com\/cariri_em_acao\/?hl=pt-br\"><strong>Instagram<\/strong><\/a><strong>\u00a0e\u00a0<\/strong><a href=\"https:\/\/www.youtube.com\/channel\/UCAptA0jQuYQy8vMhLt2m4qg\"><strong>Youtube<\/strong><\/a><strong>\u00a0e veja nossas mat\u00e9rias, v\u00eddeos e fotos. Voc\u00ea tamb\u00e9m pode enviar informa\u00e7\u00f5es \u00e0 Reda\u00e7\u00e3o do Portal Cariri em A\u00e7\u00e3o pelo WhatsApp (83) 9 9634.5791, (83) 9 9601-1162.<\/strong><\/p>\n<\/div>\n","protected":false},"excerpt":{"rendered":"<p>O \u00faltimo recurso do ex-presidente Luiz In\u00e1cio Lula da Silva, em segunda inst\u00e2ncia, no caso do triplex, ser\u00e1 julgado a partir das 13h30 desta quarta-feira&hellip; <\/p>\n","protected":false},"author":2,"featured_media":45002,"comment_status":"closed","ping_status":"closed","sticky":false,"template":"","format":"standard","meta":{"sfsi_plus_gutenberg_text_before_share":"","sfsi_plus_gutenberg_show_text_before_share":"","sfsi_plus_gutenberg_icon_type":"","sfsi_plus_gutenberg_icon_alignemt":"","sfsi_plus_gutenburg_max_per_row":"","footnotes":""},"categories":[11],"tags":[],"class_list":["post-48032","post","type-post","status-publish","format-standard","has-post-thumbnail","hentry","category-politica"],"_links":{"self":[{"href":"https:\/\/www.caririemacao.com\/1\/wp-json\/wp\/v2\/posts\/48032","targetHints":{"allow":["GET"]}}],"collection":[{"href":"https:\/\/www.caririemacao.com\/1\/wp-json\/wp\/v2\/posts"}],"about":[{"href":"https:\/\/www.caririemacao.com\/1\/wp-json\/wp\/v2\/types\/post"}],"author":[{"embeddable":true,"href":"https:\/\/www.caririemacao.com\/1\/wp-json\/wp\/v2\/users\/2"}],"replies":[{"embeddable":true,"href":"https:\/\/www.caririemacao.com\/1\/wp-json\/wp\/v2\/comments?post=48032"}],"version-history":[{"count":0,"href":"https:\/\/www.caririemacao.com\/1\/wp-json\/wp\/v2\/posts\/48032\/revisions"}],"wp:featuredmedia":[{"embeddable":true,"href":"https:\/\/www.caririemacao.com\/1\/wp-json\/wp\/v2\/media\/45002"}],"wp:attachment":[{"href":"https:\/\/www.caririemacao.com\/1\/wp-json\/wp\/v2\/media?parent=48032"}],"wp:term":[{"taxonomy":"category","embeddable":true,"href":"https:\/\/www.caririemacao.com\/1\/wp-json\/wp\/v2\/categories?post=48032"},{"taxonomy":"post_tag","embeddable":true,"href":"https:\/\/www.caririemacao.com\/1\/wp-json\/wp\/v2\/tags?post=48032"}],"curies":[{"name":"wp","href":"https:\/\/api.w.org\/{rel}","templated":true}]}}