{"id":48034,"date":"2018-04-18T09:33:31","date_gmt":"2018-04-18T12:33:31","guid":{"rendered":"http:\/\/caririemacao.com\/1\/?p=48034"},"modified":"2018-04-18T09:33:31","modified_gmt":"2018-04-18T12:33:31","slug":"temer-viajara-a-asia-e-carmen-lucia-deve-assumir-presidencia-de-novo","status":"publish","type":"post","link":"https:\/\/www.caririemacao.com\/1\/2018\/04\/18\/temer-viajara-a-asia-e-carmen-lucia-deve-assumir-presidencia-de-novo\/","title":{"rendered":"Temer viajar\u00e1 \u00e0 \u00c1sia e C\u00e1rmen L\u00facia deve assumir presid\u00eancia de novo"},"content":{"rendered":"<p>Depois de adiar um giro pelo Sudeste Asi\u00e1tico em janeiro por conta de problemas de sa\u00fade, o presidente Michel Temer voltou a programar a viagem para a regi\u00e3o e deve se ausentar por quase dez dias em maio, o que obrigar\u00e1 a ministra do Supremo Tribunal Federal (STF), C\u00e1rmen L\u00facia, a assumir novamente a Presid\u00eancia da Rep\u00fablica.<\/p>\n<p>Os presidentes da C\u00e2mara, Rodrigo Maia, e do Senado, Eun\u00edcio Oliveira, que s\u00e3o os primeiros respectivamente na linha de sucess\u00e3o do presidente, n\u00e3o podem assumir o cargo por conta de uma veda\u00e7\u00e3o da lei eleitoral, \u00e0 qual est\u00e3o sujeitos por pleitearem um cargo nesta elei\u00e7\u00e3o. Nesse contexto, toda vez que a Presid\u00eancia de Rep\u00fablica fica vaga, Maia e Eun\u00edcio buscam providenciar alguma viagem ao exterior.<\/p>\n<p>Temer deve embarcar do Brasil no dia 5 de maio e passar por quatro pa\u00edses da regi\u00e3o. Entre os dias 7 e 9, o presidente visitar\u00e1 Cingapura. Na sequ\u00eancia, vai a Bangkok (Tail\u00e2ndia), onde deve chegar dia 9 e partir dia 10. Depois, entre os dias 10 e 12, visitar\u00e1 Jacarta (Indon\u00e9sia). E por fim, passar\u00e1 outros dois dias em Han\u00f3i (Vietn\u00e3). A programa\u00e7\u00e3o foi divulgada nesta ter\u00e7a-feira, 17, pela Secretaria de Comunica\u00e7\u00e3o da Presid\u00eancia.<\/p>\n<p>O objetivo da viagem do presidente &#8211; al\u00e9m de encontros pol\u00edticos, j\u00e1 que deve ser recebido por todos os chefes de Estado &#8211; \u00e9 promover uma s\u00e9rie de agendas empresariais. Os compromissos oficiais e a comitiva de Temer ainda est\u00e3o sendo fechados, mas possivelmente al\u00e9m de ministros o presidente deve ir acompanhado de alguns empres\u00e1rios brasileiros.<\/p>\n<p>O Itamaraty negociou a nova data depois de o presidente ter sido vetado por recomenda\u00e7\u00f5es m\u00e9dicas. No fim do ano passado, Temer foi submetido a um procedimento cir\u00fargico por conta de problemas urol\u00f3gicos e as longas horas de deslocamento atrapalhariam a recupera\u00e7\u00e3o do presidente.<\/p>\n<p><strong>Irrita\u00e7\u00e3o<\/strong><\/p>\n<p>As viagens de Temer t\u00eam irritado os presidentes da C\u00e2mara, Rodrigo Maia (DEM-RJ), e do Senado, Eun\u00edcio Oliveira (MDB-CE). A irrita\u00e7\u00e3o se deve ao fato de que ter\u00e3o de se ausentar do Brasil em plena campanha eleitoral, quando o democrata quer disputar o Planalto e o emedebista, reelei\u00e7\u00e3o.<\/p>\n<p>At\u00e9 outubro, Temer tem pelo menos outras duas viagens previstas. Em julho, o presidente deve ir para \u00c1frica do Sul para participar da reuni\u00e3o dos Brics. Em setembro, em plena campanha, o emedebista pretende participar da Assembleia-Geral da ONU em Nova York.<\/p>\n<p>Maia ainda n\u00e3o bateu martelo para onde ir\u00e1 quando Temer estiver no Sudeste Asi\u00e1tico. Ele avalia ir para a Europa. O presidente da C\u00e2mara costuma abrir m\u00e3o dos US$ 550, o equivalente a R$ 1.870, de di\u00e1ria a que tem direito. Mas costuma levar outros deputados, que podem receber US$ 428 (R$ 1.455) por dia.<\/p>\n<p>Na viagem de Temer ao Peru na semana passada, Maia embarcou na quinta-feira, 12, para o Panam\u00e1, onde participou de reuni\u00e3o da Junta Diretiva do Parlamento Latino-Americano e do Caribe. A agenda se estendeu at\u00e9 a manh\u00e3 do domingo, 15, e incluiu visitas ao Canal do Panam\u00e1 e almo\u00e7o com parlamentares panamenhos.<\/p>\n<p>O presidente da C\u00e2mara viajou acompanhado de quatro deputados: Benito Gama (PTB-BA), Elmar Nascimento (DEM-BA), Her\u00e1clito Fortes (DEM-PI) e Hiran Gon\u00e7alves (PP-RR). A assessoria da Casa informou que Maia abriu m\u00e3o da di\u00e1ria. Os outros parlamentares, por\u00e9m, receberam a di\u00e1ria.<\/p>\n<p>J\u00e1 o presidente do Senado, Eun\u00edcio Oliveira (MDB-CE), tamb\u00e9m n\u00e3o decidiu para onde ir\u00e1 durante a pr\u00f3xima viagem de Temer. Aliados dizem que ele considera acompanhar o presidente da Rep\u00fablica durante a viagem para a \u00c1sia, mas eles ainda devem conversar pessoalmente sobre o assunto.<\/p>\n<p>Por causa da recente viagem de Temer ao Peru, Eun\u00edcio embarcou na \u00faltima sexta-feira, 14, em miss\u00e3o oficial para o Jap\u00e3o e s\u00f3 retornar\u00e1 na pr\u00f3xima sexta, 20. Ele foi acompanhado da mulher e bancar\u00e1 com recursos pr\u00f3prios os gastos do casal. A expectativa \u00e9 que ele fa\u00e7a o mesmo numa pr\u00f3xima viagem.<\/p>\n<p>Eun\u00edcio tamb\u00e9m viajou acompanhado. Foram ao Jap\u00e3o os senadores Jorge Viana (PT-AC), Antonio Anastasia (PSDB-MG) e outros dois servidores que fazem parte da comitiva. Com isso, o Senado informa que os custos com as passagens e seguros viagem dos demais integrantes somaram um total de R$ 80.861,24. Os valores totais pagos em di\u00e1rias correspondem ao montante de R$ 44.584,50.<\/p>\n<p><strong>CARIRI EM A\u00c7\u00c3O<\/strong><\/p>\n<p><em>Com Noticia ao Minuto\/Foto: Reprodu\u00e7\u00e3o google<\/em><\/p>\n<p><strong>Leia mais not\u00edcias em\u00a0<\/strong><a href=\"http:\/\/www.caririemacao.com\/\"><strong>caririemacao.com<\/strong><\/a><strong>, siga nossa p\u00e1gina no\u00a0<\/strong><a href=\"https:\/\/www.facebook.com\/CaririEmAcao\/?ref=aymt_homepage_panel\"><strong>Facebook<\/strong><\/a>,<strong>\u00a0<\/strong><a href=\"https:\/\/www.instagram.com\/cariri_em_acao\/?hl=pt-br\"><strong>Instagram<\/strong><\/a><strong>\u00a0e\u00a0<\/strong><a href=\"https:\/\/www.youtube.com\/channel\/UCAptA0jQuYQy8vMhLt2m4qg\"><strong>Youtube<\/strong><\/a><strong>\u00a0e veja nossas mat\u00e9rias, v\u00eddeos e fotos. Voc\u00ea tamb\u00e9m pode enviar informa\u00e7\u00f5es \u00e0 Reda\u00e7\u00e3o do Portal Cariri em A\u00e7\u00e3o pelo WhatsApp (83) 9 9634.5791, (83) 9 9601-1162.<\/strong><\/p>\n","protected":false},"excerpt":{"rendered":"<p>Depois de adiar um giro pelo Sudeste Asi\u00e1tico em janeiro por conta de problemas de sa\u00fade, o presidente Michel Temer voltou a programar a viagem&hellip; <\/p>\n","protected":false},"author":2,"featured_media":48035,"comment_status":"closed","ping_status":"closed","sticky":false,"template":"","format":"standard","meta":{"sfsi_plus_gutenberg_text_before_share":"","sfsi_plus_gutenberg_show_text_before_share":"","sfsi_plus_gutenberg_icon_type":"","sfsi_plus_gutenberg_icon_alignemt":"","sfsi_plus_gutenburg_max_per_row":"","footnotes":""},"categories":[11],"tags":[],"class_list":["post-48034","post","type-post","status-publish","format-standard","has-post-thumbnail","hentry","category-politica"],"_links":{"self":[{"href":"https:\/\/www.caririemacao.com\/1\/wp-json\/wp\/v2\/posts\/48034","targetHints":{"allow":["GET"]}}],"collection":[{"href":"https:\/\/www.caririemacao.com\/1\/wp-json\/wp\/v2\/posts"}],"about":[{"href":"https:\/\/www.caririemacao.com\/1\/wp-json\/wp\/v2\/types\/post"}],"author":[{"embeddable":true,"href":"https:\/\/www.caririemacao.com\/1\/wp-json\/wp\/v2\/users\/2"}],"replies":[{"embeddable":true,"href":"https:\/\/www.caririemacao.com\/1\/wp-json\/wp\/v2\/comments?post=48034"}],"version-history":[{"count":0,"href":"https:\/\/www.caririemacao.com\/1\/wp-json\/wp\/v2\/posts\/48034\/revisions"}],"wp:featuredmedia":[{"embeddable":true,"href":"https:\/\/www.caririemacao.com\/1\/wp-json\/wp\/v2\/media\/48035"}],"wp:attachment":[{"href":"https:\/\/www.caririemacao.com\/1\/wp-json\/wp\/v2\/media?parent=48034"}],"wp:term":[{"taxonomy":"category","embeddable":true,"href":"https:\/\/www.caririemacao.com\/1\/wp-json\/wp\/v2\/categories?post=48034"},{"taxonomy":"post_tag","embeddable":true,"href":"https:\/\/www.caririemacao.com\/1\/wp-json\/wp\/v2\/tags?post=48034"}],"curies":[{"name":"wp","href":"https:\/\/api.w.org\/{rel}","templated":true}]}}