{"id":48039,"date":"2018-04-18T09:56:24","date_gmt":"2018-04-18T12:56:24","guid":{"rendered":"http:\/\/caririemacao.com\/1\/?p=48039"},"modified":"2018-04-18T09:56:24","modified_gmt":"2018-04-18T12:56:24","slug":"corinthians-pega-independiente-de-olho-em-vaga-na-libertadores","status":"publish","type":"post","link":"https:\/\/www.caririemacao.com\/1\/2018\/04\/18\/corinthians-pega-independiente-de-olho-em-vaga-na-libertadores\/","title":{"rendered":"Corinthians pega Independiente de olho em vaga na Libertadores"},"content":{"rendered":"<p>O Corinthians espera aproveitar duplamente a viagem para Avellaneda, na regi\u00e3o metropolitana de Buenos Aires, na Argentina. O time do t\u00e9cnico F\u00e1bio Carille enfrenta o Independiente nesta quarta-feira (18), \u00e0s 21h45 (de Bras\u00edlia), no est\u00e1dio Libertadores da Am\u00e9rica, com o intuito de somar pontos e deixar a classifica\u00e7\u00e3o para a pr\u00f3xima fase da Copa Libertadores bem encaminhada. Al\u00e9m disso, o objetivo \u00e9 tamb\u00e9m findar a longa negocia\u00e7\u00e3o para a renova\u00e7\u00e3o do zagueiro Balbuena e garantir a perman\u00eancia do paraguaio.<\/p>\n<p>\u00c0 noite, o time corintiano vai enfrentar a press\u00e3o do Independiente, pela terceira rodada do Grupo G, mas o jogo n\u00e3o ter\u00e1 aquele clima tradicional de duelo contra clubes argentinos. O est\u00e1dio Libertadores da Am\u00e9rica foi remodelado em 2009, se tornou um local modernizado e espa\u00e7oso e que n\u00e3o \u00e9 mais o &#8220;caldeir\u00e3o&#8221; de antes.<\/p>\n<div class=\"related_content\">\n<p>&nbsp;<\/p>\n<\/div>\n<p>Entretanto, isso n\u00e3o significa facilidade. O Corinthians soma quatro pontos, um a mais que o rival argentino. &#8220;O Independiente \u00e9 um advers\u00e1rio direto na chave. Somar pontos fora de casa, seja um ou tr\u00eas, \u00e9 importante&#8221;, analisou F\u00e1bio Carille.<\/p>\n<p>O treinador ainda comentou o que espera da partida. &#8220;(Independiente) \u00c9 uma equipe que pressiona muito o homem da bola. Uma linha que se organiza at\u00e9 com seis para marcar porque eles encaixam marca\u00e7\u00e3o e v\u00e3o at\u00e9 o fim. Analisamos oito jogos. Temos de ter paci\u00eancia para girar a bola e jogar no lado oposto. E com um atacante que movimenta muito bem, temos que estar atentos com ele&#8221;, analisou o comandante corintiano.<\/p>\n<p>O time ter\u00e1 como novidades a volta de Jadson, poupado contra o Fluminense, e Maycon vai entrar no lugar de Ren\u00ea J\u00fanior. O zagueiro Henrique, que recebeu uma pancada na cabe\u00e7a no \u00faltimo domingo, ser\u00e1 reavaliado antes do come\u00e7o da partida, mas a tend\u00eancia \u00e9 que ele v\u00e1 para o jogo. Caso contr\u00e1rio, Pedro Henrique \u00e9 o substituto.<\/p>\n<p>Antes da bola rolar, a diretoria corintiana se reunir\u00e1 com o empres\u00e1rio de Balbuena, Augusto Paraja, para tentar, enfim, renovar o contrato do paraguaio. Nesta ter\u00e7a-feira, o presidente Andr\u00e9s Sanchez chegou a afirmar que estava tudo certo e que restava apenas alguns detalhes para assinar o contrato.<\/p>\n<p>Tais acertos devem ocorrer nesta quarta-feira em um encontro que acontecer\u00e1 no hotel onde o Corinthians est\u00e1 hospedado, na Argentina, e sem a presen\u00e7a do jogador, que estar\u00e1 concentrado para a partida. A ideia \u00e9 que Balbuena, que tem contrato at\u00e9 dezembro, assine um novo acordo v\u00e1lido por quatro temporadas.<\/p>\n<p><strong>FICHA T\u00c9CNICA<br \/>\n18\/4 &#8211; LIBERTADORES DA AM\u00c9RICA (AVELLANEDA-ARG)<br \/>\nINDEPENDIENTE-ARG x CORINTHIANS<\/strong><br \/>\n<strong>Juiz:\u00a0<\/strong>Daniel Fedorczuk (Uruguai)<br \/>\n<strong>Hor\u00e1rio:\u00a0<\/strong>21h45<br \/>\n<strong>INDEPENDIENTE:<\/strong>\u00a0Campa\u00f1a; Bustos, Figal, Amorebieta e Sanchez Mi\u00f1o; Rodr\u00edguez, Domingo, Benitez, Meza, Fernandez; Gigliotti.\u00a0<strong>T\u00e9cnico:<\/strong>\u00a0Ariel Holan<br \/>\n<strong>CORINTHIANS:<\/strong>\u00a0C\u00e1ssio, F\u00e1gner, Balbuena, Henrique e Sidcley; Ralf, Maycon, Jadson e Rodriguinho; Clayson e Romero.\u00a0<strong>T\u00e9cnico:<\/strong>\u00a0F\u00e1bio Carille<\/p>\n<p><strong>CARIRI EM A\u00c7\u00c3O<\/strong><\/p>\n<p><em>Com R7\/Foto: R7<\/em><\/p>\n<p><strong>Leia mais not\u00edcias em\u00a0<\/strong><a href=\"http:\/\/www.caririemacao.com\/\"><strong>caririemacao.com<\/strong><\/a><strong>, siga nossa p\u00e1gina no\u00a0<\/strong><a href=\"https:\/\/www.facebook.com\/CaririEmAcao\/?ref=aymt_homepage_panel\"><strong>Facebook<\/strong><\/a>,<strong>\u00a0<\/strong><a href=\"https:\/\/www.instagram.com\/cariri_em_acao\/?hl=pt-br\"><strong>Instagram<\/strong><\/a><strong>\u00a0e\u00a0<\/strong><a href=\"https:\/\/www.youtube.com\/channel\/UCAptA0jQuYQy8vMhLt2m4qg\"><strong>Youtube<\/strong><\/a><strong>\u00a0e veja nossas mat\u00e9rias, v\u00eddeos e fotos. Voc\u00ea tamb\u00e9m pode enviar informa\u00e7\u00f5es \u00e0 Reda\u00e7\u00e3o do Portal Cariri em A\u00e7\u00e3o pelo WhatsApp (83) 9 9634.5791, (83) 9 9601-1162.<\/strong><\/p>\n","protected":false},"excerpt":{"rendered":"<p>O Corinthians espera aproveitar duplamente a viagem para Avellaneda, na regi\u00e3o metropolitana de Buenos Aires, na Argentina. O time do t\u00e9cnico F\u00e1bio Carille enfrenta o&hellip; <\/p>\n","protected":false},"author":2,"featured_media":48040,"comment_status":"closed","ping_status":"closed","sticky":false,"template":"","format":"standard","meta":{"sfsi_plus_gutenberg_text_before_share":"","sfsi_plus_gutenberg_show_text_before_share":"","sfsi_plus_gutenberg_icon_type":"","sfsi_plus_gutenberg_icon_alignemt":"","sfsi_plus_gutenburg_max_per_row":"","footnotes":""},"categories":[13],"tags":[],"class_list":["post-48039","post","type-post","status-publish","format-standard","has-post-thumbnail","hentry","category-esportes"],"_links":{"self":[{"href":"https:\/\/www.caririemacao.com\/1\/wp-json\/wp\/v2\/posts\/48039","targetHints":{"allow":["GET"]}}],"collection":[{"href":"https:\/\/www.caririemacao.com\/1\/wp-json\/wp\/v2\/posts"}],"about":[{"href":"https:\/\/www.caririemacao.com\/1\/wp-json\/wp\/v2\/types\/post"}],"author":[{"embeddable":true,"href":"https:\/\/www.caririemacao.com\/1\/wp-json\/wp\/v2\/users\/2"}],"replies":[{"embeddable":true,"href":"https:\/\/www.caririemacao.com\/1\/wp-json\/wp\/v2\/comments?post=48039"}],"version-history":[{"count":0,"href":"https:\/\/www.caririemacao.com\/1\/wp-json\/wp\/v2\/posts\/48039\/revisions"}],"wp:featuredmedia":[{"embeddable":true,"href":"https:\/\/www.caririemacao.com\/1\/wp-json\/wp\/v2\/media\/48040"}],"wp:attachment":[{"href":"https:\/\/www.caririemacao.com\/1\/wp-json\/wp\/v2\/media?parent=48039"}],"wp:term":[{"taxonomy":"category","embeddable":true,"href":"https:\/\/www.caririemacao.com\/1\/wp-json\/wp\/v2\/categories?post=48039"},{"taxonomy":"post_tag","embeddable":true,"href":"https:\/\/www.caririemacao.com\/1\/wp-json\/wp\/v2\/tags?post=48039"}],"curies":[{"name":"wp","href":"https:\/\/api.w.org\/{rel}","templated":true}]}}