{"id":48042,"date":"2018-04-18T10:06:38","date_gmt":"2018-04-18T13:06:38","guid":{"rendered":"http:\/\/caririemacao.com\/1\/?p=48042"},"modified":"2018-04-18T10:06:38","modified_gmt":"2018-04-18T13:06:38","slug":"ex-goleiro-dida-acredita-que-o-brasil-pode-vencer-a-copa-do-mundo","status":"publish","type":"post","link":"https:\/\/www.caririemacao.com\/1\/2018\/04\/18\/ex-goleiro-dida-acredita-que-o-brasil-pode-vencer-a-copa-do-mundo\/","title":{"rendered":"Ex-goleiro Dida acredita que o Brasil pode vencer a Copa do Mundo"},"content":{"rendered":"<p>O ex-goleiro Dida, campe\u00e3o mundial em 2002, participou de um evento de patrocinadores em Dubai, nos Emirados \u00c1rabes, e falou sobre as possibilidades que a sele\u00e7\u00e3o brasileira tem de vencer a Copa do Mundo 2018 e sobre Alisson, presen\u00e7a certa na lista dos convocados da R\u00fassia.<\/p>\n<p>Para o ex-jogador, o treinador Tite mudou o jeito de jogar da sele\u00e7\u00e3o brasileira e isso contribuiu para que o time fizesse uma excelente campanha nas Eliminat\u00f3rias da Copa.<\/p>\n<p>Sobre o goleiro Alisson, Dida falou da amizade que os dois t\u00eam e contou que chegaram a morar juntos em 2014 e 2015, quando ambos defenderam o Internacional. O campe\u00e3o do mundo acredita que o titular de Tite melhorou muito nos \u00faltimos tempos.<\/p>\n<p>O ex-jogador participou do mesmo evento em que Pel\u00e9 e Marcello Lippi, treinador da sele\u00e7\u00e3o da It\u00e1lia campe\u00e3 mundial em 2006, foram treinadores de dois times de ex-jogadores famosos. O jogo aconteceu no \u00faltimo domingo (15) e Dida foi o goleiro do time de Pel\u00e9.<\/p>\n<p>Dida come\u00e7ou a carreira no Vit\u00f3ria, da Bahia. No Brasil, teve passagens marcantes no Cruzeiro e no Corinthians, quando foi campe\u00e3o do Mundial Interclubes da Fifa. Na Europa, jogou quase oito anos no Milan e \u00e9 \u00eddolo da torcida milanesa.<\/p>\n<p>Na sele\u00e7\u00e3o brasileira, os ex-goleiro participou de tr\u00eas Copas do Mundo. Em 1998, foi o terceiro goleiro. Em 2002, foi reserva de Marcos e, em 2006, foi titular do time do Brasil.<\/p>\n<p><strong>CARIRI EM A\u00c7\u00c3O<\/strong><\/p>\n<p><em>Com R7\/Foto: R7<\/em><\/p>\n<p><strong>Leia mais not\u00edcias em\u00a0<\/strong><a href=\"http:\/\/www.caririemacao.com\/\"><strong>caririemacao.com<\/strong><\/a><strong>, siga nossa p\u00e1gina no\u00a0<\/strong><a href=\"https:\/\/www.facebook.com\/CaririEmAcao\/?ref=aymt_homepage_panel\"><strong>Facebook<\/strong><\/a>,<strong>\u00a0<\/strong><a href=\"https:\/\/www.instagram.com\/cariri_em_acao\/?hl=pt-br\"><strong>Instagram<\/strong><\/a><strong>\u00a0e\u00a0<\/strong><a href=\"https:\/\/www.youtube.com\/channel\/UCAptA0jQuYQy8vMhLt2m4qg\"><strong>Youtube<\/strong><\/a><strong>\u00a0e veja nossas mat\u00e9rias, v\u00eddeos e fotos. Voc\u00ea tamb\u00e9m pode enviar informa\u00e7\u00f5es \u00e0 Reda\u00e7\u00e3o do Portal Cariri em A\u00e7\u00e3o pelo WhatsApp (83) 9 9634.5791, (83) 9 9601-1162.<\/strong><\/p>\n","protected":false},"excerpt":{"rendered":"<p>O ex-goleiro Dida, campe\u00e3o mundial em 2002, participou de um evento de patrocinadores em Dubai, nos Emirados \u00c1rabes, e falou sobre as possibilidades que a&hellip; <\/p>\n","protected":false},"author":2,"featured_media":48046,"comment_status":"closed","ping_status":"closed","sticky":false,"template":"","format":"standard","meta":{"sfsi_plus_gutenberg_text_before_share":"","sfsi_plus_gutenberg_show_text_before_share":"","sfsi_plus_gutenberg_icon_type":"","sfsi_plus_gutenberg_icon_alignemt":"","sfsi_plus_gutenburg_max_per_row":"","footnotes":""},"categories":[13],"tags":[],"class_list":["post-48042","post","type-post","status-publish","format-standard","has-post-thumbnail","hentry","category-esportes"],"_links":{"self":[{"href":"https:\/\/www.caririemacao.com\/1\/wp-json\/wp\/v2\/posts\/48042","targetHints":{"allow":["GET"]}}],"collection":[{"href":"https:\/\/www.caririemacao.com\/1\/wp-json\/wp\/v2\/posts"}],"about":[{"href":"https:\/\/www.caririemacao.com\/1\/wp-json\/wp\/v2\/types\/post"}],"author":[{"embeddable":true,"href":"https:\/\/www.caririemacao.com\/1\/wp-json\/wp\/v2\/users\/2"}],"replies":[{"embeddable":true,"href":"https:\/\/www.caririemacao.com\/1\/wp-json\/wp\/v2\/comments?post=48042"}],"version-history":[{"count":0,"href":"https:\/\/www.caririemacao.com\/1\/wp-json\/wp\/v2\/posts\/48042\/revisions"}],"wp:featuredmedia":[{"embeddable":true,"href":"https:\/\/www.caririemacao.com\/1\/wp-json\/wp\/v2\/media\/48046"}],"wp:attachment":[{"href":"https:\/\/www.caririemacao.com\/1\/wp-json\/wp\/v2\/media?parent=48042"}],"wp:term":[{"taxonomy":"category","embeddable":true,"href":"https:\/\/www.caririemacao.com\/1\/wp-json\/wp\/v2\/categories?post=48042"},{"taxonomy":"post_tag","embeddable":true,"href":"https:\/\/www.caririemacao.com\/1\/wp-json\/wp\/v2\/tags?post=48042"}],"curies":[{"name":"wp","href":"https:\/\/api.w.org\/{rel}","templated":true}]}}