{"id":48043,"date":"2018-04-18T10:05:21","date_gmt":"2018-04-18T13:05:21","guid":{"rendered":"http:\/\/caririemacao.com\/1\/?p=48043"},"modified":"2018-04-18T10:05:21","modified_gmt":"2018-04-18T13:05:21","slug":"o-corpo-do-jovem-desaparecido-no-rio-taperoa-e-encontrado-na-manha-desta-quarta-feira","status":"publish","type":"post","link":"https:\/\/www.caririemacao.com\/1\/2018\/04\/18\/o-corpo-do-jovem-desaparecido-no-rio-taperoa-e-encontrado-na-manha-desta-quarta-feira\/","title":{"rendered":"O corpo do Jovem desaparecido no Rio Tapero\u00e1 \u00e9 encontrado na manh\u00e3 desta Quarta-feira"},"content":{"rendered":"<hr \/>\n<p>Acabamos de Receber informa\u00e7\u00e3o que o Corpo do Jovem Jo\u00e3o Vitor foi encontrado na manh\u00e3 desta Quarta-feira no Po\u00e7o Fundo em Parari como era conhecido, Corpo de Bombeiro se encontra local aguardando a Per\u00edcia.<\/p>\n<p>O corpo do jovem Jo\u00e3o Victor Oliveira, de 14 anos, desaparecido nesta ter\u00e7a-feira (17) nas \u00e1guas do Rio Tapero\u00e1 foi encontrado sem vida na manh\u00e3 desta quarta (18). Segundo informa\u00e7\u00f5es apuradas, a v\u00edtima de afogamento estava preso \u00e0s pedras no fundo do ri<span class=\"text_exposed_show\">o e por isso ele n\u00e3o conseguiu subir ap\u00f3s o mergulho.<\/span><\/p>\n<div class=\"text_exposed_show\">\n<p>O afogamento ocorreu por volta das 15hrs desta ter\u00e7a-feira (17), quando Jo\u00e3o Victor e outros colegas foram tomar banho numa localidade conhecida como Po\u00e7o Grande, pr\u00f3ximo \u00e0 estrada de acesso \u00e0 S\u00e3o Jo\u00e3o do Cariri, bem na sa\u00edda do munic\u00edpio de Parari.<\/p>\n<p>Buscas foram realizadas pelo Corpo de Bombeiros ontem, mas apenas hoje pela manh\u00e3 as mesmas foram retomadas e o corpo encontrado. Familiares aguardam a chegada do IML para buscar o corpo e um exame poder\u00e1 confirmar a causa morte do jovem. Jo\u00e3o Victor sofria de problemas card\u00edacos e isso pode ter feito com que ele n\u00e3o tenha conseguido submergir ap\u00f3s o mergulho.<\/p>\n<p>Muita gente est\u00e1 no local do incidente e \u00e9 grande a tristeza no munic\u00edpio de Parari.<\/p>\n<p><strong>CARIRI EM A\u00c7\u00c3O<\/strong><\/p>\n<p><em>Com Jota Parari\/Foto:\u00a0Jota Parari<\/em><\/p>\n<p><strong>Leia mais not\u00edcias em\u00a0<\/strong><a href=\"http:\/\/www.caririemacao.com\/\"><strong>caririemacao.com<\/strong><\/a><strong>, siga nossa p\u00e1gina no\u00a0<\/strong><a href=\"https:\/\/www.facebook.com\/CaririEmAcao\/?ref=aymt_homepage_panel\"><strong>Facebook<\/strong><\/a>,<strong>\u00a0<\/strong><a href=\"https:\/\/www.instagram.com\/cariri_em_acao\/?hl=pt-br\"><strong>Instagram<\/strong><\/a><strong>\u00a0e\u00a0<\/strong><a href=\"https:\/\/www.youtube.com\/channel\/UCAptA0jQuYQy8vMhLt2m4qg\"><strong>Youtube<\/strong><\/a><strong>\u00a0e veja nossas mat\u00e9rias, v\u00eddeos e fotos. Voc\u00ea tamb\u00e9m pode enviar informa\u00e7\u00f5es \u00e0 Reda\u00e7\u00e3o do Portal Cariri em A\u00e7\u00e3o pelo WhatsApp (83) 9 9634.5791, (83) 9 9601-1162.<\/strong><\/p>\n<\/div>\n","protected":false},"excerpt":{"rendered":"<p>Acabamos de Receber informa\u00e7\u00e3o que o Corpo do Jovem Jo\u00e3o Vitor foi encontrado na manh\u00e3 desta Quarta-feira no Po\u00e7o Fundo em Parari como era conhecido,&hellip; <\/p>\n","protected":false},"author":2,"featured_media":47976,"comment_status":"closed","ping_status":"closed","sticky":false,"template":"","format":"standard","meta":{"sfsi_plus_gutenberg_text_before_share":"","sfsi_plus_gutenberg_show_text_before_share":"","sfsi_plus_gutenberg_icon_type":"","sfsi_plus_gutenberg_icon_alignemt":"","sfsi_plus_gutenburg_max_per_row":"","footnotes":""},"categories":[12],"tags":[],"class_list":["post-48043","post","type-post","status-publish","format-standard","has-post-thumbnail","hentry","category-policia"],"_links":{"self":[{"href":"https:\/\/www.caririemacao.com\/1\/wp-json\/wp\/v2\/posts\/48043","targetHints":{"allow":["GET"]}}],"collection":[{"href":"https:\/\/www.caririemacao.com\/1\/wp-json\/wp\/v2\/posts"}],"about":[{"href":"https:\/\/www.caririemacao.com\/1\/wp-json\/wp\/v2\/types\/post"}],"author":[{"embeddable":true,"href":"https:\/\/www.caririemacao.com\/1\/wp-json\/wp\/v2\/users\/2"}],"replies":[{"embeddable":true,"href":"https:\/\/www.caririemacao.com\/1\/wp-json\/wp\/v2\/comments?post=48043"}],"version-history":[{"count":0,"href":"https:\/\/www.caririemacao.com\/1\/wp-json\/wp\/v2\/posts\/48043\/revisions"}],"wp:featuredmedia":[{"embeddable":true,"href":"https:\/\/www.caririemacao.com\/1\/wp-json\/wp\/v2\/media\/47976"}],"wp:attachment":[{"href":"https:\/\/www.caririemacao.com\/1\/wp-json\/wp\/v2\/media?parent=48043"}],"wp:term":[{"taxonomy":"category","embeddable":true,"href":"https:\/\/www.caririemacao.com\/1\/wp-json\/wp\/v2\/categories?post=48043"},{"taxonomy":"post_tag","embeddable":true,"href":"https:\/\/www.caririemacao.com\/1\/wp-json\/wp\/v2\/tags?post=48043"}],"curies":[{"name":"wp","href":"https:\/\/api.w.org\/{rel}","templated":true}]}}