{"id":48045,"date":"2018-04-18T10:29:34","date_gmt":"2018-04-18T13:29:34","guid":{"rendered":"http:\/\/caririemacao.com\/1\/?p=48045"},"modified":"2018-04-18T10:50:28","modified_gmt":"2018-04-18T13:50:28","slug":"policia-investiga-possivel-furto-de-passaporte-de-lula-em-curitiba","status":"publish","type":"post","link":"https:\/\/www.caririemacao.com\/1\/2018\/04\/18\/policia-investiga-possivel-furto-de-passaporte-de-lula-em-curitiba\/","title":{"rendered":"Pol\u00edcia investiga poss\u00edvel furto de passaporte de Lula em Curitiba"},"content":{"rendered":"<p>A Pol\u00edcia Civil investiga um poss\u00edvel furto a objetos e documentos, entre eles o passaporte, do ex-presidente Luiz In\u00e1cio Lula da Silva na noite de segunda-feira (16), em Curitiba, que estavam no carro de um dos assessores de Lula.<\/p>\n<p>O ve\u00edculo, conforme o boletim de ocorr\u00eancia, estava na Alameda J\u00falia da Costa, no bairro S\u00e3o Francisco, em frente a um hotel. A Delegacia de Furtos e Roubos investiga o caso.<\/p>\n<p>Segundo o relato do boletim, o assessor deixou o carro estacionado na rua e, ao retornar, notou que o ve\u00edculo estava arrombado. Foram levados, de acordo com o registro, um frigobar, um iPhone 6, notas de dinheiro, duas pastas, documentos e tal\u00e3o de cheques de Lula.<\/p>\n<p>&#8220;Uma investiga\u00e7\u00e3o acontece, mas estamos muito preocupados. Objetos pessoais de Lula roubados causam muita preocupa\u00e7\u00e3o. A Secretaria de Seguran\u00e7a P\u00fablica tem de esclarecer o mais r\u00e1pido poss\u00edvel\u201d, disse a presidente nacional do PT, senadora Gleisi Hoffmann, nesta ter\u00e7a-feira (17).<\/p>\n<p>O carro, segundo a pol\u00edcia, passou por per\u00edcia papilosc\u00f3pica. Ainda de acordo com a pol\u00edcia, uma equipe de investigadores esteve no endere\u00e7o para levantar informa\u00e7\u00f5es e n\u00e3o encontrou c\u00e2meras de vigil\u00e2ncia no entorno do local.<\/p>\n<p>Funcion\u00e1rios do hotel foram ouvidos e o assessor prestou depoimento na Delegacia de Furtos e Roubos.<\/p>\n<p><strong>CARIRI EM A\u00c7\u00c3O<\/strong><\/p>\n<p><em>Com G1 \/Foto: Reprodu\u00e7\u00e3o Internet<\/em><\/p>\n<p><strong>Leia mais not\u00edcias em\u00a0<\/strong><a href=\"http:\/\/www.caririemacao.com\/\"><strong>caririemacao.com<\/strong><\/a><strong>, siga nossa p\u00e1gina no\u00a0<\/strong><a href=\"https:\/\/www.facebook.com\/CaririEmAcao\/?ref=aymt_homepage_panel\"><strong>Facebook<\/strong><\/a>,<strong>\u00a0<\/strong><a href=\"https:\/\/www.instagram.com\/cariri_em_acao\/?hl=pt-br\"><strong>Instagram<\/strong><\/a><strong>\u00a0e <\/strong><a href=\"https:\/\/www.youtube.com\/channel\/UCAptA0jQuYQy8vMhLt2m4qg\"><strong>Youtube<\/strong><\/a><strong>\u00a0e veja nossas mat\u00e9rias, v\u00eddeos e fotos. Voc\u00ea tamb\u00e9m pode enviar informa\u00e7\u00f5es \u00e0 Reda\u00e7\u00e3o do Portal Cariri em A\u00e7\u00e3o pelo WhatsApp (83) 9 9634.5791, (83) 9 9601-1162.<\/strong><\/p>\n","protected":false},"excerpt":{"rendered":"<p>A Pol\u00edcia Civil investiga um poss\u00edvel furto a objetos e documentos, entre eles o passaporte, do ex-presidente Luiz In\u00e1cio Lula da Silva na noite de&hellip; <\/p>\n","protected":false},"author":2,"featured_media":48057,"comment_status":"closed","ping_status":"closed","sticky":false,"template":"","format":"standard","meta":{"sfsi_plus_gutenberg_text_before_share":"","sfsi_plus_gutenberg_show_text_before_share":"","sfsi_plus_gutenberg_icon_type":"","sfsi_plus_gutenberg_icon_alignemt":"","sfsi_plus_gutenburg_max_per_row":"","footnotes":""},"categories":[12],"tags":[],"class_list":["post-48045","post","type-post","status-publish","format-standard","has-post-thumbnail","hentry","category-policia"],"_links":{"self":[{"href":"https:\/\/www.caririemacao.com\/1\/wp-json\/wp\/v2\/posts\/48045","targetHints":{"allow":["GET"]}}],"collection":[{"href":"https:\/\/www.caririemacao.com\/1\/wp-json\/wp\/v2\/posts"}],"about":[{"href":"https:\/\/www.caririemacao.com\/1\/wp-json\/wp\/v2\/types\/post"}],"author":[{"embeddable":true,"href":"https:\/\/www.caririemacao.com\/1\/wp-json\/wp\/v2\/users\/2"}],"replies":[{"embeddable":true,"href":"https:\/\/www.caririemacao.com\/1\/wp-json\/wp\/v2\/comments?post=48045"}],"version-history":[{"count":0,"href":"https:\/\/www.caririemacao.com\/1\/wp-json\/wp\/v2\/posts\/48045\/revisions"}],"wp:featuredmedia":[{"embeddable":true,"href":"https:\/\/www.caririemacao.com\/1\/wp-json\/wp\/v2\/media\/48057"}],"wp:attachment":[{"href":"https:\/\/www.caririemacao.com\/1\/wp-json\/wp\/v2\/media?parent=48045"}],"wp:term":[{"taxonomy":"category","embeddable":true,"href":"https:\/\/www.caririemacao.com\/1\/wp-json\/wp\/v2\/categories?post=48045"},{"taxonomy":"post_tag","embeddable":true,"href":"https:\/\/www.caririemacao.com\/1\/wp-json\/wp\/v2\/tags?post=48045"}],"curies":[{"name":"wp","href":"https:\/\/api.w.org\/{rel}","templated":true}]}}