{"id":48125,"date":"2018-04-18T22:08:41","date_gmt":"2018-04-19T01:08:41","guid":{"rendered":"http:\/\/caririemacao.com\/1\/?p=48125"},"modified":"2018-04-18T22:08:41","modified_gmt":"2018-04-19T01:08:41","slug":"nove-homens-sao-detidos-em-camalau-todos-estavam-dentro-de-uma-ambulancia","status":"publish","type":"post","link":"https:\/\/www.caririemacao.com\/1\/2018\/04\/18\/nove-homens-sao-detidos-em-camalau-todos-estavam-dentro-de-uma-ambulancia\/","title":{"rendered":"Nove homens s\u00e3o detidos em Camala\u00fa todos estavam dentro de uma Ambul\u00e2ncia"},"content":{"rendered":"<p>A Pol\u00edcia prendeu na madrugada desta quarta-feira, 18, nove homens suspeitos de envolvimento em roubo de cargas. A a\u00e7\u00e3o aconteceu em na cidade de Camala\u00fa, no Cariri.<\/p>\n<p>Conforme informa\u00e7\u00f5es da Pol\u00edcia, durante a madrugada, a guarni\u00e7\u00e3o do destacamento de Camala\u00fa visualizou dois ve\u00edculos em atitude suspeita transitando pela cidade, sendo um gol de cor branca e uma ambul\u00e2ncia branca sem identifica\u00e7\u00e3o. Os policiais de imediato realizaram a abordagem na ambul\u00e2ncia, pois o ve\u00edculo gol n\u00e3o para quando dado sinal de parada.<\/p>\n<p>Durante a abordagem, a guarni\u00e7\u00e3o constatou que dentro da ambul\u00e2ncia havia nove homens, sendo que dois deles j\u00e1 haviam sido presos por assalto. Diante das circunst\u00e2ncias e da suspei\u00e7\u00e3o para com os indiv\u00edduos, todos foram conduzidos para Delegacia Regional de Monteiro.<\/p>\n<p>Na delegacia, dois dos indiv\u00edduos confessaram que foram \u2018recrutados\u2019 para descarregar e carregar uma carga de caminh\u00e3o, por\u00e9m n\u00e3o sabiam informar onde seria feito o servi\u00e7o.<\/p>\n<p>O delegado de Pol\u00edcia Civil, Dr. Gilson Duarte, informou que a ocorr\u00eancia ainda n\u00e3o terminou que em breve haver\u00e1 novas informa\u00e7\u00f5es sobre o caso. O delegado informou ainda que os nove suspeitos encontram-se detidos na 14\u00b0DSPC de Monteiro.<\/p>\n<p><strong>CARIRI EM A\u00c7\u00c3O<\/strong><\/p>\n<p><em>Com Hora1PB \/Foto:Divulga\u00e7\u00e3o \u00a0<\/em><\/p>\n<p><strong>Leia mais not\u00edcias em\u00a0<\/strong><a href=\"http:\/\/www.caririemacao.com\/\"><strong>caririemacao.com<\/strong><\/a><strong>, siga nossa p\u00e1gina no\u00a0<\/strong><a href=\"https:\/\/www.facebook.com\/CaririEmAcao\/?ref=aymt_homepage_panel\"><strong>Facebook<\/strong><\/a>,<strong>\u00a0<\/strong><a href=\"https:\/\/www.instagram.com\/cariri_em_acao\/?hl=pt-br\"><strong>Instagram<\/strong><\/a><strong>\u00a0e <\/strong><a href=\"https:\/\/www.youtube.com\/channel\/UCAptA0jQuYQy8vMhLt2m4qg\"><strong>Youtube<\/strong><\/a><strong>\u00a0e veja nossas mat\u00e9rias, v\u00eddeos e fotos. Voc\u00ea tamb\u00e9m pode enviar informa\u00e7\u00f5es \u00e0 Reda\u00e7\u00e3o do Portal Cariri em A\u00e7\u00e3o pelo WhatsApp (83) 9 9634.5791, (83) 9 9601-1162.<\/strong><\/p>\n","protected":false},"excerpt":{"rendered":"<p>A Pol\u00edcia prendeu na madrugada desta quarta-feira, 18, nove homens suspeitos de envolvimento em roubo de cargas. A a\u00e7\u00e3o aconteceu em na cidade de Camala\u00fa,&hellip; <\/p>\n","protected":false},"author":2,"featured_media":48126,"comment_status":"closed","ping_status":"closed","sticky":false,"template":"","format":"standard","meta":{"sfsi_plus_gutenberg_text_before_share":"","sfsi_plus_gutenberg_show_text_before_share":"","sfsi_plus_gutenberg_icon_type":"","sfsi_plus_gutenberg_icon_alignemt":"","sfsi_plus_gutenburg_max_per_row":"","footnotes":""},"categories":[12],"tags":[],"class_list":["post-48125","post","type-post","status-publish","format-standard","has-post-thumbnail","hentry","category-policia"],"_links":{"self":[{"href":"https:\/\/www.caririemacao.com\/1\/wp-json\/wp\/v2\/posts\/48125","targetHints":{"allow":["GET"]}}],"collection":[{"href":"https:\/\/www.caririemacao.com\/1\/wp-json\/wp\/v2\/posts"}],"about":[{"href":"https:\/\/www.caririemacao.com\/1\/wp-json\/wp\/v2\/types\/post"}],"author":[{"embeddable":true,"href":"https:\/\/www.caririemacao.com\/1\/wp-json\/wp\/v2\/users\/2"}],"replies":[{"embeddable":true,"href":"https:\/\/www.caririemacao.com\/1\/wp-json\/wp\/v2\/comments?post=48125"}],"version-history":[{"count":0,"href":"https:\/\/www.caririemacao.com\/1\/wp-json\/wp\/v2\/posts\/48125\/revisions"}],"wp:featuredmedia":[{"embeddable":true,"href":"https:\/\/www.caririemacao.com\/1\/wp-json\/wp\/v2\/media\/48126"}],"wp:attachment":[{"href":"https:\/\/www.caririemacao.com\/1\/wp-json\/wp\/v2\/media?parent=48125"}],"wp:term":[{"taxonomy":"category","embeddable":true,"href":"https:\/\/www.caririemacao.com\/1\/wp-json\/wp\/v2\/categories?post=48125"},{"taxonomy":"post_tag","embeddable":true,"href":"https:\/\/www.caririemacao.com\/1\/wp-json\/wp\/v2\/tags?post=48125"}],"curies":[{"name":"wp","href":"https:\/\/api.w.org\/{rel}","templated":true}]}}