{"id":48131,"date":"2018-04-18T22:20:18","date_gmt":"2018-04-19T01:20:18","guid":{"rendered":"http:\/\/caririemacao.com\/1\/?p=48131"},"modified":"2018-04-18T22:20:18","modified_gmt":"2018-04-19T01:20:18","slug":"prefeitura-de-s-j-dos-cordeiros-distribui-10-mil-raquetes-de-palma-resistente-a-cochonilha-do-carmim","status":"publish","type":"post","link":"https:\/\/www.caririemacao.com\/1\/2018\/04\/18\/prefeitura-de-s-j-dos-cordeiros-distribui-10-mil-raquetes-de-palma-resistente-a-cochonilha-do-carmim\/","title":{"rendered":"Prefeitura de S J dos Cordeiros distribui 10 mil raquetes de palma resistente \u00e0 Cochonilha do Carmim"},"content":{"rendered":"<p>A Prefeitura de S\u00e3o Jos\u00e9 dos Cordeiros, atrav\u00e9s da Secretaria de Agricultura, concluiu nesta ter\u00e7a-feira (18) um projeto pioneiro de distribui\u00e7\u00e3o e propaga\u00e7\u00e3o de palma forrageira. Atrav\u00e9s dele, 10 mil raquetes de palma resistente \u00e0 Cochonilha do Carmim foram doadas a representantes de 10 associa\u00e7\u00f5es rurais ligadas ao Conselho Municipal de Desenvolvimento Rural.<\/p>\n<p>Segundo o secret\u00e1rio de agricultura, Deyvison Romeryto, cada associa\u00e7\u00e3o escolheu dez pessoas para receber 100 raquetes e a inten\u00e7\u00e3o da Prefeitura de S\u00e3o Jos\u00e9 dos Cordeiros \u00e9 propagar a cultura da palma resistente \u00e0 praga em toda a zona rural.<\/p>\n<p>Ao todo, 100 fam\u00edlias foram beneficiadas com o projeto, que distribuiu raquetes de palma \u201corelha de elefante\u201d, esp\u00e9cie Mexicana, resistente a cochonilha do Carmim. O projeto \u00e9 fruto de uma parceria entre a Prefeitura Municipal de S\u00e3o Jos\u00e9 dos Cordeiros, a qual adquiriu, cadastrou, distribuiu e instruiu os produtores rurais e a EMATER, atrav\u00e9s de seu t\u00e9cnico, Ismar Vilar, que junto \u00e0 Secretaria de Agricultura ir\u00e1 capacitar e fiscalizar o andamento da iniciativa.<\/p>\n<p>Ainda segundo o secret\u00e1rio Deyvison Romeryto, os benefici\u00e1rios ter\u00e3o o compromisso de plantar, cuidar e no futuro propagar em sua comunidade esta esp\u00e9cie de Palma Forrageira, fazendo com que todos saiam ganhando com bancos de propaga\u00e7\u00e3o.<\/p>\n<p>Segundo o prefeito Jefferson Roberto, a inten\u00e7\u00e3o da gest\u00e3o \u00e9 potencializar os agricultores para superar as adversidades e incentivar a produ\u00e7\u00e3o de uma planta t\u00e3o necess\u00e1ria para nossa realidade semi\u00e1rida, gerando mais riqueza na zona rural. \u201cCom o presente de Deus que foi a chegada das chuvas, n\u00f3s enquanto gestores precisamos criar alternativas para facilitar a vida de nossos agricultores e produtores rurais t\u00e3o castigados ao longo dos \u00faltimos anos. A parceria Prefeitura-produtor \u00e9 uma estrat\u00e9gia na qual acreditamos e temos certeza que s\u00f3 ser\u00e1 ampliada a partir de agora\u201d.<\/p>\n<p><strong>CARIRI EM A\u00c7\u00c3O<\/strong><\/p>\n<p><em>Com Ascom \/Foto: Divulga\u00e7\u00e3o \u00a0<\/em><\/p>\n<p><strong>Leia mais not\u00edcias em\u00a0<\/strong><a href=\"http:\/\/www.caririemacao.com\/\"><strong>caririemacao.com<\/strong><\/a><strong>, siga nossa p\u00e1gina no\u00a0<\/strong><a href=\"https:\/\/www.facebook.com\/CaririEmAcao\/?ref=aymt_homepage_panel\"><strong>Facebook<\/strong><\/a>,<strong>\u00a0<\/strong><a href=\"https:\/\/www.instagram.com\/cariri_em_acao\/?hl=pt-br\"><strong>Instagram<\/strong><\/a><strong>\u00a0e <\/strong><a href=\"https:\/\/www.youtube.com\/channel\/UCAptA0jQuYQy8vMhLt2m4qg\"><strong>Youtube<\/strong><\/a><strong>\u00a0e veja nossas mat\u00e9rias, v\u00eddeos e fotos. Voc\u00ea tamb\u00e9m pode enviar informa\u00e7\u00f5es \u00e0 Reda\u00e7\u00e3o do Portal Cariri em A\u00e7\u00e3o pelo WhatsApp (83) 9 9634.5791, (83) 9 9601-1162.<\/strong><\/p>\n","protected":false},"excerpt":{"rendered":"<p>A Prefeitura de S\u00e3o Jos\u00e9 dos Cordeiros, atrav\u00e9s da Secretaria de Agricultura, concluiu nesta ter\u00e7a-feira (18) um projeto pioneiro de distribui\u00e7\u00e3o e propaga\u00e7\u00e3o de palma&hellip; <\/p>\n","protected":false},"author":2,"featured_media":48132,"comment_status":"closed","ping_status":"closed","sticky":false,"template":"","format":"standard","meta":{"sfsi_plus_gutenberg_text_before_share":"","sfsi_plus_gutenberg_show_text_before_share":"","sfsi_plus_gutenberg_icon_type":"","sfsi_plus_gutenberg_icon_alignemt":"","sfsi_plus_gutenburg_max_per_row":"","footnotes":""},"categories":[2],"tags":[],"class_list":["post-48131","post","type-post","status-publish","format-standard","has-post-thumbnail","hentry","category-geral"],"_links":{"self":[{"href":"https:\/\/www.caririemacao.com\/1\/wp-json\/wp\/v2\/posts\/48131","targetHints":{"allow":["GET"]}}],"collection":[{"href":"https:\/\/www.caririemacao.com\/1\/wp-json\/wp\/v2\/posts"}],"about":[{"href":"https:\/\/www.caririemacao.com\/1\/wp-json\/wp\/v2\/types\/post"}],"author":[{"embeddable":true,"href":"https:\/\/www.caririemacao.com\/1\/wp-json\/wp\/v2\/users\/2"}],"replies":[{"embeddable":true,"href":"https:\/\/www.caririemacao.com\/1\/wp-json\/wp\/v2\/comments?post=48131"}],"version-history":[{"count":0,"href":"https:\/\/www.caririemacao.com\/1\/wp-json\/wp\/v2\/posts\/48131\/revisions"}],"wp:featuredmedia":[{"embeddable":true,"href":"https:\/\/www.caririemacao.com\/1\/wp-json\/wp\/v2\/media\/48132"}],"wp:attachment":[{"href":"https:\/\/www.caririemacao.com\/1\/wp-json\/wp\/v2\/media?parent=48131"}],"wp:term":[{"taxonomy":"category","embeddable":true,"href":"https:\/\/www.caririemacao.com\/1\/wp-json\/wp\/v2\/categories?post=48131"},{"taxonomy":"post_tag","embeddable":true,"href":"https:\/\/www.caririemacao.com\/1\/wp-json\/wp\/v2\/tags?post=48131"}],"curies":[{"name":"wp","href":"https:\/\/api.w.org\/{rel}","templated":true}]}}