{"id":48134,"date":"2018-04-18T22:26:16","date_gmt":"2018-04-19T01:26:16","guid":{"rendered":"http:\/\/caririemacao.com\/1\/?p=48134"},"modified":"2018-04-18T22:26:16","modified_gmt":"2018-04-19T01:26:16","slug":"conselho-de-etica-da-camara-arquiva-acao-contra-erika-kokay-por-chamar-temer-de-bandido","status":"publish","type":"post","link":"https:\/\/www.caririemacao.com\/1\/2018\/04\/18\/conselho-de-etica-da-camara-arquiva-acao-contra-erika-kokay-por-chamar-temer-de-bandido\/","title":{"rendered":"Conselho de \u00c9tica da C\u00e2mara arquiva a\u00e7\u00e3o contra \u00c9rika Kokay por chamar Temer de &#8220;bandido&#8221;"},"content":{"rendered":"<p>O Conselho de \u00c9tica da C\u00e2mara arquivou nesta quarta-feira, 18, o processo por quebra de decoro parlamentar contra a deputada \u00c9rika\u00a0 Kokay (PT-DF). A petista era acusada de inj\u00faria e difama\u00e7\u00e3o por ter feito um discurso no plen\u00e1rio contra o presidente Michel Temer (MDB), onde chamou o emedebista de &#8220;criminoso confesso&#8221; e &#8220;bandido&#8221;.<\/p>\n<p>No parecer aprovado hoje, o relator Adilton Sachetti (PRB-MT) votou pela inadmissibilidade da representa\u00e7\u00e3o do PR e disse que a petista agiu &#8220;acobertada pela imunidade parlamentar material&#8221;.<\/p>\n<p>&#8220;Qualquer manifesta\u00e7\u00e3o desfavor\u00e1vel de parlamentar sobre seus advers\u00e1rios, mesmo que se revista de tintas mais fortes, ou at\u00e9 mesmo usando express\u00f5es que na boca das pessoas comuns configurariam os crimes de cal\u00fania, inj\u00faria ou difama\u00e7\u00e3o n\u00e3o tem reprimenda da ordem constitucional vigente&#8221;, sustentou Sachetti.<\/p>\n<p>O plen\u00e1rio do colegiado tamb\u00e9m conheceu o relat\u00f3rio do deputado Pompeo de Mattos (PDT-RS) que pede o arquivamento da representa\u00e7\u00e3o do PR contra o deputado Ivan Valente (PSOL-SP). Valente \u00e9 acusado de cal\u00fania, inj\u00faria e difama\u00e7\u00e3o por ter feito um discurso no plen\u00e1rio onde insinuou que parlamentares receberam dinheiro p\u00fablico para salvar o mandato de Temer duas vezes. N\u00e3o houve tempo h\u00e1bil para votar o parecer deste processo disciplinar.<\/p>\n<p><strong>CARIRI EM A\u00c7\u00c3O<\/strong><\/p>\n<p><em>Com Uol\/Foto: Reprodu\u00e7\u00e3o Internet<\/em><\/p>\n<p><strong>Leia mais not\u00edcias em\u00a0<\/strong><a href=\"http:\/\/www.caririemacao.com\/\"><strong>caririemacao.com<\/strong><\/a><strong>, siga nossa p\u00e1gina no\u00a0<\/strong><a href=\"https:\/\/www.facebook.com\/CaririEmAcao\/?ref=aymt_homepage_panel\"><strong>Facebook<\/strong><\/a>,<strong>\u00a0<\/strong><a href=\"https:\/\/www.instagram.com\/cariri_em_acao\/?hl=pt-br\"><strong>Instagram<\/strong><\/a><strong>\u00a0e <\/strong><a href=\"https:\/\/www.youtube.com\/channel\/UCAptA0jQuYQy8vMhLt2m4qg\"><strong>Youtube<\/strong><\/a><strong>\u00a0e veja nossas mat\u00e9rias, v\u00eddeos e fotos. Voc\u00ea tamb\u00e9m pode enviar informa\u00e7\u00f5es \u00e0 Reda\u00e7\u00e3o do Portal Cariri em A\u00e7\u00e3o pelo WhatsApp (83) 9 9634.5791, (83) 9 9601-1162.<\/strong><\/p>\n","protected":false},"excerpt":{"rendered":"<p>O Conselho de \u00c9tica da C\u00e2mara arquivou nesta quarta-feira, 18, o processo por quebra de decoro parlamentar contra a deputada \u00c9rika\u00a0 Kokay (PT-DF). A petista&hellip; <\/p>\n","protected":false},"author":2,"featured_media":48135,"comment_status":"closed","ping_status":"closed","sticky":false,"template":"","format":"standard","meta":{"sfsi_plus_gutenberg_text_before_share":"","sfsi_plus_gutenberg_show_text_before_share":"","sfsi_plus_gutenberg_icon_type":"","sfsi_plus_gutenberg_icon_alignemt":"","sfsi_plus_gutenburg_max_per_row":"","footnotes":""},"categories":[11],"tags":[],"class_list":["post-48134","post","type-post","status-publish","format-standard","has-post-thumbnail","hentry","category-politica"],"_links":{"self":[{"href":"https:\/\/www.caririemacao.com\/1\/wp-json\/wp\/v2\/posts\/48134","targetHints":{"allow":["GET"]}}],"collection":[{"href":"https:\/\/www.caririemacao.com\/1\/wp-json\/wp\/v2\/posts"}],"about":[{"href":"https:\/\/www.caririemacao.com\/1\/wp-json\/wp\/v2\/types\/post"}],"author":[{"embeddable":true,"href":"https:\/\/www.caririemacao.com\/1\/wp-json\/wp\/v2\/users\/2"}],"replies":[{"embeddable":true,"href":"https:\/\/www.caririemacao.com\/1\/wp-json\/wp\/v2\/comments?post=48134"}],"version-history":[{"count":0,"href":"https:\/\/www.caririemacao.com\/1\/wp-json\/wp\/v2\/posts\/48134\/revisions"}],"wp:featuredmedia":[{"embeddable":true,"href":"https:\/\/www.caririemacao.com\/1\/wp-json\/wp\/v2\/media\/48135"}],"wp:attachment":[{"href":"https:\/\/www.caririemacao.com\/1\/wp-json\/wp\/v2\/media?parent=48134"}],"wp:term":[{"taxonomy":"category","embeddable":true,"href":"https:\/\/www.caririemacao.com\/1\/wp-json\/wp\/v2\/categories?post=48134"},{"taxonomy":"post_tag","embeddable":true,"href":"https:\/\/www.caririemacao.com\/1\/wp-json\/wp\/v2\/tags?post=48134"}],"curies":[{"name":"wp","href":"https:\/\/api.w.org\/{rel}","templated":true}]}}