{"id":48296,"date":"2018-04-19T22:04:30","date_gmt":"2018-04-20T01:04:30","guid":{"rendered":"http:\/\/caririemacao.com\/1\/?p=48296"},"modified":"2018-04-19T22:04:30","modified_gmt":"2018-04-20T01:04:30","slug":"joaquim-barbosa-se-reune-com-psb-para-acertar-candidatura-a-presidencia","status":"publish","type":"post","link":"https:\/\/www.caririemacao.com\/1\/2018\/04\/19\/joaquim-barbosa-se-reune-com-psb-para-acertar-candidatura-a-presidencia\/","title":{"rendered":"Joaquim Barbosa se re\u00fane com PSB para acertar candidatura \u00e0 Presid\u00eancia"},"content":{"rendered":"<p>Integrantes do PSB entusiastas da candidatura de\u00a0Joaquim Barbosa\u00a0\u00e0 Presid\u00eancia da Rep\u00fablica iniciam nesta quinta-feira (19) uma peregrina\u00e7\u00e3o entre os demais caciques da legenda para pacificar as resist\u00eancias em rela\u00e7\u00e3o ao ex-ministro do\u00a0STF\u00a0(Supremo Tribunal Federal).<\/p>\n<p>O primeiro passo \u00e9 uma reuni\u00e3o da c\u00fapula do partido, na qual ser\u00e1 discutida uma estrat\u00e9gia da campanha e condutas priorit\u00e1rias tanto para o jurista quanto para a sigla. &#8220;\u00c9 um contato para pessoas do partido para sentirem dele a disposi\u00e7\u00e3o [de disputar as elei\u00e7\u00f5es], ele colocar o que defende&#8221;, afirmou ao HuffPost Brasil o l\u00edder do PSB na C\u00e2mara, deputado\u00a0J\u00falio Delgado\u00a0(MG).<\/p>\n<p>Al\u00e9m das lideran\u00e7as da C\u00e2mara e do Senado e do presidente nacional do PSB, Carlos Siqueira, foram chamados para o encontro o vice-presidente da sigla,\u00a0Beto Albuquerque, o secret\u00e1rio-geral da legenda, Renato Casagrande e os 5 governadores:\u00a0Paulo C\u00e2mara\u00a0(Pernambuco),\u00a0M\u00e1rcio Fran\u00e7a\u00a0(S\u00e3o Paulo),\u00a0Rodrigo Rollemberg\u00a0(Distrito Federal), Daniel Pereira (Rond\u00f4nia) e Ricardo Coutinho (Para\u00edba).<\/p>\n<p>Apoiadores do ex-ministro se esfor\u00e7aram para minimizar diverg\u00eancias internas antes do lan\u00e7amento da candidatura. Na avalia\u00e7\u00e3o de Delgado, a pris\u00e3o do ex-presidente\u00a0Luiz In\u00e1cio Lula da Silva\u00a0ajudou a diminuir a resist\u00eancia em Pernambuco, estado de\u00a0Eduardo Campos, presidenci\u00e1vel do PSB em 2014 morto em um acidente durante a campanha.<\/p>\n<p>Havia uma articula\u00e7\u00e3o local entre socialistas com o PT. Na disputa pela reelei\u00e7\u00e3o, Paulo C\u00e2mara poderia apoiar Lula em troca da desist\u00eancia da candidatura de Mar\u00edlia Arraes ao governo pernambucano. A petista \u00e9 prima de Eduardo Campos e rompeu com o PSB em 2014.<\/p>\n<p>Apesar de o PT insistir que Lula ser\u00e1 candidato, h\u00e1 expectativas de que a candidatura seja barrada pela Justi\u00e7a Eleitoral. Condenado em 2\u00aa inst\u00e2ncia, o ex-presidente se enquadra na\u00a0Lei da Ficha Limpa.<\/p>\n<p>Aliados do ex-ministro tamb\u00e9m minimizam a resist\u00eancia em S\u00e3o Paulo. Vice no governo de\u00a0Geraldo Alckmin\u00a0(PSDB), M\u00e1rcio Fran\u00e7a chegou a propor uma chapa com Alckmin e Barbosa. &#8220;Decidir se vai ser candidato a presidente ou vice-candidato a presidente \u00e9 uma coisa que a gente vai fazer mais \u00e0 frente, de acordo com o andar da carruagem&#8221;, afirmou, ap\u00f3s evento no Minist\u00e9rio P\u00fablico de S\u00e3o Paulo na \u00faltima segunda-feira (16).<\/p>\n<p>No mesmo dia, o socialista afirmou, em entrevista \u00e0\u00a0R\u00e1dio Bandeirantes, que pretende convencer o partido da uni\u00e3o at\u00e9 as conven\u00e7\u00f5es de julho.<\/p>\n<p>Tamb\u00e9m se cogita uma alian\u00e7a com\u00a0Marina Silva, pr\u00e9-candidata da Rede ao Planalto. Carlos Siqueira, contudo, afirmou nesta quarta que ela deve continuar como candidata. Vice de Campos em 2014, ela disputou a corrida presidencial pelo PSB ap\u00f3s a morte do socialista.<\/p>\n<p>&#8220;A candidatura do ministro Joaquim Barbosa est\u00e1 sendo constru\u00edda tijolo a tijolo&#8221;, afirmou Siqueira a jornalistas nesta quarta-feira (18), no lan\u00e7amento do Manifesto pela Democracia, iniciativa com legendas progressistas. De acordo com ele, o jurista pode &#8220;oxigenar a pol\u00edtica brasileira, que tanto precisa de renova\u00e7\u00e3o&#8221;.<\/p>\n<p>Siqueira evitou falar de um prazo para o lan\u00e7amento da pr\u00e9-candidatura. &#8220;N\u00e3o costumamos dar prazos a n\u00f3s mesmos. Vamos tratando at\u00e9 que a consolida\u00e7\u00e3o se efetive e a\u00ed anunciaremos&#8221;, respondeu.<\/p>\n<p>A expectativa, segundo o\u00a0Estad\u00e3o, \u00e9 que a candidatura seja anunciada em 15 de maio. A partir dessa data os partidos podem iniciar a arrecada\u00e7\u00e3o de recursos para campanhas por meio de de financiamento coletivo (crowdfunding). Os valores, com limite de R$ 700 milh\u00f5es, s\u00f3 ser\u00e3o liberados pela Justi\u00e7a Eleitoral se o registro de candidatura for validado. Caso contr\u00e1rio, o dinheiro deve ser devolvido.<\/p>\n<p>Barbosa une votos de Lula a Bolsonaro<\/p>\n<p>A expectativa dos entusiastas da candidatura de Barbosa \u00e9 que ele seja uma alternativa \u00e0 polariza\u00e7\u00e3o pol\u00edtica e consiga votos desde eleitores de Lula a de\u00a0Jair Bolsonaro\u00a0(PSL). &#8220;Ele tem cabedal para acabar com o Pa\u00eds dividido entre mortadela e coxinha&#8221;, afirmou Delgado.<\/p>\n<p>De acordo com pesquisa da Ideia Big Data publicada pelo\u00a0Valor Econ\u00f4mico, eleitores das classes C, D e E enxergam no ex-ministro atributos tanto de Lula quanto do juiz\u00a0Sergio Moro, respons\u00e1vel pela condena\u00e7\u00e3o do petista.<\/p>\n<p>Segundo o estudo, &#8220;o maior patrim\u00f4nio&#8221; de Barbosa \u00e9 ser associado a valores como justi\u00e7a, honestidade e coragem, que aparecem ligados a Moro. O jurista &#8220;tamb\u00e9m \u00e9 percebido como um batalhador, um vencedor&#8221;, assim como Lula.<\/p>\n<p>Nascido em Paracatu (MG), Barbosa \u00e9 o mais velho de 8 irm\u00e3os filhos de um pedreiro e de uma dona de casa. Na inf\u00e2ncia, ajudava o pai fazendo tijolos e entregando lenha em um caminh\u00e3o da fam\u00edlia. O magistrado foi indicado para o STF em 2003 por Lula.<\/p>\n<p>Ganhou notoriedade como relator no julgamento do\u00a0mensal\u00e3o, em 2012. Na \u00e9poca, foi visto como algoz do PT. Foi nesse ano que ele assumiu tamb\u00e9m a presid\u00eancia da corte, posto que deixou em 2014, ao aposentar-se voluntariamente antes do t\u00e9rmino do mandato.<\/p>\n<p>O avan\u00e7o nas conversas sobre a candidatura ganhou impulso ap\u00f3s divulga\u00e7\u00e3o da pesquisa\u00a0Datafolha\u00a0no fim de semana. De acordo com a sondagem, Barbosa tem entre 9% e 10% das inten\u00e7\u00f5es de voto e aparece entre os 4 primeiros colocados.<\/p>\n<p>A prioridade da campanha deve ser o compromisso social e econ\u00f4mico. Entre os temas que ser\u00e3o discutidos, est\u00e1 a reforma tribut\u00e1ria. Parte do PSB defende o imposto \u00fanico, mas \u00e9 preciso chegar a um consenso com o presidenci\u00e1vel.<\/p>\n<p><strong>CARIRI EM A\u00c7\u00c3O<\/strong><\/p>\n<p><em>Com msn \/Foto: Reprodu\u00e7\u00e3o Internet<\/em><\/p>\n<p><strong>Leia mais not\u00edcias em\u00a0<\/strong><a href=\"http:\/\/www.caririemacao.com\/\"><strong>caririemacao.com<\/strong><\/a><strong>, siga nossa p\u00e1gina no\u00a0<\/strong><a href=\"https:\/\/www.facebook.com\/CaririEmAcao\/?ref=aymt_homepage_panel\"><strong>Facebook<\/strong><\/a>,<strong>\u00a0<\/strong><a href=\"https:\/\/www.instagram.com\/cariri_em_acao\/?hl=pt-br\"><strong>Instagram<\/strong><\/a><strong>\u00a0e <\/strong><a href=\"https:\/\/www.youtube.com\/channel\/UCAptA0jQuYQy8vMhLt2m4qg\"><strong>Youtube<\/strong><\/a><strong>\u00a0e veja nossas mat\u00e9rias, v\u00eddeos e fotos. Voc\u00ea tamb\u00e9m pode enviar informa\u00e7\u00f5es \u00e0 Reda\u00e7\u00e3o do Portal Cariri em A\u00e7\u00e3o pelo WhatsApp (83) 9 9634.5791, (83) 9 9601-1162.<\/strong><\/p>\n","protected":false},"excerpt":{"rendered":"<p>Integrantes do PSB entusiastas da candidatura de\u00a0Joaquim Barbosa\u00a0\u00e0 Presid\u00eancia da Rep\u00fablica iniciam nesta quinta-feira (19) uma peregrina\u00e7\u00e3o entre os demais caciques da legenda para pacificar&hellip; <\/p>\n","protected":false},"author":2,"featured_media":48298,"comment_status":"closed","ping_status":"closed","sticky":false,"template":"","format":"standard","meta":{"sfsi_plus_gutenberg_text_before_share":"","sfsi_plus_gutenberg_show_text_before_share":"","sfsi_plus_gutenberg_icon_type":"","sfsi_plus_gutenberg_icon_alignemt":"","sfsi_plus_gutenburg_max_per_row":"","footnotes":""},"categories":[2],"tags":[],"class_list":["post-48296","post","type-post","status-publish","format-standard","has-post-thumbnail","hentry","category-geral"],"_links":{"self":[{"href":"https:\/\/www.caririemacao.com\/1\/wp-json\/wp\/v2\/posts\/48296","targetHints":{"allow":["GET"]}}],"collection":[{"href":"https:\/\/www.caririemacao.com\/1\/wp-json\/wp\/v2\/posts"}],"about":[{"href":"https:\/\/www.caririemacao.com\/1\/wp-json\/wp\/v2\/types\/post"}],"author":[{"embeddable":true,"href":"https:\/\/www.caririemacao.com\/1\/wp-json\/wp\/v2\/users\/2"}],"replies":[{"embeddable":true,"href":"https:\/\/www.caririemacao.com\/1\/wp-json\/wp\/v2\/comments?post=48296"}],"version-history":[{"count":0,"href":"https:\/\/www.caririemacao.com\/1\/wp-json\/wp\/v2\/posts\/48296\/revisions"}],"wp:featuredmedia":[{"embeddable":true,"href":"https:\/\/www.caririemacao.com\/1\/wp-json\/wp\/v2\/media\/48298"}],"wp:attachment":[{"href":"https:\/\/www.caririemacao.com\/1\/wp-json\/wp\/v2\/media?parent=48296"}],"wp:term":[{"taxonomy":"category","embeddable":true,"href":"https:\/\/www.caririemacao.com\/1\/wp-json\/wp\/v2\/categories?post=48296"},{"taxonomy":"post_tag","embeddable":true,"href":"https:\/\/www.caririemacao.com\/1\/wp-json\/wp\/v2\/tags?post=48296"}],"curies":[{"name":"wp","href":"https:\/\/api.w.org\/{rel}","templated":true}]}}