{"id":48299,"date":"2018-04-19T22:06:04","date_gmt":"2018-04-20T01:06:04","guid":{"rendered":"http:\/\/caririemacao.com\/1\/?p=48299"},"modified":"2018-04-19T22:06:04","modified_gmt":"2018-04-20T01:06:04","slug":"prefeitura-municipal-de-gurjao-8-h-%c2%b7-gurjaosemana-de-incentivo-a-leitura-e-cultura-encerra-se-nesta-sexta-20","status":"publish","type":"post","link":"https:\/\/www.caririemacao.com\/1\/2018\/04\/19\/prefeitura-municipal-de-gurjao-8-h-%c2%b7-gurjaosemana-de-incentivo-a-leitura-e-cultura-encerra-se-nesta-sexta-20\/","title":{"rendered":"Prefeitura Municipal de Gurj\u00e3o 8 h \u00b7  Gurj\u00e3o:Semana de Incentivo \u00e0 Leitura e cultura encerra-se nesta sexta (20)"},"content":{"rendered":"<p>A Prefeitura de Gurj\u00e3o , por meio da secretarias de Educa\u00e7\u00e3o, est\u00e1 promovendo a semana de Incentivo \u00e0 Leitura e a Cultura , que acontece dos dias 16 a 20 de abril.<\/p>\n<p>Com o tema \u201cCantando e Encantando \u201d e em homenageando Monteiro Lobato , a semana tem como objetivo estimular os estudantes a conhecer e se aventurar pelo universo da leitura e desenvolver a\u00e7\u00f5es mais efetivas sobre a import\u00e2ncia do<span class=\"text_exposed_show\">\u00a0h\u00e1bito de ler.<\/span><\/p>\n<div class=\"text_exposed_show\">\n<p>O prefeito Ronaldo Queiroz ressalta que a Semana de Incentivo \u00e0 Leitura e Cultura abrangeu todos os cidad\u00e3os de Gurj\u00e3o , para que o conhecimento seja adquirido pela leitura. \u201cEsse evento tem como prioridade abranger toda Gurj\u00e3o , todos os locais da cidade, principalmente as escolas municipais, pois temos alunos que necessitam do h\u00e1bito da leitura para colaborar no processo de aprendizagem. O objetivo \u00e9 oferecer aos cidad\u00e3os conhecimento gratuito por meio da leitura, atrav\u00e9s das diversas a\u00e7\u00f5es que acontecer\u00e3o na semana e atrav\u00e9s da distribui\u00e7\u00e3o gratuita de livros e poesias. Porque ler desenvolve a imagina\u00e7\u00e3o, enriquece o vocabul\u00e1rio e ajuda a desenvolver o intelecto do ser humano\u201d, disse o prefeito.<\/p>\n<p>Durante a semana, diversas a\u00e7\u00f5es aconteceram dentro das escolas municipais, que foram definidas por cada dire\u00e7\u00e3o respons\u00e1vel e foram colocadas algumas poesias, poemas e textos nos \u00f4nibus p\u00fablicos da cidade, para incentivar a leitura e a cultura que termina nesta sexta , veja a programa\u00e7\u00e3o:<\/p>\n<p>16:00 em pra\u00e7a publica:<\/p>\n<p>\u00b7 Abertura oficial<\/p>\n<p>\u00b7 Apresenta\u00e7\u00e3o dos trabalhos das escolas<\/p>\n<p>\u00b7 Coral das crian\u00e7as<\/p>\n<p>\u00b7 Apresenta\u00e7\u00e3o de RIP ROP<\/p>\n<p>\u00b7 Declama\u00e7\u00e3o de Lila Concei\u00e7\u00e3o (Poema Gurj\u00e3o com olhos do cora\u00e7\u00e3o)<\/p>\n<p>\u00b7 Carro da FIEP (Ballet do Teatro Municipal de Campina Grande)<\/p>\n<p>\u00b7 Participa\u00e7\u00e3o especial da pastoral da juventude de Gurj\u00e3o<\/p>\n<p>\u00b7 Distribui\u00e7\u00e3o de pipocas e algod\u00e3o doce<\/p>\n<p><strong>CARIRI EM A\u00c7\u00c3O<\/strong><\/p>\n<p><em>Com Ascom\/Foto: Ascom<\/em><\/p>\n<p><strong>Leia mais not\u00edcias em\u00a0<\/strong><a href=\"http:\/\/www.caririemacao.com\/\"><strong>caririemacao.com<\/strong><\/a><strong>, siga nossa p\u00e1gina no\u00a0<\/strong><a href=\"https:\/\/www.facebook.com\/CaririEmAcao\/?ref=aymt_homepage_panel\"><strong>Facebook<\/strong><\/a>,<strong>\u00a0<\/strong><a href=\"https:\/\/www.instagram.com\/cariri_em_acao\/?hl=pt-br\"><strong>Instagram<\/strong><\/a><strong>\u00a0e\u00a0<\/strong><a href=\"https:\/\/www.youtube.com\/channel\/UCAptA0jQuYQy8vMhLt2m4qg\"><strong>Youtube<\/strong><\/a><strong>\u00a0e veja nossas mat\u00e9rias, v\u00eddeos e fotos. Voc\u00ea tamb\u00e9m pode enviar informa\u00e7\u00f5es \u00e0 Reda\u00e7\u00e3o do Portal Cariri em A\u00e7\u00e3o pelo WhatsApp (83) 9 9634.5791, (83) 9 9601-1162.<\/strong><\/p>\n<\/div>\n","protected":false},"excerpt":{"rendered":"<p>A Prefeitura de Gurj\u00e3o , por meio da secretarias de Educa\u00e7\u00e3o, est\u00e1 promovendo a semana de Incentivo \u00e0 Leitura e a Cultura , que acontece&hellip; <\/p>\n","protected":false},"author":2,"featured_media":48300,"comment_status":"closed","ping_status":"closed","sticky":false,"template":"","format":"standard","meta":{"sfsi_plus_gutenberg_text_before_share":"","sfsi_plus_gutenberg_show_text_before_share":"","sfsi_plus_gutenberg_icon_type":"","sfsi_plus_gutenberg_icon_alignemt":"","sfsi_plus_gutenburg_max_per_row":"","footnotes":""},"categories":[1],"tags":[],"class_list":["post-48299","post","type-post","status-publish","format-standard","has-post-thumbnail","hentry","category-o-site"],"_links":{"self":[{"href":"https:\/\/www.caririemacao.com\/1\/wp-json\/wp\/v2\/posts\/48299","targetHints":{"allow":["GET"]}}],"collection":[{"href":"https:\/\/www.caririemacao.com\/1\/wp-json\/wp\/v2\/posts"}],"about":[{"href":"https:\/\/www.caririemacao.com\/1\/wp-json\/wp\/v2\/types\/post"}],"author":[{"embeddable":true,"href":"https:\/\/www.caririemacao.com\/1\/wp-json\/wp\/v2\/users\/2"}],"replies":[{"embeddable":true,"href":"https:\/\/www.caririemacao.com\/1\/wp-json\/wp\/v2\/comments?post=48299"}],"version-history":[{"count":0,"href":"https:\/\/www.caririemacao.com\/1\/wp-json\/wp\/v2\/posts\/48299\/revisions"}],"wp:featuredmedia":[{"embeddable":true,"href":"https:\/\/www.caririemacao.com\/1\/wp-json\/wp\/v2\/media\/48300"}],"wp:attachment":[{"href":"https:\/\/www.caririemacao.com\/1\/wp-json\/wp\/v2\/media?parent=48299"}],"wp:term":[{"taxonomy":"category","embeddable":true,"href":"https:\/\/www.caririemacao.com\/1\/wp-json\/wp\/v2\/categories?post=48299"},{"taxonomy":"post_tag","embeddable":true,"href":"https:\/\/www.caririemacao.com\/1\/wp-json\/wp\/v2\/tags?post=48299"}],"curies":[{"name":"wp","href":"https:\/\/api.w.org\/{rel}","templated":true}]}}