{"id":48302,"date":"2018-04-19T22:07:56","date_gmt":"2018-04-20T01:07:56","guid":{"rendered":"http:\/\/caririemacao.com\/1\/?p=48302"},"modified":"2018-04-19T22:07:56","modified_gmt":"2018-04-20T01:07:56","slug":"vitoria-bate-inter-nos-penaltis-e-vai-as-oitavas-da-copa-do-brasil","status":"publish","type":"post","link":"https:\/\/www.caririemacao.com\/1\/2018\/04\/19\/vitoria-bate-inter-nos-penaltis-e-vai-as-oitavas-da-copa-do-brasil\/","title":{"rendered":"Vit\u00f3ria bate Inter nos p\u00eanaltis e vai \u00e0s oitavas da Copa do Brasil"},"content":{"rendered":"<p>O\u00a0Vit\u00f3ria\u00a0estava sendo eliminado da Copa do Brasil at\u00e9 os 35min do segundo tempo, mas conseguiu bater o\u00a0Internacional\u00a0por 1 a 0 no Barrad\u00e3o, nesta quinta-feira. Na disputa de p\u00eanaltis, os mandantes triunfaram por 4 a 3 e confirmaram a classifica\u00e7\u00e3o \u00e0s oitavas de final.<\/p>\n<p>Depois de ter falhado no fim do jogo de ida, definindo o rev\u00e9s por 2 a 1 no Beira-Rio, o goleiro Ca\u00edque virou o her\u00f3i do confronto ao defender as cobran\u00e7as de\u00a0Nico Lopez e Gabriel Dias. Somente\u00a0Camilo, Fabiano e Patrick converteram as cobran\u00e7as pelos colorados. J\u00e1 pela equipe da casa,\u00a0Denilson, Uillian Correia, Jos\u00e9 Welison e Neilton marcaram.\u00a0Nickson parou no goleiro Marcelo Lomba.<\/p>\n<p>Precisando marcar para, pelo menos, levar a decis\u00e3o aos p\u00eanaltis, os mandantes tiveram mais chances claras de gol, ainda que estas tenham sido poucas ao longo da partida. Neste cen\u00e1rio, os ga\u00fachos iam garantindo a classifica\u00e7\u00e3o at\u00e9 os 35min, quando Neilton converteu p\u00eanalti cometido por Iago em Denilson.<\/p>\n<p>A equipe rubro-negra ir\u00e1 descobrir seu advers\u00e1rio na pr\u00f3xima fase em sorteio a ser realizado nesta sexta-feira, \u00e0s 11h (de Bras\u00edlia).<\/p>\n<p>Agora, os dois times voltar\u00e3o a campo no final de semana pela segunda rodada do Campeonato Brasileiro. No domingo, o Vit\u00f3ria ir\u00e1 ao Independ\u00eancia encarar o Atl\u00e9tico-MG, \u00e0s 16h (de Bras\u00edlia). No mesmo dia e hor\u00e1rio, o Inter visitar\u00e1 o Palmeiras no Pacaembu.<\/p>\n<p><strong>CARIRI EM A\u00c7\u00c3O<\/strong><\/p>\n<p><em>Com ESPN\/Foto:Gazeta Press<\/em><\/p>\n<p><strong>Leia mais not\u00edcias em\u00a0<\/strong><a href=\"http:\/\/www.caririemacao.com\/\"><strong>caririemacao.com<\/strong><\/a><strong>, siga nossa p\u00e1gina no\u00a0<\/strong><a href=\"https:\/\/www.facebook.com\/CaririEmAcao\/?ref=aymt_homepage_panel\"><strong>Facebook<\/strong><\/a>,<strong>\u00a0<\/strong><a href=\"https:\/\/www.instagram.com\/cariri_em_acao\/?hl=pt-br\"><strong>Instagram<\/strong><\/a><strong>\u00a0e <\/strong><a href=\"https:\/\/www.youtube.com\/channel\/UCAptA0jQuYQy8vMhLt2m4qg\"><strong>Youtube<\/strong><\/a><strong>\u00a0e veja nossas mat\u00e9rias, v\u00eddeos e fotos. Voc\u00ea tamb\u00e9m pode enviar informa\u00e7\u00f5es \u00e0 Reda\u00e7\u00e3o do Portal Cariri em A\u00e7\u00e3o pelo WhatsApp (83) 9 9634.5791, (83) 9 9601-1162.<\/strong><\/p>\n","protected":false},"excerpt":{"rendered":"<p>O\u00a0Vit\u00f3ria\u00a0estava sendo eliminado da Copa do Brasil at\u00e9 os 35min do segundo tempo, mas conseguiu bater o\u00a0Internacional\u00a0por 1 a 0 no Barrad\u00e3o, nesta quinta-feira. Na&hellip; <\/p>\n","protected":false},"author":2,"featured_media":48304,"comment_status":"closed","ping_status":"closed","sticky":false,"template":"","format":"standard","meta":{"sfsi_plus_gutenberg_text_before_share":"","sfsi_plus_gutenberg_show_text_before_share":"","sfsi_plus_gutenberg_icon_type":"","sfsi_plus_gutenberg_icon_alignemt":"","sfsi_plus_gutenburg_max_per_row":"","footnotes":""},"categories":[13],"tags":[],"class_list":["post-48302","post","type-post","status-publish","format-standard","has-post-thumbnail","hentry","category-esportes"],"_links":{"self":[{"href":"https:\/\/www.caririemacao.com\/1\/wp-json\/wp\/v2\/posts\/48302","targetHints":{"allow":["GET"]}}],"collection":[{"href":"https:\/\/www.caririemacao.com\/1\/wp-json\/wp\/v2\/posts"}],"about":[{"href":"https:\/\/www.caririemacao.com\/1\/wp-json\/wp\/v2\/types\/post"}],"author":[{"embeddable":true,"href":"https:\/\/www.caririemacao.com\/1\/wp-json\/wp\/v2\/users\/2"}],"replies":[{"embeddable":true,"href":"https:\/\/www.caririemacao.com\/1\/wp-json\/wp\/v2\/comments?post=48302"}],"version-history":[{"count":0,"href":"https:\/\/www.caririemacao.com\/1\/wp-json\/wp\/v2\/posts\/48302\/revisions"}],"wp:featuredmedia":[{"embeddable":true,"href":"https:\/\/www.caririemacao.com\/1\/wp-json\/wp\/v2\/media\/48304"}],"wp:attachment":[{"href":"https:\/\/www.caririemacao.com\/1\/wp-json\/wp\/v2\/media?parent=48302"}],"wp:term":[{"taxonomy":"category","embeddable":true,"href":"https:\/\/www.caririemacao.com\/1\/wp-json\/wp\/v2\/categories?post=48302"},{"taxonomy":"post_tag","embeddable":true,"href":"https:\/\/www.caririemacao.com\/1\/wp-json\/wp\/v2\/tags?post=48302"}],"curies":[{"name":"wp","href":"https:\/\/api.w.org\/{rel}","templated":true}]}}