{"id":48344,"date":"2018-04-20T08:42:22","date_gmt":"2018-04-20T11:42:22","guid":{"rendered":"http:\/\/caririemacao.com\/1\/?p=48344"},"modified":"2018-04-20T08:42:22","modified_gmt":"2018-04-20T11:42:22","slug":"defesa-pede-prioridade-no-julgamento-do-recurso-de-lula-no-stf","status":"publish","type":"post","link":"https:\/\/www.caririemacao.com\/1\/2018\/04\/20\/defesa-pede-prioridade-no-julgamento-do-recurso-de-lula-no-stf\/","title":{"rendered":"Defesa pede prioridade no julgamento do recurso de Lula no STF"},"content":{"rendered":"<p><span class=\"news_capital_letter\">A\u00a0<\/span>defesa do ex-presidente Luiz In\u00e1cio Lula da Silva (PT) pediu prioridade no julgamento do recurso contra a decis\u00e3o do ministro Edson Fachin que negou a reclama\u00e7\u00e3o do petista, feita ao Supremo Tribunal Federal (STF) um dia antes de sua pris\u00e3o. Lula cumpre pena por corrup\u00e7\u00e3o passiva e lavagem de dinheiro na Superintend\u00eancia da Pol\u00edcia Federal de Curitiba desde o dia 7 de abril.<\/p>\n<p>Segundo o grupo de advogados do petista, o julgamento do caso &#8220;revela m\u00e1xima urg\u00eancia&#8221;, uma vez que Lula se encontra preso em regime fechado por causa da decis\u00e3o que a defesa tenta derrubar no recurso.<\/p>\n<p>Para os advogados do ex-presidente, a pris\u00e3o de Lula \u00e9 ilegal porque o Tribunal Regional Federal da 4\u00aa Regi\u00e3o (TRF-4) ainda precisa decidir sobre a admiss\u00e3o dos recursos extraordin\u00e1rios no caso do triplex do Guaruj\u00e1. De acordo com a defesa, em fun\u00e7\u00e3o disso, a segunda inst\u00e2ncia da Justi\u00e7a ainda n\u00e3o exauriu no caso do petista.<\/p>\n<p>A defesa de Lula ainda pede que o recurso seja levado em mesa na pr\u00f3xima sess\u00e3o da Segunda Turma da Corte, que ocorre no pr\u00f3ximo dia 24.<\/p>\n<p>Em manifesta\u00e7\u00e3o enviada ao Supremo nesta quinta-feira, a Procuradoria-Geral da Rep\u00fablica (PGR) defende a pris\u00e3o e a manuten\u00e7\u00e3o do ac\u00f3rd\u00e3o do TRF-4.<\/p>\n<p><strong>Pedido<\/strong><\/p>\n<p>A tese levantada no pedido feito no recurso de Lula ao STF, protocolado na \u00faltima sexta, 13, alega que a Corte, ao decidir em 2016 que \u00e9 poss\u00edvel executar a pena antecipada, n\u00e3o definiu que a segunda inst\u00e2ncia exaure ao serem julgados os primeiros embargos de declara\u00e7\u00e3o.<\/p>\n<p>Para a defesa, a segunda inst\u00e2ncia s\u00f3 se esgota ap\u00f3s o TRF-4, no caso de Lula, se desvencilhar de qualquer decis\u00e3o em rela\u00e7\u00e3o aos recursos extraordin\u00e1rios. O tribunal de segunda inst\u00e2ncia \u00e9 respons\u00e1vel por admitir o recurso especial, que \u00e9 analisado pelo Superior Tribunal de Justi\u00e7a (STJ). Os advogados ainda acrescentam que o segundo grau s\u00f3 acaba quando \u00e9 analisado um eventual agravo contra uma n\u00e3o admiss\u00e3o do recurso no tribunal.<\/p>\n<p>A argumenta\u00e7\u00e3o dos advogados \u00e9 para que o ministro Edson Fachin reconsidere a decis\u00e3o que negou o seguimento da reclama\u00e7\u00e3o contra a pris\u00e3o do petista.<\/p>\n<div class=\"ol-content-category-s\"><strong>CARIRI EM A\u00c7\u00c3O<\/strong><\/div>\n<div>\n<p><em>Com Politica ao Minuto\/Foto: Reprodu\u00e7\u00e3o google<\/em><\/p>\n<p><strong>Leia mais not\u00edcias em\u00a0<\/strong><a href=\"http:\/\/www.caririemacao.com\/\"><strong>caririemacao.com<\/strong><\/a><strong>, siga nossa p\u00e1gina no\u00a0<\/strong><a href=\"https:\/\/www.facebook.com\/CaririEmAcao\/?ref=aymt_homepage_panel\"><strong>Facebook<\/strong><\/a>,<strong>\u00a0<\/strong><a href=\"https:\/\/www.instagram.com\/cariri_em_acao\/?hl=pt-br\"><strong>Instagram<\/strong><\/a><strong>\u00a0e\u00a0<\/strong><a href=\"https:\/\/www.youtube.com\/channel\/UCAptA0jQuYQy8vMhLt2m4qg\"><strong>Youtube<\/strong><\/a><strong>\u00a0e veja nossas mat\u00e9rias, v\u00eddeos e fotos. Voc\u00ea tamb\u00e9m pode enviar informa\u00e7\u00f5es \u00e0 Reda\u00e7\u00e3o do Portal Cariri em A\u00e7\u00e3o pelo WhatsApp (83) 9 9634.5791, (83) 9 9601-1162.<\/strong><\/p>\n<\/div>\n","protected":false},"excerpt":{"rendered":"<p>A\u00a0defesa do ex-presidente Luiz In\u00e1cio Lula da Silva (PT) pediu prioridade no julgamento do recurso contra a decis\u00e3o do ministro Edson Fachin que negou a&hellip; <\/p>\n","protected":false},"author":2,"featured_media":48345,"comment_status":"closed","ping_status":"closed","sticky":false,"template":"","format":"standard","meta":{"sfsi_plus_gutenberg_text_before_share":"","sfsi_plus_gutenberg_show_text_before_share":"","sfsi_plus_gutenberg_icon_type":"","sfsi_plus_gutenberg_icon_alignemt":"","sfsi_plus_gutenburg_max_per_row":"","footnotes":""},"categories":[11],"tags":[],"class_list":["post-48344","post","type-post","status-publish","format-standard","has-post-thumbnail","hentry","category-politica"],"_links":{"self":[{"href":"https:\/\/www.caririemacao.com\/1\/wp-json\/wp\/v2\/posts\/48344","targetHints":{"allow":["GET"]}}],"collection":[{"href":"https:\/\/www.caririemacao.com\/1\/wp-json\/wp\/v2\/posts"}],"about":[{"href":"https:\/\/www.caririemacao.com\/1\/wp-json\/wp\/v2\/types\/post"}],"author":[{"embeddable":true,"href":"https:\/\/www.caririemacao.com\/1\/wp-json\/wp\/v2\/users\/2"}],"replies":[{"embeddable":true,"href":"https:\/\/www.caririemacao.com\/1\/wp-json\/wp\/v2\/comments?post=48344"}],"version-history":[{"count":0,"href":"https:\/\/www.caririemacao.com\/1\/wp-json\/wp\/v2\/posts\/48344\/revisions"}],"wp:featuredmedia":[{"embeddable":true,"href":"https:\/\/www.caririemacao.com\/1\/wp-json\/wp\/v2\/media\/48345"}],"wp:attachment":[{"href":"https:\/\/www.caririemacao.com\/1\/wp-json\/wp\/v2\/media?parent=48344"}],"wp:term":[{"taxonomy":"category","embeddable":true,"href":"https:\/\/www.caririemacao.com\/1\/wp-json\/wp\/v2\/categories?post=48344"},{"taxonomy":"post_tag","embeddable":true,"href":"https:\/\/www.caririemacao.com\/1\/wp-json\/wp\/v2\/tags?post=48344"}],"curies":[{"name":"wp","href":"https:\/\/api.w.org\/{rel}","templated":true}]}}