{"id":48350,"date":"2018-04-20T10:08:47","date_gmt":"2018-04-20T13:08:47","guid":{"rendered":"http:\/\/caririemacao.com\/1\/?p=48350"},"modified":"2018-04-20T10:08:47","modified_gmt":"2018-04-20T13:08:47","slug":"liberar-fgts-teria-impacto-de-r-25-bilhoes","status":"publish","type":"post","link":"https:\/\/www.caririemacao.com\/1\/2018\/04\/20\/liberar-fgts-teria-impacto-de-r-25-bilhoes\/","title":{"rendered":"Liberar FGTS teria impacto de R$ 25 bilh\u00f5es"},"content":{"rendered":"<p>A libera\u00e7\u00e3o do\u00a0FGTS\u00a0para o trabalhador que pedir demiss\u00e3o poder\u00e1 drenar de R$ 23 bilh\u00f5es a R$ 25 bilh\u00f5es por ano do Fundo de Garantia, colocando em risco sua sustentabilidade no m\u00e9dio prazo, segundo estudo do Minist\u00e9rio do Planejamento. Em entrevista ao\u00a0<i>Estad\u00e3o\/Broadcast<\/i>, o ministro Esteves Colnago\u00a0disse que, diante desses dados, o governo \u00e9 &#8220;obviamente contra&#8221; a libera\u00e7\u00e3o.<\/p>\n<p>A proposta para liberar os recursos para quem pedir demiss\u00e3o foi\u00a0aprovada em comiss\u00e3o do Senado\u00a0na semana passada e tem grande potencial eleitoral, j\u00e1 que o rendimento do dinheiro depositado no FGTS \u00e9 bem mais baixo do que as taxas de mercado. O l\u00edder do governo no Senado, Romero Juc\u00e1 (MDB-RR), conseguiu ontem evitar que a proposta\u00a0seguisse imediatamente para a C\u00e2mara dos Deputados\u00a0e ela dever\u00e1 ser analisada no plen\u00e1rio, pelos senadores.<\/p>\n<p>O ministro descartou a ado\u00e7\u00e3o de medidas de olho na elei\u00e7\u00e3o. &#8220;N\u00e3o tem o menor perigo de a gente caminhar para uma a\u00e7\u00e3o eleitoreira (na economia) como em anos anteriores.&#8221;<\/p>\n<p>O levantamento ficou pronto na quarta-feira (18), e mostra que, em 2021, a disponibilidade do fundo j\u00e1 seria insuficiente para compor uma esp\u00e9cie de colch\u00e3o de recursos que precisa ter para fazer frente aos futuros saques. Segundo a legisla\u00e7\u00e3o, esse colch\u00e3o precisa ter o equivalente \u00e0 soma dos resgates dos tr\u00eas meses anteriores.<\/p>\n<p>O ministro disse que s\u00f3 haveria possibilidade de dar aval \u00e0 medida se n\u00e3o houvesse risco \u00e0 sustentabilidade do FGTS. Como os c\u00e1lculos mostram o contr\u00e1rio, o Planejamento se posicionou contr\u00e1rio \u00e0 iniciativa.<\/p>\n<p>A simula\u00e7\u00e3o considera o fluxo normal de pedidos de demiss\u00e3o e um cen\u00e1rio de investimentos em habita\u00e7\u00e3o, infraestrutura e saneamento com recursos do FGTS em torno de R$ 81 bilh\u00f5es ao ano. O impacto poderia ser maior, segundo o ministro, porque o c\u00e1lculo n\u00e3o leva em conta o risco de a medida incentivar trabalhadores a pedirem demiss\u00e3o para resgatar a poupan\u00e7a acumulada durante a carreira.<\/p>\n<p>&#8220;O n\u00famero pode estar subestimado, porque n\u00e3o tenho como prever o comportamento das pessoas&#8221;, disse Colnago. Segundo o ministro, seria um risco a ser avaliado pelo trabalhador, que dependeria de boa empregabilidade para se recolocar.<\/p>\n<p>O FGTS tem perto de R$ 500 bilh\u00f5es em ativos. Tirando o que \u00e9 aplicado em investimentos, a disponibilidade \u00e9 de R$ 111,2 bilh\u00f5es. A proje\u00e7\u00e3o do governo \u00e9 de que ao fim de 2018 as disponibilidades do fundo cheguem a R$ 117,53 bilh\u00f5es, j\u00e1 mostrando rea\u00e7\u00e3o ap\u00f3s o saque de R$ 44 bilh\u00f5es de contas inativas, mesmo com a introdu\u00e7\u00e3o da modalidade de rescis\u00e3o por acordo (que permite ao trabalhador ter acesso a 80% do seu FGTS).<\/p>\n<p>Entre 2016 e 2017, as disponibilidades ca\u00edram de R$ 155,60 bilh\u00f5es para R$ 111,20 bilh\u00f5es.<\/p>\n<h3><b>PIS\/Pasep<\/b><\/h3>\n<p>O ministro disse que a libera\u00e7\u00e3o irrestrita dos saques do PIS\/Pasep, para trabalhadores com v\u00ednculo ao fundo at\u00e9 1988, n\u00e3o ter\u00e1 grande impacto sobre o BNDES, que ter\u00e1 de devolver recursos para viabilizar os resgates. Ao mesmo tempo, o banco negocia a antecipa\u00e7\u00e3o de R$ 100 bilh\u00f5es ao Tesouro.<\/p>\n<p>&#8220;A liquidez do BNDES para este ano est\u00e1 muito tranquila&#8221;, disse o ministro. Ele defendeu a libera\u00e7\u00e3o ampla dos saques do PIS\/Pasep, hoje restritos a quem tem mais de 60 anos.<\/p>\n<p>Em Washington, o presidente do BNDES, Dyogo Oliveira, afirmou que o conjunto de medidas que o governo pretende adotar para a extens\u00e3o da libera\u00e7\u00e3o de recursos do FGTS e PIS\/Pasep para contribuintes n\u00e3o deve afetar a institui\u00e7\u00e3o. (Colaboraram Ricardo Leopoldo e Julia Lindner). As informa\u00e7\u00f5es s\u00e3o do jornal &#8220;O Estado de S. Paulo&#8221;.<\/p>\n<div class=\"ol-content-category-s\"><strong>CARIRI EM A\u00c7\u00c3O<\/strong><\/div>\n<div>\n<p><em>Com Estad\u00e3o\/Foto: Reprodu\u00e7\u00e3o google<\/em><\/p>\n<p><strong>Leia mais not\u00edcias em\u00a0<\/strong><a href=\"http:\/\/www.caririemacao.com\/\"><strong>caririemacao.com<\/strong><\/a><strong>, siga nossa p\u00e1gina no\u00a0<\/strong><a href=\"https:\/\/www.facebook.com\/CaririEmAcao\/?ref=aymt_homepage_panel\"><strong>Facebook<\/strong><\/a>,<strong>\u00a0<\/strong><a href=\"https:\/\/www.instagram.com\/cariri_em_acao\/?hl=pt-br\"><strong>Instagram<\/strong><\/a><strong>\u00a0e\u00a0<\/strong><a href=\"https:\/\/www.youtube.com\/channel\/UCAptA0jQuYQy8vMhLt2m4qg\"><strong>Youtube<\/strong><\/a><strong>\u00a0e veja nossas mat\u00e9rias, v\u00eddeos e fotos. Voc\u00ea tamb\u00e9m pode enviar informa\u00e7\u00f5es \u00e0 Reda\u00e7\u00e3o do Portal Cariri em A\u00e7\u00e3o pelo WhatsApp (83) 9 9634.5791, (83) 9 9601-1162.<\/strong><\/p>\n<\/div>\n","protected":false},"excerpt":{"rendered":"<p>A libera\u00e7\u00e3o do\u00a0FGTS\u00a0para o trabalhador que pedir demiss\u00e3o poder\u00e1 drenar de R$ 23 bilh\u00f5es a R$ 25 bilh\u00f5es por ano do Fundo de Garantia, colocando&hellip; <\/p>\n","protected":false},"author":2,"featured_media":48351,"comment_status":"closed","ping_status":"closed","sticky":false,"template":"","format":"standard","meta":{"sfsi_plus_gutenberg_text_before_share":"","sfsi_plus_gutenberg_show_text_before_share":"","sfsi_plus_gutenberg_icon_type":"","sfsi_plus_gutenberg_icon_alignemt":"","sfsi_plus_gutenburg_max_per_row":"","footnotes":""},"categories":[2],"tags":[],"class_list":["post-48350","post","type-post","status-publish","format-standard","has-post-thumbnail","hentry","category-geral"],"_links":{"self":[{"href":"https:\/\/www.caririemacao.com\/1\/wp-json\/wp\/v2\/posts\/48350","targetHints":{"allow":["GET"]}}],"collection":[{"href":"https:\/\/www.caririemacao.com\/1\/wp-json\/wp\/v2\/posts"}],"about":[{"href":"https:\/\/www.caririemacao.com\/1\/wp-json\/wp\/v2\/types\/post"}],"author":[{"embeddable":true,"href":"https:\/\/www.caririemacao.com\/1\/wp-json\/wp\/v2\/users\/2"}],"replies":[{"embeddable":true,"href":"https:\/\/www.caririemacao.com\/1\/wp-json\/wp\/v2\/comments?post=48350"}],"version-history":[{"count":0,"href":"https:\/\/www.caririemacao.com\/1\/wp-json\/wp\/v2\/posts\/48350\/revisions"}],"wp:featuredmedia":[{"embeddable":true,"href":"https:\/\/www.caririemacao.com\/1\/wp-json\/wp\/v2\/media\/48351"}],"wp:attachment":[{"href":"https:\/\/www.caririemacao.com\/1\/wp-json\/wp\/v2\/media?parent=48350"}],"wp:term":[{"taxonomy":"category","embeddable":true,"href":"https:\/\/www.caririemacao.com\/1\/wp-json\/wp\/v2\/categories?post=48350"},{"taxonomy":"post_tag","embeddable":true,"href":"https:\/\/www.caririemacao.com\/1\/wp-json\/wp\/v2\/tags?post=48350"}],"curies":[{"name":"wp","href":"https:\/\/api.w.org\/{rel}","templated":true}]}}