{"id":48353,"date":"2018-04-20T10:11:24","date_gmt":"2018-04-20T13:11:24","guid":{"rendered":"http:\/\/caririemacao.com\/1\/?p=48353"},"modified":"2018-04-20T10:11:24","modified_gmt":"2018-04-20T13:11:24","slug":"prazos-para-pagamento-do-ipva-de-placa-final-4-e-comprovacao-de-isencao-seguem-ate-30-de-abril","status":"publish","type":"post","link":"https:\/\/www.caririemacao.com\/1\/2018\/04\/20\/prazos-para-pagamento-do-ipva-de-placa-final-4-e-comprovacao-de-isencao-seguem-ate-30-de-abril\/","title":{"rendered":"Prazos para pagamento do IPVA de placa final 4 e comprova\u00e7\u00e3o de isen\u00e7\u00e3o seguem at\u00e9 30 de abril"},"content":{"rendered":"<p>Os propriet\u00e1rios de ve\u00edculos de placa final 4 no Estado da Para\u00edba t\u00eam at\u00e9 o dia 30 de abril para efetuar o pagamento do IPVA (Imposto Sobre a Propriedade de Ve\u00edculos Automotores). Essa tamb\u00e9m ser\u00e1 a data limite para os propriet\u00e1rios desses ve\u00edculos que solicitaram a isen\u00e7\u00e3o do tributo realizar a comprova\u00e7\u00e3o dos documentos para terem direito ao benef\u00edcio.<\/p>\n<p>Para aqueles que v\u00e3o pagar o IPVA, os contribuintes t\u00eam tr\u00eas op\u00e7\u00f5es de pagamento do tributo. A primeira \u00e9 a cota \u00fanica com desconto de 10% \u00e0 vista. A segunda op\u00e7\u00e3o \u00e9 o pagamento em tr\u00eas parcelas sem desconto, sendo a primeira com vencimento no dia 30 de abril deste m\u00eas, enquanto a terceira \u00e9 o pagamento total do IPVA no dia 29 de junho, mas tamb\u00e9m sem o desconto de 10%.<\/p>\n<p>O boleto do IPVA pode ser impresso por meio do link\u00a0https:\/\/www.receita.pb.gov.br\/ser\/info\/ipva\u00a0ou no Detran-PB\u00a0www.detran.pb.gov.br\u00a0nas reparti\u00e7\u00f5es fiscais e nas unidades do Detran-PB.<\/p>\n<p>Desde o ano passado, a emiss\u00e3o do boleto do tributo \u00e9 efetuada por meio da internet. O pagamento deve ser efetuado nas ag\u00eancias do Bradesco ou de seus associados; e tamb\u00e9m nos canais digitais (autoatendimento, internet banking e via smartphones).<\/p>\n<p><strong>Parcelas das placas 2 e 3 \u2013\u00a0<\/strong>Para quem optou pelo parcelamento do IPVA das placas finais 2 e 3 em tr\u00eas vezes, os propriet\u00e1rios precisam lembrar do pagamento das parcelas remanescentes at\u00e9 o dia 30 de abril. Nesta data, vence a segunda parcela para quem \u00e9 o propriet\u00e1rio da placa final 3, enquanto para quem tem ve\u00edculos com placa final 2 \u00e9 a terceira e \u00faltima. J\u00e1 para quem deixou para pagar a totalidade da placa final 2 a data limite \u00e9 dia 30 de abril.<\/p>\n<p><strong>Comprova\u00e7\u00e3o da isen\u00e7\u00e3o em 2018 \u2013<\/strong>\u00a0As categorias como taxistas, portadores de defici\u00eancia (f\u00edsica, visual, mental ou autista), ve\u00edculos cadastrados no Minist\u00e9rio do Turismo na qualidade de transporte tur\u00edstico; motofretistas e de motoboys at\u00e9 150 cc (cilindradas), de placa final 4, que pediram no ano passado a isen\u00e7\u00e3o do IPVA precisam, agora, comprovar com documenta\u00e7\u00e3o at\u00e9 o dia 30 de abril na reparti\u00e7\u00e3o fiscal para gozar do direito em 2018. Neste mesmo dia, essas categorias j\u00e1 podem requerer a isen\u00e7\u00e3o de 2019.<\/p>\n<p>J\u00e1 os ve\u00edculos com ano de fabrica\u00e7\u00e3o abaixo de 2003 ficar\u00e3o isentos de pagamento do IPVA em 2018. A legisla\u00e7\u00e3o em vigor assegura a isen\u00e7\u00e3o do imposto para propriet\u00e1rios de carros, motos ou qualquer outro ve\u00edculo com 16 anos completos de sua fabrica\u00e7\u00e3o. Contudo, esses ve\u00edculos n\u00e3o ficar\u00e3o isentos das demais taxas que envolvem o emplacamento, como seguro obrigat\u00f3rio (DPVAT), licenciamento do Detran e a taxa de bombeiro.<\/p>\n<div class=\"ol-content-category-s\"><strong>CARIRI EM A\u00c7\u00c3O<\/strong><\/div>\n<div>\n<p><em>Com Para\u00edba J\u00e1\/Foto: Reprodu\u00e7\u00e3o google<\/em><\/p>\n<p><strong>Leia mais not\u00edcias em\u00a0<\/strong><a href=\"http:\/\/www.caririemacao.com\/\"><strong>caririemacao.com<\/strong><\/a><strong>, siga nossa p\u00e1gina no\u00a0<\/strong><a href=\"https:\/\/www.facebook.com\/CaririEmAcao\/?ref=aymt_homepage_panel\"><strong>Facebook<\/strong><\/a>,<strong>\u00a0<\/strong><a href=\"https:\/\/www.instagram.com\/cariri_em_acao\/?hl=pt-br\"><strong>Instagram<\/strong><\/a><strong>\u00a0e\u00a0<\/strong><a href=\"https:\/\/www.youtube.com\/channel\/UCAptA0jQuYQy8vMhLt2m4qg\"><strong>Youtube<\/strong><\/a><strong>\u00a0e veja nossas mat\u00e9rias, v\u00eddeos e fotos. Voc\u00ea tamb\u00e9m pode enviar informa\u00e7\u00f5es \u00e0 Reda\u00e7\u00e3o do Portal Cariri em A\u00e7\u00e3o pelo WhatsApp (83) 9 9634.5791, (83) 9 9601-1162.<\/strong><\/p>\n<\/div>\n<div class=\"fbcb_container\" align=\"center\"><\/div>\n","protected":false},"excerpt":{"rendered":"<p>Os propriet\u00e1rios de ve\u00edculos de placa final 4 no Estado da Para\u00edba t\u00eam at\u00e9 o dia 30 de abril para efetuar o pagamento do IPVA&hellip; <\/p>\n","protected":false},"author":2,"featured_media":41596,"comment_status":"closed","ping_status":"closed","sticky":false,"template":"","format":"standard","meta":{"sfsi_plus_gutenberg_text_before_share":"","sfsi_plus_gutenberg_show_text_before_share":"","sfsi_plus_gutenberg_icon_type":"","sfsi_plus_gutenberg_icon_alignemt":"","sfsi_plus_gutenburg_max_per_row":"","footnotes":""},"categories":[2],"tags":[],"class_list":["post-48353","post","type-post","status-publish","format-standard","has-post-thumbnail","hentry","category-geral"],"_links":{"self":[{"href":"https:\/\/www.caririemacao.com\/1\/wp-json\/wp\/v2\/posts\/48353","targetHints":{"allow":["GET"]}}],"collection":[{"href":"https:\/\/www.caririemacao.com\/1\/wp-json\/wp\/v2\/posts"}],"about":[{"href":"https:\/\/www.caririemacao.com\/1\/wp-json\/wp\/v2\/types\/post"}],"author":[{"embeddable":true,"href":"https:\/\/www.caririemacao.com\/1\/wp-json\/wp\/v2\/users\/2"}],"replies":[{"embeddable":true,"href":"https:\/\/www.caririemacao.com\/1\/wp-json\/wp\/v2\/comments?post=48353"}],"version-history":[{"count":0,"href":"https:\/\/www.caririemacao.com\/1\/wp-json\/wp\/v2\/posts\/48353\/revisions"}],"wp:featuredmedia":[{"embeddable":true,"href":"https:\/\/www.caririemacao.com\/1\/wp-json\/wp\/v2\/media\/41596"}],"wp:attachment":[{"href":"https:\/\/www.caririemacao.com\/1\/wp-json\/wp\/v2\/media?parent=48353"}],"wp:term":[{"taxonomy":"category","embeddable":true,"href":"https:\/\/www.caririemacao.com\/1\/wp-json\/wp\/v2\/categories?post=48353"},{"taxonomy":"post_tag","embeddable":true,"href":"https:\/\/www.caririemacao.com\/1\/wp-json\/wp\/v2\/tags?post=48353"}],"curies":[{"name":"wp","href":"https:\/\/api.w.org\/{rel}","templated":true}]}}