{"id":48355,"date":"2018-04-20T10:16:34","date_gmt":"2018-04-20T13:16:34","guid":{"rendered":"http:\/\/caririemacao.com\/1\/?p=48355"},"modified":"2018-04-20T10:16:34","modified_gmt":"2018-04-20T13:16:34","slug":"apos-chuvas-40-acudes-deixam-situacao-critica-na-paraiba","status":"publish","type":"post","link":"https:\/\/www.caririemacao.com\/1\/2018\/04\/20\/apos-chuvas-40-acudes-deixam-situacao-critica-na-paraiba\/","title":{"rendered":"Ap\u00f3s chuvas, 40 a\u00e7udes deixam situa\u00e7\u00e3o cr\u00edtica na Para\u00edba"},"content":{"rendered":"<p>Pelo menos 40 a\u00e7udes dos 127 monitorados pela Ag\u00eancia Executiva de Gest\u00e3o das \u00c1guas do Estado da Para\u00edba (Aesa) deixaram a situa\u00e7\u00e3o considerada cr\u00edtica, com menos de 5% do volume de \u00e1gua depois do registro de chuvas nas regi\u00f5es da Para\u00edba. Segundo dados da Aesa, o estado tinha no m\u00eas de janeiro 59 mananciais acumulando menos de 5% do volume de \u00e1gua total. Atualmente apenas 19 a\u00e7udes acumulam o percentual h\u00eddrico abaixo de 5% considerando toda capacidade.<\/p>\n<p>O relat\u00f3rio de monitoramento da Aesa revela tamb\u00e9m que a quantidade de a\u00e7udes com o volume de \u00e1gua cima de 20% dobrou durante o mesmo per\u00edodo. O estado registrava em janeiro 27 reservat\u00f3rios ultrapassando o \u00edndice h\u00eddrico de 20%. O n\u00famero atual \u00e9 de 57 a\u00e7udes.<\/p>\n<p>Apenas dois\u00a0 a\u00e7udes no m\u00eas de janeiro estavam transbordando na Para\u00edba; Olho D\u2019\u00e1gua, em Mari; e S\u00e3o Jos\u00e9 II em Monteiro. Depois das chuvas, 11 mananciais atingiram o volume de \u00e1gua total;\u00a0Ara\u00e7agi, na cidade de Ara\u00e7agi; Bom Jesus, em Carrapateira; Cachoeira dos Alves, em Itaporanga; Cachoeira da Vaca, em Cachoeira dos \u00cdndios; Cafund\u00f3, em Serra Grande; Manoel Marcionilo, em Tapero\u00e1; Olho D\u2019\u00e1gua, em Mari; S\u00e3o Jos\u00e9 I, em S\u00e3o Jos\u00e9 de Piranhas; S\u00e3o Jos\u00e9 II, na cidade de Monteiro; Pimenta, em Pianc\u00f3 e Vazante, localizado no munic\u00edpio de Diamante.<\/p>\n<h4>Boqueir\u00e3o<\/h4>\n<p>O a\u00e7ude Epit\u00e1cio Pessoa, mais conhecido como Boqueir\u00e3o, atingiu nesta sexta-feira (20) o volume de 131.019.301,20 milh\u00f5es de metros c\u00fabicos de \u00e1gua, o equivalente a quase 32% de toda capacidade.\u00a0\u00a0A maior recarga h\u00eddrica registrada no manancial desde sua \u00faltima sangria, em mar\u00e7o de 2011, aconteceu entre os dias 14 e 15 deste m\u00eas,\u00a0quando o reservat\u00f3rio recebeu cerca de 13 milh\u00f5es de metros c\u00fabicos de \u00e1gua.<\/p>\n<h4>Coremas<\/h4>\n<p>Na regi\u00e3o do Sert\u00e3o, o a\u00e7ude Coremas acumula\u00a0108.201.098,88 \u00a0milh\u00f5es de metros c\u00fabicos de \u00e1gua e ultrapassou a marca de 18% de sua capacidade h\u00eddrica m\u00e1xima. O manancial em janeiro deste ano chegou ao n\u00edvel 3,97%, acumulando menos de 24 milh\u00f5es de metros c\u00fabicos de \u00e1gua.<\/p>\n<h4>Previs\u00e3o<\/h4>\n<p>A meteorologista da Aesa, Marle Bandeira, informou que a previs\u00e3o de novas chuvas permanece positiva para as regi\u00f5es do estado, no entanto, de forma localizada em algumas \u00e1reas. \u201cA previs\u00e3o para chuva continua durante o fim de semana, mas de forma localizada em algumas regi\u00f5es\u201d, explicou.<\/p>\n<div class=\"ol-content-category-s\"><strong>CARIRI EM A\u00c7\u00c3O<\/strong><\/div>\n<div>\n<p><em>Com Jornal da Para\u00edba\/Foto: Reprodu\u00e7\u00e3o google<\/em><\/p>\n<p><strong>Leia mais not\u00edcias em\u00a0<\/strong><a href=\"http:\/\/www.caririemacao.com\/\"><strong>caririemacao.com<\/strong><\/a><strong>, siga nossa p\u00e1gina no\u00a0<\/strong><a href=\"https:\/\/www.facebook.com\/CaririEmAcao\/?ref=aymt_homepage_panel\"><strong>Facebook<\/strong><\/a>,<strong>\u00a0<\/strong><a href=\"https:\/\/www.instagram.com\/cariri_em_acao\/?hl=pt-br\"><strong>Instagram<\/strong><\/a><strong>\u00a0e\u00a0<\/strong><a href=\"https:\/\/www.youtube.com\/channel\/UCAptA0jQuYQy8vMhLt2m4qg\"><strong>Youtube<\/strong><\/a><strong>\u00a0e veja nossas mat\u00e9rias, v\u00eddeos e fotos. Voc\u00ea tamb\u00e9m pode enviar informa\u00e7\u00f5es \u00e0 Reda\u00e7\u00e3o do Portal Cariri em A\u00e7\u00e3o pelo WhatsApp (83) 9 9634.5791, (83) 9 9601-1162.<\/strong><\/p>\n<\/div>\n","protected":false},"excerpt":{"rendered":"<p>Pelo menos 40 a\u00e7udes dos 127 monitorados pela Ag\u00eancia Executiva de Gest\u00e3o das \u00c1guas do Estado da Para\u00edba (Aesa) deixaram a situa\u00e7\u00e3o considerada cr\u00edtica, com&hellip; <\/p>\n","protected":false},"author":2,"featured_media":48358,"comment_status":"closed","ping_status":"closed","sticky":false,"template":"","format":"standard","meta":{"sfsi_plus_gutenberg_text_before_share":"","sfsi_plus_gutenberg_show_text_before_share":"","sfsi_plus_gutenberg_icon_type":"","sfsi_plus_gutenberg_icon_alignemt":"","sfsi_plus_gutenburg_max_per_row":"","footnotes":""},"categories":[2],"tags":[],"class_list":["post-48355","post","type-post","status-publish","format-standard","has-post-thumbnail","hentry","category-geral"],"_links":{"self":[{"href":"https:\/\/www.caririemacao.com\/1\/wp-json\/wp\/v2\/posts\/48355","targetHints":{"allow":["GET"]}}],"collection":[{"href":"https:\/\/www.caririemacao.com\/1\/wp-json\/wp\/v2\/posts"}],"about":[{"href":"https:\/\/www.caririemacao.com\/1\/wp-json\/wp\/v2\/types\/post"}],"author":[{"embeddable":true,"href":"https:\/\/www.caririemacao.com\/1\/wp-json\/wp\/v2\/users\/2"}],"replies":[{"embeddable":true,"href":"https:\/\/www.caririemacao.com\/1\/wp-json\/wp\/v2\/comments?post=48355"}],"version-history":[{"count":0,"href":"https:\/\/www.caririemacao.com\/1\/wp-json\/wp\/v2\/posts\/48355\/revisions"}],"wp:featuredmedia":[{"embeddable":true,"href":"https:\/\/www.caririemacao.com\/1\/wp-json\/wp\/v2\/media\/48358"}],"wp:attachment":[{"href":"https:\/\/www.caririemacao.com\/1\/wp-json\/wp\/v2\/media?parent=48355"}],"wp:term":[{"taxonomy":"category","embeddable":true,"href":"https:\/\/www.caririemacao.com\/1\/wp-json\/wp\/v2\/categories?post=48355"},{"taxonomy":"post_tag","embeddable":true,"href":"https:\/\/www.caririemacao.com\/1\/wp-json\/wp\/v2\/tags?post=48355"}],"curies":[{"name":"wp","href":"https:\/\/api.w.org\/{rel}","templated":true}]}}