{"id":48367,"date":"2018-04-20T10:31:15","date_gmt":"2018-04-20T13:31:15","guid":{"rendered":"http:\/\/caririemacao.com\/1\/?p=48367"},"modified":"2018-04-20T10:31:15","modified_gmt":"2018-04-20T13:31:15","slug":"joesley-diz-que-pagou-mesada-de-r-50-mil-para-aecio-por-dois-anos","status":"publish","type":"post","link":"https:\/\/www.caririemacao.com\/1\/2018\/04\/20\/joesley-diz-que-pagou-mesada-de-r-50-mil-para-aecio-por-dois-anos\/","title":{"rendered":"Joesley diz que pagou mesada de R$ 50 mil para A\u00e9cio por dois anos"},"content":{"rendered":"<p>Em declara\u00e7\u00e3o \u00e0 Procuradoria-Geral da Rep\u00fablica, o empres\u00e1rio Joesley Batista que pagou R$ 50 mil por m\u00eas a A\u00e9cio Neves (PSDB-MG), ao longo de dois anos. Os repasses foram feitos por meio de uma r\u00e1dio da qual o senador era s\u00f3cio. Segundo Joesley, o tucano solicitou os pagamentos durante um encontro no Rio e teria dito que usaria o dinheiro para &#8220;custeio mensal de suas despesas&#8221;.<\/p>\n<p>De acordo com a reportagem da Folha de S. Paulo, o dono da JBS apresentou 16 notas fiscais emitidas entre 2015 e 2017 pela R\u00e1dio Arco \u00cdris, afiliada da Jovem Pan em Belo Horizonte. Os comprovantes citam a presta\u00e7\u00e3o de &#8220;servi\u00e7o de publicidade&#8221; e trazem a descri\u00e7\u00e3o de que o valor mensal era de &#8220;patroc\u00ednio do Jornal da Manh\u00e3&#8221;, um dos programas da r\u00e1dio.<\/p>\n<p>No total, a JBS pagou \u00e0 r\u00e1dio da fam\u00edlia de A\u00e9cio R$ 864 mil.<\/p>\n<p>Joesley disse ao aos procuradores n\u00e3o saber se algum servi\u00e7o de publicidade foi de fato prestado pela r\u00e1dio Arco \u00cdris. No entanto, o empres\u00e1rio refor\u00e7ou que o objetivo dele foi repassar os R$ 50 mil mensais a fim de manter um bom relacionamento com o senador, que tinha sido candidato \u00e0 Presid\u00eancia em 2014 e poderia voltar a ser em 2018.<\/p>\n<p>A reportagem destaca que as notas fiscais mencionam o valor de R$ 54 mil, mas no anexo \u00e0 PGR Joesley cita R$ 50 mil. O dono da JBS n\u00e3o esclarece se a diferen\u00e7a era imposto a ser abatido para repassar o valor exato que teria sido solicitado pelo tucano.\u00a0O primeiro pagamento registrado \u00e9 de julho de 2015, mais de um ano depois do in\u00edcio da Opera\u00e7\u00e3o Lava Jato. O \u00faltimo, de junho de 2017.<\/p>\n<p>Al\u00e9m das notas fiscaisis, o empres\u00e1rio apresentou os respectivos comprovantes de pagamentos, feitos via transfer\u00eancia eletr\u00f4nica ou boleto banc\u00e1rio. Os pagamentos sa\u00edram da conta da JBS S.A. direto para a da R\u00e1dio Arco \u00cdris Ltda.<\/p>\n<p>RESPOSTA<\/p>\n<p>Em nota, o advogado de A\u00e9cio Neves, Alberto Toron, afirmou que Joesley Batista se aproveita de uma &#8220;rela\u00e7\u00e3o comercial l\u00edcita&#8221; para &#8220;forjar mais uma falsa acusa\u00e7\u00e3o&#8221;. A defesa do senador confirmou a rela\u00e7\u00e3o financeira entre JBS e a r\u00e1dio Arco \u00cdris e negou que o tucano tenha solicitado os recursos para despesas pessoais.<\/p>\n<p>&#8220;O senador jamais fez qualquer pedido nesse sentido ao delator, da mesma forma que, em toda a sua vida p\u00fablica, n\u00e3o consta nenhum ato em favor do grupo empresarial&#8221;, diz a nota.<\/p>\n<p>O advogado diz ainda que a prova de que a rela\u00e7\u00e3o com a r\u00e1dio era legal \u00e9 que o contrato com a JBS foi mantido normalmente at\u00e9 o encerramento, quando a dela\u00e7\u00e3o de Joesley j\u00e1 tinha sido feita.<\/p>\n<p>Toron reafirma que o relato \u00e9 mais uma demonstra\u00e7\u00e3o de m\u00e1-f\u00e9 e desespero do delator. &#8220;A afirma\u00e7\u00e3o do delator de que n\u00e3o sabia se os servi\u00e7os teriam sido prestados demonstra o alcance da sua m\u00e1-f\u00e9, j\u00e1 que bastaria uma consulta ao setor de comunica\u00e7\u00e3o das suas empresas para constatar que os servi\u00e7os foram correta e efetivamente prestados&#8221;, disse.<\/p>\n<p>A r\u00e1dio Arco Iris se disse &#8220;surpresa&#8221; com o relato de Joesley por tentar &#8220;dar car\u00e1ter pol\u00edtico a uma rela\u00e7\u00e3o estritamente comercial, comprovadamente correta, legal e leg\u00edtima na presta\u00e7\u00e3o de servi\u00e7os publicit\u00e1rios&#8221;. Em resposta \u00e0 Folha, a r\u00e1dio apresentou cinco comerciais veiculados na grade de programa\u00e7\u00e3o e disse ainda que h\u00e1 campanhas promocionais &#8220;gravadas com a voz do locutor da r\u00e1dio&#8221;.<\/p>\n<p><strong>CARIRI EM A\u00c7\u00c3O<\/strong><\/p>\n<p><em>Com Not\u00edcias ao Minuto\/Foto: Reprodu\u00e7\u00e3o Internet<\/em><\/p>\n<p><strong>Leia mais not\u00edcias em\u00a0<\/strong><a href=\"http:\/\/www.caririemacao.com\/\"><strong>caririemacao.com<\/strong><\/a><strong>, siga nossa p\u00e1gina no\u00a0<\/strong><a href=\"https:\/\/www.facebook.com\/CaririEmAcao\/?ref=aymt_homepage_panel\"><strong>Facebook<\/strong><\/a>,<strong>\u00a0<\/strong><a href=\"https:\/\/www.instagram.com\/cariri_em_acao\/?hl=pt-br\"><strong>Instagram<\/strong><\/a><strong>\u00a0e <\/strong><a href=\"https:\/\/www.youtube.com\/channel\/UCAptA0jQuYQy8vMhLt2m4qg\"><strong>Youtube<\/strong><\/a><strong>\u00a0e veja nossas mat\u00e9rias, v\u00eddeos e fotos. Voc\u00ea tamb\u00e9m pode enviar informa\u00e7\u00f5es \u00e0 Reda\u00e7\u00e3o do Portal Cariri em A\u00e7\u00e3o pelo WhatsApp (83) 9 9634.5791, (83) 9 9601-1162.<\/strong><\/p>\n","protected":false},"excerpt":{"rendered":"<p>Em declara\u00e7\u00e3o \u00e0 Procuradoria-Geral da Rep\u00fablica, o empres\u00e1rio Joesley Batista que pagou R$ 50 mil por m\u00eas a A\u00e9cio Neves (PSDB-MG), ao longo de dois&hellip; <\/p>\n","protected":false},"author":2,"featured_media":34247,"comment_status":"closed","ping_status":"closed","sticky":false,"template":"","format":"standard","meta":{"sfsi_plus_gutenberg_text_before_share":"","sfsi_plus_gutenberg_show_text_before_share":"","sfsi_plus_gutenberg_icon_type":"","sfsi_plus_gutenberg_icon_alignemt":"","sfsi_plus_gutenburg_max_per_row":"","footnotes":""},"categories":[11],"tags":[],"class_list":["post-48367","post","type-post","status-publish","format-standard","has-post-thumbnail","hentry","category-politica"],"_links":{"self":[{"href":"https:\/\/www.caririemacao.com\/1\/wp-json\/wp\/v2\/posts\/48367","targetHints":{"allow":["GET"]}}],"collection":[{"href":"https:\/\/www.caririemacao.com\/1\/wp-json\/wp\/v2\/posts"}],"about":[{"href":"https:\/\/www.caririemacao.com\/1\/wp-json\/wp\/v2\/types\/post"}],"author":[{"embeddable":true,"href":"https:\/\/www.caririemacao.com\/1\/wp-json\/wp\/v2\/users\/2"}],"replies":[{"embeddable":true,"href":"https:\/\/www.caririemacao.com\/1\/wp-json\/wp\/v2\/comments?post=48367"}],"version-history":[{"count":0,"href":"https:\/\/www.caririemacao.com\/1\/wp-json\/wp\/v2\/posts\/48367\/revisions"}],"wp:featuredmedia":[{"embeddable":true,"href":"https:\/\/www.caririemacao.com\/1\/wp-json\/wp\/v2\/media\/34247"}],"wp:attachment":[{"href":"https:\/\/www.caririemacao.com\/1\/wp-json\/wp\/v2\/media?parent=48367"}],"wp:term":[{"taxonomy":"category","embeddable":true,"href":"https:\/\/www.caririemacao.com\/1\/wp-json\/wp\/v2\/categories?post=48367"},{"taxonomy":"post_tag","embeddable":true,"href":"https:\/\/www.caririemacao.com\/1\/wp-json\/wp\/v2\/tags?post=48367"}],"curies":[{"name":"wp","href":"https:\/\/api.w.org\/{rel}","templated":true}]}}