{"id":48572,"date":"2018-04-22T20:26:13","date_gmt":"2018-04-22T23:26:13","guid":{"rendered":"http:\/\/caririemacao.com\/1\/?p=48572"},"modified":"2018-04-22T20:35:04","modified_gmt":"2018-04-22T23:35:04","slug":"enquanto-sao-domingos-nao-tem-policial-granja-do-governador-tem-mais-de-200","status":"publish","type":"post","link":"https:\/\/www.caririemacao.com\/1\/2018\/04\/22\/enquanto-sao-domingos-nao-tem-policial-granja-do-governador-tem-mais-de-200\/","title":{"rendered":"\u201cEnquanto S\u00e3o Domingos n\u00e3o tem policial, granja do governador tem mais de 200\u201d"},"content":{"rendered":"<p>O presidente da C\u00e2mara de Vereadores de S\u00e3o Domingos do Cariri, Ananias Ferreira, usou as redes sociais para expor sua insatisfa\u00e7\u00e3o com o tratamento do Governo da Para\u00edba com a seguran\u00e7a da cidade.<\/p>\n<p>Na postagem, Ananias lamenta que o chefe do Poder Executivo da Para\u00edba desfrute de mais de 200 pol\u00edcias para a seguran\u00e7a de sua resid\u00eancia, ao mesmo tempo em que S\u00e3o Domingos do Cariri n\u00e3o possui se quer um policial para seguran\u00e7a da popula\u00e7\u00e3o.<\/p>\n<p>\u201cEnquanto na cidade de S\u00e3o Domingos do Cariri n\u00e3o tem um policial, na Granja do Governador s\u00e3o mais de 200\u201d, destacou Ananias.<\/p>\n<p>De acordo com informa\u00e7\u00f5es apuradas pela nossa reportagem, S\u00e3o Domingos do Cariri \u00e9 uma das poucas cidades do Estado que n\u00e3o existe efetivo da Pol\u00edcia Militar.<\/p>\n<p><strong>CARIRI EM A\u00c7\u00c3O<\/strong><\/p>\n<p><em style=\"font-weight: inherit;\">Com Bruno Lira\u00a0<\/em><\/p>\n<p><strong>Leia mais not\u00edcias em\u00a0<\/strong><a style=\"font-style: inherit; font-weight: inherit;\" href=\"http:\/\/www.caririemacao.com\/\"><strong style=\"font-style: inherit;\">caririemacao.com<\/strong><\/a><strong style=\"font-style: inherit;\">, siga nossa p\u00e1gina no\u00a0<\/strong><a style=\"font-style: inherit; font-weight: inherit;\" href=\"https:\/\/www.facebook.com\/CaririEmAcao\/?ref=aymt_homepage_panel\"><strong style=\"font-style: inherit;\">Facebook<\/strong><\/a>,<strong style=\"font-style: inherit;\">\u00a0<\/strong><a style=\"font-style: inherit; font-weight: inherit;\" href=\"https:\/\/www.instagram.com\/cariri_em_acao\/?hl=pt-br\"><strong style=\"font-style: inherit;\">Instagram<\/strong><\/a><strong style=\"font-style: inherit;\">\u00a0e\u00a0<\/strong><a style=\"font-style: inherit; font-weight: inherit;\" href=\"https:\/\/www.youtube.com\/channel\/UCAptA0jQuYQy8vMhLt2m4qg\"><strong style=\"font-style: inherit;\">Youtube<\/strong><\/a><strong style=\"font-style: inherit;\">\u00a0e veja nossas mat\u00e9rias, v\u00eddeos e fotos. Voc\u00ea tamb\u00e9m pode enviar informa\u00e7\u00f5es \u00e0 Reda\u00e7\u00e3o do Portal Cariri em A\u00e7\u00e3o pelo WhatsApp (83) 9 9634.5791, (83) 9 9601-1162.<\/strong><\/p>\n","protected":false},"excerpt":{"rendered":"<p>O presidente da C\u00e2mara de Vereadores de S\u00e3o Domingos do Cariri, Ananias Ferreira, usou as redes sociais para expor sua insatisfa\u00e7\u00e3o com o tratamento do&hellip; <\/p>\n","protected":false},"author":2,"featured_media":48573,"comment_status":"closed","ping_status":"closed","sticky":false,"template":"","format":"standard","meta":{"sfsi_plus_gutenberg_text_before_share":"","sfsi_plus_gutenberg_show_text_before_share":"","sfsi_plus_gutenberg_icon_type":"","sfsi_plus_gutenberg_icon_alignemt":"","sfsi_plus_gutenburg_max_per_row":"","footnotes":""},"categories":[11],"tags":[],"class_list":["post-48572","post","type-post","status-publish","format-standard","has-post-thumbnail","hentry","category-politica"],"_links":{"self":[{"href":"https:\/\/www.caririemacao.com\/1\/wp-json\/wp\/v2\/posts\/48572","targetHints":{"allow":["GET"]}}],"collection":[{"href":"https:\/\/www.caririemacao.com\/1\/wp-json\/wp\/v2\/posts"}],"about":[{"href":"https:\/\/www.caririemacao.com\/1\/wp-json\/wp\/v2\/types\/post"}],"author":[{"embeddable":true,"href":"https:\/\/www.caririemacao.com\/1\/wp-json\/wp\/v2\/users\/2"}],"replies":[{"embeddable":true,"href":"https:\/\/www.caririemacao.com\/1\/wp-json\/wp\/v2\/comments?post=48572"}],"version-history":[{"count":0,"href":"https:\/\/www.caririemacao.com\/1\/wp-json\/wp\/v2\/posts\/48572\/revisions"}],"wp:featuredmedia":[{"embeddable":true,"href":"https:\/\/www.caririemacao.com\/1\/wp-json\/wp\/v2\/media\/48573"}],"wp:attachment":[{"href":"https:\/\/www.caririemacao.com\/1\/wp-json\/wp\/v2\/media?parent=48572"}],"wp:term":[{"taxonomy":"category","embeddable":true,"href":"https:\/\/www.caririemacao.com\/1\/wp-json\/wp\/v2\/categories?post=48572"},{"taxonomy":"post_tag","embeddable":true,"href":"https:\/\/www.caririemacao.com\/1\/wp-json\/wp\/v2\/tags?post=48572"}],"curies":[{"name":"wp","href":"https:\/\/api.w.org\/{rel}","templated":true}]}}