{"id":48575,"date":"2018-04-22T20:30:06","date_gmt":"2018-04-22T23:30:06","guid":{"rendered":"http:\/\/caririemacao.com\/1\/?p=48575"},"modified":"2018-04-22T20:36:18","modified_gmt":"2018-04-22T23:36:18","slug":"com-recursos-proprios-prefeitura-de-ouro-velho-adquire-carro-0-km","status":"publish","type":"post","link":"https:\/\/www.caririemacao.com\/1\/2018\/04\/22\/com-recursos-proprios-prefeitura-de-ouro-velho-adquire-carro-0-km\/","title":{"rendered":"Com recursos pr\u00f3prios, Prefeitura de Ouro Velho adquire carro 0 km"},"content":{"rendered":"<p>A Prefeitura de Ouro Velho adquiriu mais um ve\u00edculo 0 Km, desta vez, para a Secretaria de Assistencia Social.<\/p>\n<p>De acordo com a prefeita Nat\u00e1lia, o ve\u00edculo foi comprado com recurso pr\u00f3prio e vem aumentar a frota do munic\u00edpio. O carro ser\u00e1 destinado para as atividades da Secretaria de Assist\u00eancia Social e\u00a0deve ser entregue nesta ter\u00e7a-feira, dia 24.<\/p>\n<p>Segundo a secretaria Aline Lucena, este ve\u00edculo \u00e9 de grande import\u00e2ncia para que possam melhorar o atendimento e os servi\u00e7os da secretaria com a comunidade. Ele agradeceu o empenho da prefeita.<\/p>\n<p><strong>CARIRI EM A\u00c7\u00c3O<\/strong><\/p>\n<p><strong>Leia mais not\u00edcias em\u00a0<\/strong><a style=\"font-style: inherit; font-weight: inherit;\" href=\"http:\/\/www.caririemacao.com\/\"><strong style=\"font-style: inherit;\">caririemacao.com<\/strong><\/a><strong style=\"font-style: inherit;\">, siga nossa p\u00e1gina no\u00a0<\/strong><a style=\"font-style: inherit; font-weight: inherit;\" href=\"https:\/\/www.facebook.com\/CaririEmAcao\/?ref=aymt_homepage_panel\"><strong style=\"font-style: inherit;\">Facebook<\/strong><\/a>,<strong style=\"font-style: inherit;\">\u00a0<\/strong><a style=\"font-style: inherit; font-weight: inherit;\" href=\"https:\/\/www.instagram.com\/cariri_em_acao\/?hl=pt-br\"><strong style=\"font-style: inherit;\">Instagram<\/strong><\/a><strong style=\"font-style: inherit;\">\u00a0e\u00a0<\/strong><a style=\"font-style: inherit; font-weight: inherit;\" href=\"https:\/\/www.youtube.com\/channel\/UCAptA0jQuYQy8vMhLt2m4qg\"><strong style=\"font-style: inherit;\">Youtube<\/strong><\/a><strong style=\"font-style: inherit;\">\u00a0e veja nossas mat\u00e9rias, v\u00eddeos e fotos. Voc\u00ea tamb\u00e9m pode enviar informa\u00e7\u00f5es \u00e0 Reda\u00e7\u00e3o do Portal Cariri em A\u00e7\u00e3o pelo WhatsApp (83) 9 9634.5791, (83) 9 9601-1162.<\/strong><\/p>\n","protected":false},"excerpt":{"rendered":"<p>A Prefeitura de Ouro Velho adquiriu mais um ve\u00edculo 0 Km, desta vez, para a Secretaria de Assistencia Social. De acordo com a prefeita Nat\u00e1lia,&hellip; <\/p>\n","protected":false},"author":2,"featured_media":48576,"comment_status":"closed","ping_status":"closed","sticky":false,"template":"","format":"standard","meta":{"sfsi_plus_gutenberg_text_before_share":"","sfsi_plus_gutenberg_show_text_before_share":"","sfsi_plus_gutenberg_icon_type":"","sfsi_plus_gutenberg_icon_alignemt":"","sfsi_plus_gutenburg_max_per_row":"","footnotes":""},"categories":[6],"tags":[],"class_list":["post-48575","post","type-post","status-publish","format-standard","has-post-thumbnail","hentry","category-cidades"],"_links":{"self":[{"href":"https:\/\/www.caririemacao.com\/1\/wp-json\/wp\/v2\/posts\/48575","targetHints":{"allow":["GET"]}}],"collection":[{"href":"https:\/\/www.caririemacao.com\/1\/wp-json\/wp\/v2\/posts"}],"about":[{"href":"https:\/\/www.caririemacao.com\/1\/wp-json\/wp\/v2\/types\/post"}],"author":[{"embeddable":true,"href":"https:\/\/www.caririemacao.com\/1\/wp-json\/wp\/v2\/users\/2"}],"replies":[{"embeddable":true,"href":"https:\/\/www.caririemacao.com\/1\/wp-json\/wp\/v2\/comments?post=48575"}],"version-history":[{"count":0,"href":"https:\/\/www.caririemacao.com\/1\/wp-json\/wp\/v2\/posts\/48575\/revisions"}],"wp:featuredmedia":[{"embeddable":true,"href":"https:\/\/www.caririemacao.com\/1\/wp-json\/wp\/v2\/media\/48576"}],"wp:attachment":[{"href":"https:\/\/www.caririemacao.com\/1\/wp-json\/wp\/v2\/media?parent=48575"}],"wp:term":[{"taxonomy":"category","embeddable":true,"href":"https:\/\/www.caririemacao.com\/1\/wp-json\/wp\/v2\/categories?post=48575"},{"taxonomy":"post_tag","embeddable":true,"href":"https:\/\/www.caririemacao.com\/1\/wp-json\/wp\/v2\/tags?post=48575"}],"curies":[{"name":"wp","href":"https:\/\/api.w.org\/{rel}","templated":true}]}}