{"id":48768,"date":"2018-04-24T09:30:27","date_gmt":"2018-04-24T12:30:27","guid":{"rendered":"http:\/\/caririemacao.com\/1\/?p=48768"},"modified":"2018-04-24T09:30:27","modified_gmt":"2018-04-24T12:30:27","slug":"ligia-diferencia-candidatura-da-de-azevedo-sou-leve","status":"publish","type":"post","link":"https:\/\/www.caririemacao.com\/1\/2018\/04\/24\/ligia-diferencia-candidatura-da-de-azevedo-sou-leve\/","title":{"rendered":"L\u00edgia diferencia candidatura da de Azev\u00eado: \u201cSou leve\u201d"},"content":{"rendered":"<p>Defendendo as mesmas propostas que o candidato do governo, Jo\u00e3o Azev\u00eado (PSB), a vice-governadora L\u00edgia Feliciano (PDT) respondeu, na noite desta segunda-feira (23), o que vai diferenciar uma candidatura sua da do socialista.<\/p>\n<p>\u201cO que vai diferenciar talvez seja a vis\u00e3o do futuro, Eu sou leve e aprendi a escutar e cuidar das pessoas. Como o m\u00e9dico, que a primeira coisa que faz \u00e9 escutar o paciente\u201d, afirmou a pedetista em entrevista ao programa Frente a Frente, da TV Arapuan.<\/p>\n<p>L\u00edgia disse ainda que n\u00e3o se sente diminu\u00edda com declara\u00e7\u00f5es do governador Ricardo Coutinho (PSB) que tem enfatizado que ele \u00e9 que foi eleito na Para\u00edba.\u00a0 Para L\u00edgia, ela sabe o seu tamanho e responsabilidade dentro da gest\u00e3o.<\/p>\n<p>\u201cEu posso dizer que posso ser pequena, posso ser humilde, mas eu vou \u00e0 luta, eu n\u00e3o me curvo. Sou forte, determinada e com uma vontade enorme de trabalhar. \u00c9 isso que me move. Essas outras quest\u00f5es de vaidades pessoais n\u00e3o me atingem\u201d, pontuou a vice-governadora.<\/p>\n<p>A vice-governadora avaliou a situa\u00e7\u00e3o de disputar uma elei\u00e7\u00e3o imprensada entre as candidaturas de Jo\u00e3o Azev\u00eado e Luc\u00e9lio Cartaxo (PV) e disse que far\u00e1 um chamamento a quem acredita em suas propostas e n\u00e3o descartou conversar com a oposi\u00e7\u00e3o na Para\u00edba.<\/p>\n<p>\u201cVou conversar com qualquer um que queira escutar nossas propostas e que comprem tamb\u00e9m essas id\u00e9ias que est\u00e3o mudando a Para\u00edba. N\u00e3o estou discutindo quem, mas o que n\u00f3s podemos fazer pelo Estado\u201d, argumentou.<\/p>\n<p>Questionada sobre a possibilidade de participar de outras composi\u00e7\u00f5es, sem necessariamente ser cabe\u00e7a de chapa, Ligia repetiu que a pretens\u00e3o do seu partido \u00e9 lhe colocar na disputa para governadora.<\/p>\n<p>\u201cO PDT est\u00e1 colocando meu nome como pr\u00e9-candidata ao governo do Estado. Eu estou conversando para dar continuidade a essas pol\u00edticas. Acho que essas quest\u00f5es de coliga\u00e7\u00f5es devem ser definidas durante as conven\u00e7\u00f5es no m\u00eas de agosto. Estou colocando nas conversas o meu nome porque tenho muita vontade de governar esse estado, mas isso vai depender dos paraibanos, das paraibanas e da for\u00e7a de Deus\u201d, avisou.<\/p>\n<p><strong>CARIRI EM A\u00c7\u00c3O<\/strong><\/p>\n<p><em>Com MaisPB\/Foto: Reprodu\u00e7\u00e3o Internet<\/em><\/p>\n<p><strong>Leia mais not\u00edcias em\u00a0<\/strong><a href=\"http:\/\/www.caririemacao.com\/\"><strong>caririemacao.com<\/strong><\/a><strong>, siga nossa p\u00e1gina no\u00a0<\/strong><a href=\"https:\/\/www.facebook.com\/CaririEmAcao\/?ref=aymt_homepage_panel\"><strong>Facebook<\/strong><\/a>,<strong>\u00a0<\/strong><a href=\"https:\/\/www.instagram.com\/cariri_em_acao\/?hl=pt-br\"><strong>Instagram<\/strong><\/a><strong>\u00a0e <\/strong><a href=\"https:\/\/www.youtube.com\/channel\/UCAptA0jQuYQy8vMhLt2m4qg\"><strong>Youtube<\/strong><\/a><strong>\u00a0e veja nossas mat\u00e9rias, v\u00eddeos e fotos. Voc\u00ea tamb\u00e9m pode enviar informa\u00e7\u00f5es \u00e0 Reda\u00e7\u00e3o do Portal Cariri em A\u00e7\u00e3o pelo WhatsApp (83) 9 9634.5791, (83) 9 9601-1162.<\/strong><\/p>\n","protected":false},"excerpt":{"rendered":"<p>Defendendo as mesmas propostas que o candidato do governo, Jo\u00e3o Azev\u00eado (PSB), a vice-governadora L\u00edgia Feliciano (PDT) respondeu, na noite desta segunda-feira (23), o que&hellip; <\/p>\n","protected":false},"author":2,"featured_media":14403,"comment_status":"closed","ping_status":"closed","sticky":false,"template":"","format":"standard","meta":{"sfsi_plus_gutenberg_text_before_share":"","sfsi_plus_gutenberg_show_text_before_share":"","sfsi_plus_gutenberg_icon_type":"","sfsi_plus_gutenberg_icon_alignemt":"","sfsi_plus_gutenburg_max_per_row":"","footnotes":""},"categories":[1],"tags":[],"class_list":["post-48768","post","type-post","status-publish","format-standard","has-post-thumbnail","hentry","category-o-site"],"_links":{"self":[{"href":"https:\/\/www.caririemacao.com\/1\/wp-json\/wp\/v2\/posts\/48768","targetHints":{"allow":["GET"]}}],"collection":[{"href":"https:\/\/www.caririemacao.com\/1\/wp-json\/wp\/v2\/posts"}],"about":[{"href":"https:\/\/www.caririemacao.com\/1\/wp-json\/wp\/v2\/types\/post"}],"author":[{"embeddable":true,"href":"https:\/\/www.caririemacao.com\/1\/wp-json\/wp\/v2\/users\/2"}],"replies":[{"embeddable":true,"href":"https:\/\/www.caririemacao.com\/1\/wp-json\/wp\/v2\/comments?post=48768"}],"version-history":[{"count":0,"href":"https:\/\/www.caririemacao.com\/1\/wp-json\/wp\/v2\/posts\/48768\/revisions"}],"wp:featuredmedia":[{"embeddable":true,"href":"https:\/\/www.caririemacao.com\/1\/wp-json\/wp\/v2\/media\/14403"}],"wp:attachment":[{"href":"https:\/\/www.caririemacao.com\/1\/wp-json\/wp\/v2\/media?parent=48768"}],"wp:term":[{"taxonomy":"category","embeddable":true,"href":"https:\/\/www.caririemacao.com\/1\/wp-json\/wp\/v2\/categories?post=48768"},{"taxonomy":"post_tag","embeddable":true,"href":"https:\/\/www.caririemacao.com\/1\/wp-json\/wp\/v2\/tags?post=48768"}],"curies":[{"name":"wp","href":"https:\/\/api.w.org\/{rel}","templated":true}]}}