{"id":48769,"date":"2018-04-24T09:33:46","date_gmt":"2018-04-24T12:33:46","guid":{"rendered":"http:\/\/caririemacao.com\/1\/?p=48769"},"modified":"2018-04-24T09:33:46","modified_gmt":"2018-04-24T12:33:46","slug":"lula-recorre-e-pede-para-levar-caso-triplex-ao-stj-e-ao-stf","status":"publish","type":"post","link":"https:\/\/www.caririemacao.com\/1\/2018\/04\/24\/lula-recorre-e-pede-para-levar-caso-triplex-ao-stj-e-ao-stf\/","title":{"rendered":"Lula recorre e pede para levar caso triplex ao STJ e ao STF"},"content":{"rendered":"<div class=\"mc-column content-text active-extra-styles active-capital-letter\" data-block-type=\"unstyled\" data-block-weight=\"62\" data-block-id=\"2\">\n<p class=\"content-text__container theme-color-primary-first-letter\" data-track-category=\"Link no Texto\" data-track-links=\"\">A defesa do ex-presidente\u00a0Luiz In\u00e1cio Lula da Silva\u00a0(PT) entrou no final da noite desta segunda-feira (23) com dois recursos no Tribunal Regional Federal da 4\u00aa Regi\u00e3o (TRF-4) contra a condena\u00e7\u00e3o no caso do triplex em Guaruj\u00e1 (SP). A defesa pediu para o caso ser levado ao Superior Tribunal de Justi\u00e7a (STJ) e ao Supremo Tribunal Federal (STF), ambos em Bras\u00edlia.<\/p>\n<\/div>\n<div class=\"mc-column content-text active-extra-styles \" data-block-type=\"unstyled\" data-block-weight=\"35\" data-block-id=\"3\">\n<p class=\"content-text__container \" data-track-category=\"Link no Texto\" data-track-links=\"\">Antes de chegar a Bras\u00edlia, os recursos especial (no STJ) e extraordin\u00e1rio (no STF) ser\u00e3o submetidos \u00e0 vice-presid\u00eancia do TRF-4, respons\u00e1vel pelo ju\u00edzo de admissibilidade \u2013 uma esp\u00e9cie de filtro de acesso \u00e0s inst\u00e2ncias superiores.<\/p>\n<\/div>\n<div class=\"mc-column content-text active-extra-styles \" data-block-type=\"unstyled\" data-block-weight=\"21\" data-block-id=\"4\">\n<p class=\"content-text__container \" data-track-category=\"Link no Texto\" data-track-links=\"\">Se for o caso, os autos ser\u00e3o remetidos ao STJ que, concluindo o julgamento, pode remeter o recurso extraordin\u00e1rio ao STF.<\/p>\n<\/div>\n<div class=\"mc-column content-text active-extra-styles \" data-block-type=\"unstyled\" data-block-weight=\"46\" data-block-id=\"5\">\n<p class=\"content-text__container \" data-track-category=\"Link no Texto\" data-track-links=\"\">No STJ, poder\u00e1 ser apresentado recurso especial se a defesa apontar algum aspecto da decis\u00e3o que configure viola\u00e7\u00e3o de lei federal, como o C\u00f3digo Penal ou de Processo Penal. No STF, caber\u00e1 recurso extraordin\u00e1rio se os advogados apontarem que a decis\u00e3o do TRF-4 viola a Constitui\u00e7\u00e3o.<\/p>\n<\/div>\n<div class=\"mc-column content-text active-extra-styles \" data-block-type=\"unstyled\" data-block-weight=\"26\" data-block-id=\"6\">\n<p class=\"content-text__container \" data-track-category=\"Link no Texto\" data-track-links=\"\">Caso Lula continue preso nessa fase de recursos, a defesa poder\u00e1 tamb\u00e9m pedir aos tribunais superiores a soltura do ex-presidente, para que ele recorra em liberdade.<\/p>\n<\/div>\n<div class=\"mc-column content-text active-extra-styles \" data-block-type=\"unstyled\" data-block-weight=\"45\" data-block-id=\"7\">\n<p class=\"content-text__container \" data-track-category=\"Link no Texto\" data-track-links=\"\">Lula foi condenado por corrup\u00e7\u00e3o passiva e lavagem de dinheiro\u00a0por ter recebido o im\u00f3vel no litoral paulista como propina dissimulada da construtora OAS. Em troca, ele teria favorecido a empresa em contratos com a Petrobras. O\u00a0ex-presidente nega as acusa\u00e7\u00f5es e se diz inocente.<\/p>\n<\/div>\n<div class=\"mc-column content-text active-extra-styles\" data-block-type=\"raw\" data-block-weight=\"3\" data-block-id=\"8\">\n<div class=\"content-intertitle\">\n<h2><strong>Embargos sobre embargos<\/strong><\/h2>\n<\/div>\n<\/div>\n<div class=\"mc-column content-text active-extra-styles \" data-block-type=\"unstyled\" data-block-weight=\"66\" data-block-id=\"9\">\n<p class=\"content-text__container \" data-track-category=\"Link no Texto\" data-track-links=\"\">O TRF-4 publicou na ultima quinta (19) a \u00edntegra da decis\u00e3o, chamada deac\u00f3rd\u00e3o, referente ao julgamento dos embargos sobre os embargosde declara\u00e7\u00e3o do ex-presidente no caso do triplex. Os desembargadores da 2\u00aa inst\u00e2ncia negaram o recurso e mantiveram o primeiro resultado, que\u00a0aumentou a pena de Lula para 12 anos e 1 m\u00eas de pris\u00e3o\u00a0pelos crimes de corrup\u00e7\u00e3o passiva e lavagem de dinheiro.<\/p>\n<\/div>\n<div class=\"content-ads content-ads--reveal\" data-block-type=\"ads\" data-block-id=\"10\">Os advogados de Lula pediam que fossem conhecidos e acolhidos os embargos dos embargos \u201cpara o fim de suprir as omiss\u00f5es e obscuridades\u201d que v\u00eam sendo apontadas pela defesa desde o primeiro recurso. Tamb\u00e9m pediam que fosse \u201creconhecida a atipicidade da conduta com rela\u00e7\u00e3o ao delito de corrup\u00e7\u00e3o passiva\u201d, e que documentos que comprovam a inoc\u00eancia de Lula fossem apreciados.<\/div>\n<div class=\"mc-column content-text active-extra-styles \" data-block-type=\"unstyled\" data-block-weight=\"34\" data-block-id=\"12\">\n<p class=\"content-text__container \" data-track-category=\"Link no Texto\" data-track-links=\"\">O pedido foi negado, e como esse era o \u00faltimo recurso cab\u00edvel para o ex-presidente no TRF-4, restou \u00e0 defesa de Lula a alternativa de recorrer contra a condena\u00e7\u00e3o ao STJ e ao STF.<\/p>\n<\/div>\n<div class=\"mc-column content-text active-extra-styles \" data-block-type=\"unstyled\" data-block-weight=\"57\" data-block-id=\"13\">\n<p class=\"content-text__container \" data-track-category=\"Link no Texto\" data-track-links=\"\">Lula se apresentou \u00e0 Pol\u00edcia Federal (PF) e foi preso na dia 7 de abril, um s\u00e1bado, ap\u00f3s ficar dois dias na sede do Sindicato dos Metal\u00fargicos do ABC, em S\u00e3o Bernardo do Campo. Ele estava no edif\u00edcio no Centro da cidade do ABC desde o dia 5, quando o juiz\u00a0S\u00e9rgio Moro expediu mandado de pris\u00e3o.<\/p>\n<p><strong>CARIRI EM A\u00c7\u00c3O<\/strong><\/p>\n<p><em>Com\u00a0<strong><i>\u00a0<\/i><\/strong><i>G1<\/i>\/Foto: Reprodu\u00e7\u00e3o Internet<\/em><\/p>\n<p><strong>Leia mais not\u00edcias em\u00a0<\/strong><a href=\"http:\/\/www.caririemacao.com\/\"><strong>caririemacao.com<\/strong><\/a><strong>, siga nossa p\u00e1gina no\u00a0<\/strong><a href=\"https:\/\/www.facebook.com\/CaririEmAcao\/?ref=aymt_homepage_panel\"><strong>Facebook<\/strong><\/a>,<strong>\u00a0<\/strong><a href=\"https:\/\/www.instagram.com\/cariri_em_acao\/?hl=pt-br\"><strong>Instagram<\/strong><\/a><strong>\u00a0e\u00a0<\/strong><a href=\"https:\/\/www.youtube.com\/channel\/UCAptA0jQuYQy8vMhLt2m4qg\"><strong>Youtube<\/strong><\/a><strong>\u00a0e veja nossas mat\u00e9rias, v\u00eddeos e fotos. Voc\u00ea tamb\u00e9m pode enviar informa\u00e7\u00f5es \u00e0 Reda\u00e7\u00e3o do Portal Cariri em A\u00e7\u00e3o pelo WhatsApp (83) 9 9634.5791, (83) 9 9601-1162.<\/strong><\/p>\n<\/div>\n","protected":false},"excerpt":{"rendered":"<p>A defesa do ex-presidente\u00a0Luiz In\u00e1cio Lula da Silva\u00a0(PT) entrou no final da noite desta segunda-feira (23) com dois recursos no Tribunal Regional Federal da 4\u00aa&hellip; <\/p>\n","protected":false},"author":2,"featured_media":46472,"comment_status":"closed","ping_status":"closed","sticky":false,"template":"","format":"standard","meta":{"sfsi_plus_gutenberg_text_before_share":"","sfsi_plus_gutenberg_show_text_before_share":"","sfsi_plus_gutenberg_icon_type":"","sfsi_plus_gutenberg_icon_alignemt":"","sfsi_plus_gutenburg_max_per_row":"","footnotes":""},"categories":[11],"tags":[],"class_list":["post-48769","post","type-post","status-publish","format-standard","has-post-thumbnail","hentry","category-politica"],"_links":{"self":[{"href":"https:\/\/www.caririemacao.com\/1\/wp-json\/wp\/v2\/posts\/48769","targetHints":{"allow":["GET"]}}],"collection":[{"href":"https:\/\/www.caririemacao.com\/1\/wp-json\/wp\/v2\/posts"}],"about":[{"href":"https:\/\/www.caririemacao.com\/1\/wp-json\/wp\/v2\/types\/post"}],"author":[{"embeddable":true,"href":"https:\/\/www.caririemacao.com\/1\/wp-json\/wp\/v2\/users\/2"}],"replies":[{"embeddable":true,"href":"https:\/\/www.caririemacao.com\/1\/wp-json\/wp\/v2\/comments?post=48769"}],"version-history":[{"count":0,"href":"https:\/\/www.caririemacao.com\/1\/wp-json\/wp\/v2\/posts\/48769\/revisions"}],"wp:featuredmedia":[{"embeddable":true,"href":"https:\/\/www.caririemacao.com\/1\/wp-json\/wp\/v2\/media\/46472"}],"wp:attachment":[{"href":"https:\/\/www.caririemacao.com\/1\/wp-json\/wp\/v2\/media?parent=48769"}],"wp:term":[{"taxonomy":"category","embeddable":true,"href":"https:\/\/www.caririemacao.com\/1\/wp-json\/wp\/v2\/categories?post=48769"},{"taxonomy":"post_tag","embeddable":true,"href":"https:\/\/www.caririemacao.com\/1\/wp-json\/wp\/v2\/tags?post=48769"}],"curies":[{"name":"wp","href":"https:\/\/api.w.org\/{rel}","templated":true}]}}