{"id":48776,"date":"2018-04-24T09:37:48","date_gmt":"2018-04-24T12:37:48","guid":{"rendered":"http:\/\/caririemacao.com\/1\/?p=48776"},"modified":"2018-04-24T09:37:48","modified_gmt":"2018-04-24T12:37:48","slug":"fiscalizacao-da-prf-autua-33-onibus-transportando-estudantes-sem-autorizacao","status":"publish","type":"post","link":"https:\/\/www.caririemacao.com\/1\/2018\/04\/24\/fiscalizacao-da-prf-autua-33-onibus-transportando-estudantes-sem-autorizacao\/","title":{"rendered":"Fiscaliza\u00e7\u00e3o da PRF autua 33 \u00f4nibus transportando estudantes sem autoriza\u00e7\u00e3o"},"content":{"rendered":"<p>Uma fiscaliza\u00e7\u00e3o resultou na autua\u00e7\u00e3o de\u00a033 ve\u00edculos que estavam fazendo transporte de estudantes sem autoriza\u00e7\u00e3o em rodovias federais da Para\u00edba. Juntos, eles s\u00e3o respons\u00e1veis pelo transporte de 520 estudantes. A a\u00e7\u00e3o, realizada em parceria entre\u00a0Pol\u00edcia Rodovi\u00e1ria Federal (PRF) e Minist\u00e9rio P\u00fablico do Estado da Para\u00edba (MPPB), fiscalizou 41 ve\u00edculos em trechos das rodovias que cortam as regi\u00f5es de Cajazeiras, Campina Grande, Patos e Jo\u00e3o Pessoa.<\/p>\n<p>Tamb\u00e9m foram observadas irregularidades nas condi\u00e7\u00f5es dos ve\u00edculos, como pneus lisos, falta de equipamentos obrigat\u00f3rios de seguran\u00e7a, tac\u00f3grafos sem selo do Inmetro e o n\u00e3o uso do cinto de seguran\u00e7a. Foram lavrados 203 autos de infra\u00e7\u00f5es e 25 boletins de ocorr\u00eancia. A PRF tamb\u00e9m identificou 14 condutores sem o curso espec\u00edfico para exercer a fun\u00e7\u00e3o de motorista de transporte escolar, exigido pelo Conselho Nacional de Tr\u00e2nsito (Contran).<\/p>\n<p>O chefe da se\u00e7\u00e3o de opera\u00e7\u00f5es da PRF, Renato Medeiros, revelou que a irregularidade mais comum encontrada nos ve\u00edculos est\u00e1 na condi\u00e7\u00e3o de seguran\u00e7a. \u201cVe\u00edculos com pneus lisos, o que aumenta o risco de acidentes e compromete, inclusive, a vida dos estudantes\u201d, disse.<\/p>\n<h4>Desvio de finalidade<\/h4>\n<p>A fiscaliza\u00e7\u00e3o tamb\u00e9m flagrou 15 ve\u00edculos em situa\u00e7\u00e3o de desvio de finalidade, realizando o transporte de pacientes para servi\u00e7os de sa\u00fade em meio aos alunos. A a\u00e7\u00e3o conjunta realizada pela PRF e MPPB aconteceu durante o desenvolvimento da opera\u00e7\u00e3o \u2018Transporte Escolar Seguro\u2019 realizada no per\u00edodo de 7 de mar\u00e7o a 18 de abril.<\/p>\n<p>Todas as irregularidades identificadas no trabalho de fiscaliza\u00e7\u00e3o foram anotadas em relat\u00f3rios pela PRF e encaminhados ao Centro de Apoio Operacional \u00e0s Promotorias de Justi\u00e7a de Defesa da Educa\u00e7\u00e3o, da Crian\u00e7a e do Adolescente. Os documentos v\u00e3o ser enviados \u00e0s promotorias de Justi\u00e7a que atuam nos munic\u00edpios onde foram encontradas as irregularidades para que sejam adotadas as medidas de solu\u00e7\u00f5es para os problemas detectados.<\/p>\n<p><strong>CARIRI EM A\u00c7\u00c3O<\/strong><\/p>\n<p><em>Com\u00a0<strong><i>\u00a0<\/i><\/strong><i>Jornal da Para\u00edba<\/i>Foto: Reprodu\u00e7\u00e3o Internet<\/em><\/p>\n<p><strong>Leia mais not\u00edcias em\u00a0<\/strong><a href=\"http:\/\/www.caririemacao.com\/\"><strong>caririemacao.com<\/strong><\/a><strong>, siga nossa p\u00e1gina no\u00a0<\/strong><a href=\"https:\/\/www.facebook.com\/CaririEmAcao\/?ref=aymt_homepage_panel\"><strong>Facebook<\/strong><\/a>,<strong>\u00a0<\/strong><a href=\"https:\/\/www.instagram.com\/cariri_em_acao\/?hl=pt-br\"><strong>Instagram<\/strong><\/a><strong>\u00a0e\u00a0<\/strong><a href=\"https:\/\/www.youtube.com\/channel\/UCAptA0jQuYQy8vMhLt2m4qg\"><strong>Youtube<\/strong><\/a><strong>\u00a0e veja nossas mat\u00e9rias, v\u00eddeos e fotos. Voc\u00ea tamb\u00e9m pode enviar informa\u00e7\u00f5es \u00e0 Reda\u00e7\u00e3o do Portal Cariri em A\u00e7\u00e3o pelo WhatsApp (83) 9 9634.5791, (83) 9 9601-1162.<\/strong><\/p>\n","protected":false},"excerpt":{"rendered":"<p>Uma fiscaliza\u00e7\u00e3o resultou na autua\u00e7\u00e3o de\u00a033 ve\u00edculos que estavam fazendo transporte de estudantes sem autoriza\u00e7\u00e3o em rodovias federais da Para\u00edba. Juntos, eles s\u00e3o respons\u00e1veis pelo&hellip; <\/p>\n","protected":false},"author":2,"featured_media":48777,"comment_status":"closed","ping_status":"closed","sticky":false,"template":"","format":"standard","meta":{"sfsi_plus_gutenberg_text_before_share":"","sfsi_plus_gutenberg_show_text_before_share":"","sfsi_plus_gutenberg_icon_type":"","sfsi_plus_gutenberg_icon_alignemt":"","sfsi_plus_gutenburg_max_per_row":"","footnotes":""},"categories":[12],"tags":[],"class_list":["post-48776","post","type-post","status-publish","format-standard","has-post-thumbnail","hentry","category-policia"],"_links":{"self":[{"href":"https:\/\/www.caririemacao.com\/1\/wp-json\/wp\/v2\/posts\/48776","targetHints":{"allow":["GET"]}}],"collection":[{"href":"https:\/\/www.caririemacao.com\/1\/wp-json\/wp\/v2\/posts"}],"about":[{"href":"https:\/\/www.caririemacao.com\/1\/wp-json\/wp\/v2\/types\/post"}],"author":[{"embeddable":true,"href":"https:\/\/www.caririemacao.com\/1\/wp-json\/wp\/v2\/users\/2"}],"replies":[{"embeddable":true,"href":"https:\/\/www.caririemacao.com\/1\/wp-json\/wp\/v2\/comments?post=48776"}],"version-history":[{"count":0,"href":"https:\/\/www.caririemacao.com\/1\/wp-json\/wp\/v2\/posts\/48776\/revisions"}],"wp:featuredmedia":[{"embeddable":true,"href":"https:\/\/www.caririemacao.com\/1\/wp-json\/wp\/v2\/media\/48777"}],"wp:attachment":[{"href":"https:\/\/www.caririemacao.com\/1\/wp-json\/wp\/v2\/media?parent=48776"}],"wp:term":[{"taxonomy":"category","embeddable":true,"href":"https:\/\/www.caririemacao.com\/1\/wp-json\/wp\/v2\/categories?post=48776"},{"taxonomy":"post_tag","embeddable":true,"href":"https:\/\/www.caririemacao.com\/1\/wp-json\/wp\/v2\/tags?post=48776"}],"curies":[{"name":"wp","href":"https:\/\/api.w.org\/{rel}","templated":true}]}}