{"id":48779,"date":"2018-04-24T09:40:29","date_gmt":"2018-04-24T12:40:29","guid":{"rendered":"http:\/\/caririemacao.com\/1\/?p=48779"},"modified":"2018-04-24T09:40:29","modified_gmt":"2018-04-24T12:40:29","slug":"candidatos-podem-solicitar-ressarcimento-por-taxa-de-concurso-cancelado","status":"publish","type":"post","link":"https:\/\/www.caririemacao.com\/1\/2018\/04\/24\/candidatos-podem-solicitar-ressarcimento-por-taxa-de-concurso-cancelado\/","title":{"rendered":"Candidatos podem solicitar ressarcimento por taxa de concurso cancelado"},"content":{"rendered":"<div id=\"post-8760\" class=\"post-content class=\">\n<div class=\"content-format-standard\">\n<p>Os candidatos que se inscreveram no concurso p\u00fablico da Prefeitura de Queimadas ser\u00e3o ressarcidos pelo valor pago pela taxa de inscri\u00e7\u00e3o do certame, a partir desta ter\u00e7a-feira (24).\u00a0A medida foi tomada ap\u00f3s a decis\u00e3o da Justi\u00e7a em determinar a suspens\u00e3o do concurso que seria realizado no dia 11 de setembro de 2016.<\/p>\n<p>O concurso p\u00fablico foi cancelado mediante decis\u00e3o judicial proferida pelo juiz Jeremias de C\u00e1ssio Carneiro de Melo, ap\u00f3s uma a\u00e7\u00e3o proposta pelo Minist\u00e9rio P\u00fablico ter relatado problemas na licita\u00e7\u00e3o e inidoneidade da institui\u00e7\u00e3o contratada para a realiza\u00e7\u00e3o do certame.<\/p>\n<p>Para ser ressarcido, o candidato inscrito deve apresentar os documentos originais e uma c\u00f3pia, que ser\u00e3o conferidas no ato do recebimento, na sede da Prefeitura de Queimadas, na Rua Jo\u00e3o Barbosa da Silva, n\u00ba 120, no Centro do munic\u00edpio. A entrega poder\u00e1 ser realizada at\u00e9 o ia 11 de maio, das 7h \u00e0s 12h.<\/p>\n<p>As comprova\u00e7\u00f5es ser\u00e3o analisadas de acordo com o relat\u00f3rio de inscri\u00e7\u00f5es deferidas e o demonstrativo de quita\u00e7\u00e3o dos boletos disponibilizados pela institui\u00e7\u00e3o banc\u00e1ria emissora. Para os titulares de contas no Banco do Brasil, os valores ser\u00e3o restitu\u00eddos atrav\u00e9s de transfer\u00eancia banc\u00e1ria, enquanto para os demais ser\u00e3o emitidos cheques nominais.<\/p>\n<p>A restitui\u00e7\u00e3o dos valores ser\u00e1 realizada em at\u00e9 90 dias ap\u00f3s o t\u00e9rmino do prazo de entrega dos documentos.<\/p>\n<h4>Confira os documentos necess\u00e1rios para solicitar o ressarcimento:<\/h4>\n<p>\u2013 Identidade e CPF, que podem ser substitu\u00eddos pela Carteira Nacional de Habilita\u00e7\u00e3o;<br \/>\n\u2013 Se titular de conta-corrente ou poupan\u00e7a no Banco do Brasil, os dados banc\u00e1rios para restitui\u00e7\u00e3o por transfer\u00eancia;<br \/>\n\u2013 Comprovante de resid\u00eancia atualizado;<br \/>\n\u2013 Comprovante de inscri\u00e7\u00e3o;<br \/>\n\u2013 Comprovante de pagamento;<br \/>\n\u2013\u00a0<a href=\"http:\/\/www.queimadas.pb.gov.br\/_upload\/servicos\/down230418062648.pdf\">Formul\u00e1rio-modelo preenchido<\/a>.<\/p>\n<\/div>\n<\/div>\n<div id=\"comment-block\">\n<div id=\"respond\" class=\"comment-respond\">\n<p><strong>CARIRI EM A\u00c7\u00c3O<\/strong><\/p>\n<p><em>Com\u00a0<strong><i>\u00a0<\/i><\/strong><i>Jornal Para\u00edba<\/i>\/Foto: Reprodu\u00e7\u00e3o Internet<\/em><\/p>\n<p><strong>Leia mais not\u00edcias em\u00a0<\/strong><a href=\"http:\/\/www.caririemacao.com\/\"><strong>caririemacao.com<\/strong><\/a><strong>, siga nossa p\u00e1gina no\u00a0<\/strong><a href=\"https:\/\/www.facebook.com\/CaririEmAcao\/?ref=aymt_homepage_panel\"><strong>Facebook<\/strong><\/a>,<strong>\u00a0<\/strong><a href=\"https:\/\/www.instagram.com\/cariri_em_acao\/?hl=pt-br\"><strong>Instagram<\/strong><\/a><strong>\u00a0e\u00a0<\/strong><a href=\"https:\/\/www.youtube.com\/channel\/UCAptA0jQuYQy8vMhLt2m4qg\"><strong>Youtube<\/strong><\/a><strong>\u00a0e veja nossas mat\u00e9rias, v\u00eddeos e fotos. Voc\u00ea tamb\u00e9m pode enviar informa\u00e7\u00f5es \u00e0 Reda\u00e7\u00e3o do Portal Cariri em A\u00e7\u00e3o pelo WhatsApp (83) 9 9634.5791, (83) 9 9601-1162.<\/strong><\/p>\n<\/div>\n<\/div>\n","protected":false},"excerpt":{"rendered":"<p>Os candidatos que se inscreveram no concurso p\u00fablico da Prefeitura de Queimadas ser\u00e3o ressarcidos pelo valor pago pela taxa de inscri\u00e7\u00e3o do certame, a partir&hellip; <\/p>\n","protected":false},"author":2,"featured_media":42165,"comment_status":"closed","ping_status":"closed","sticky":false,"template":"","format":"standard","meta":{"sfsi_plus_gutenberg_text_before_share":"","sfsi_plus_gutenberg_show_text_before_share":"","sfsi_plus_gutenberg_icon_type":"","sfsi_plus_gutenberg_icon_alignemt":"","sfsi_plus_gutenburg_max_per_row":"","footnotes":""},"categories":[2],"tags":[],"class_list":["post-48779","post","type-post","status-publish","format-standard","has-post-thumbnail","hentry","category-geral"],"_links":{"self":[{"href":"https:\/\/www.caririemacao.com\/1\/wp-json\/wp\/v2\/posts\/48779","targetHints":{"allow":["GET"]}}],"collection":[{"href":"https:\/\/www.caririemacao.com\/1\/wp-json\/wp\/v2\/posts"}],"about":[{"href":"https:\/\/www.caririemacao.com\/1\/wp-json\/wp\/v2\/types\/post"}],"author":[{"embeddable":true,"href":"https:\/\/www.caririemacao.com\/1\/wp-json\/wp\/v2\/users\/2"}],"replies":[{"embeddable":true,"href":"https:\/\/www.caririemacao.com\/1\/wp-json\/wp\/v2\/comments?post=48779"}],"version-history":[{"count":0,"href":"https:\/\/www.caririemacao.com\/1\/wp-json\/wp\/v2\/posts\/48779\/revisions"}],"wp:featuredmedia":[{"embeddable":true,"href":"https:\/\/www.caririemacao.com\/1\/wp-json\/wp\/v2\/media\/42165"}],"wp:attachment":[{"href":"https:\/\/www.caririemacao.com\/1\/wp-json\/wp\/v2\/media?parent=48779"}],"wp:term":[{"taxonomy":"category","embeddable":true,"href":"https:\/\/www.caririemacao.com\/1\/wp-json\/wp\/v2\/categories?post=48779"},{"taxonomy":"post_tag","embeddable":true,"href":"https:\/\/www.caririemacao.com\/1\/wp-json\/wp\/v2\/tags?post=48779"}],"curies":[{"name":"wp","href":"https:\/\/api.w.org\/{rel}","templated":true}]}}