{"id":48787,"date":"2018-04-24T09:44:58","date_gmt":"2018-04-24T12:44:58","guid":{"rendered":"http:\/\/caririemacao.com\/1\/?p=48787"},"modified":"2018-04-24T09:44:58","modified_gmt":"2018-04-24T12:44:58","slug":"presidenciaveis-alvaro-dias-e-flavio-rocha-fazem-campanha-na-paraiba","status":"publish","type":"post","link":"https:\/\/www.caririemacao.com\/1\/2018\/04\/24\/presidenciaveis-alvaro-dias-e-flavio-rocha-fazem-campanha-na-paraiba\/","title":{"rendered":"Presidenci\u00e1veis \u00c1lvaro Dias e Fl\u00e1vio Rocha fazem campanha na Para\u00edba"},"content":{"rendered":"<p>A pouco mais de tr\u00eas meses das conven\u00e7\u00f5es partid\u00e1rias, os pr\u00e9-candidatos \u00e0 Presid\u00eancia da Rep\u00fablica intensificam visitas aos estados, a fim de armar os palanques e propagar suas propostas. A Para\u00edba tem sido parada obrigat\u00f3rias dos postulantes ao Pal\u00e1cio do Planalto. Nos dias 2 e 4\u00a0 de\u00a0 maio, dois presidenci\u00e1veis aportam no estado.<\/p>\n<h4>\u00c1lvaro Dias<\/h4>\n<p>No dia 2 de maio, chega ao Estado o senador \u00c1lvaro Dias (PR), presidenci\u00e1vel do Podemos. Ele desembarcar\u00e1 no final da manh\u00e3, no Aeroporto Jo\u00e3o Suassuna, onde concede entrevista. No per\u00edodo da tarde, se reunir\u00e1 com lideran\u00e7as do partido. \u00c0s 19 horas, \u00c1lvaro participar\u00e1 do Ciclo de Palestras da Associa\u00e7\u00e3o Comercial de Campina Grande.<\/p>\n<p>\u201cOs empres\u00e1rios v\u00e3o ter a oportunidade de debater com o senador \u00c1lvaro Dias e conhecer as propostas dele para mudar o Brasil\u201d, explicou o presidente do Podemos na Para\u00edba, o vereador campinense Galego do Leite. No dia seguinte, \u00c1lvaro Dias participar\u00e1 de debate, na C\u00e2mara Municipal de Jo\u00e3o Pessoa.<\/p>\n<h4>Fl\u00e1vio Rocha<\/h4>\n<p>No dia 4 de maio, ser\u00e1 a vez do empres\u00e1rio Fl\u00e1vio Rocha, pr\u00e9-candidato do PRB. No Teatro da Unifacisa, a partir das 9 horas, o presidenci\u00e1vel vai debater as teses do Movimento Brasil 200 anos. No manifesto, ele convoca o empresariado brasileiro a alinhar ideologicamente \u201cpara a constru\u00e7\u00e3o do pa\u00eds que queremos em 2022, quando ser\u00e1 comemorado os 200 anos da Independ\u00eancia do Brasil\u201d. \u00c0 noite, Fl\u00e1vio participar\u00e1 de debate no Hotel Mana\u00edra, em Jo\u00e3o Pessoa, informa Rennan Lucas, uma dos coordenadores do Brasil 200 anos na Para\u00edba.<\/p>\n<p><strong>CARIRI EM A\u00c7\u00c3O<\/strong><\/p>\n<p><em>Com Jornal da Para\u00edba\/Foto: Reprodu\u00e7\u00e3o Internet<\/em><\/p>\n<p><strong>Leia mais not\u00edcias em\u00a0<\/strong><a href=\"http:\/\/www.caririemacao.com\/\"><strong>caririemacao.com<\/strong><\/a><strong>, siga nossa p\u00e1gina no\u00a0<\/strong><a href=\"https:\/\/www.facebook.com\/CaririEmAcao\/?ref=aymt_homepage_panel\"><strong>Facebook<\/strong><\/a>,<strong>\u00a0<\/strong><a href=\"https:\/\/www.instagram.com\/cariri_em_acao\/?hl=pt-br\"><strong>Instagram<\/strong><\/a><strong>\u00a0e\u00a0<\/strong><a href=\"https:\/\/www.youtube.com\/channel\/UCAptA0jQuYQy8vMhLt2m4qg\"><strong>Youtube<\/strong><\/a><strong>\u00a0e veja nossas mat\u00e9rias, v\u00eddeos e fotos. Voc\u00ea tamb\u00e9m pode enviar informa\u00e7\u00f5es \u00e0 Reda\u00e7\u00e3o do Portal Cariri em A\u00e7\u00e3o pelo WhatsApp (83) 9 9634.5791, (83) 9 9601-1162.<\/strong><\/p>\n","protected":false},"excerpt":{"rendered":"<p>A pouco mais de tr\u00eas meses das conven\u00e7\u00f5es partid\u00e1rias, os pr\u00e9-candidatos \u00e0 Presid\u00eancia da Rep\u00fablica intensificam visitas aos estados, a fim de armar os palanques&hellip; <\/p>\n","protected":false},"author":2,"featured_media":48788,"comment_status":"closed","ping_status":"closed","sticky":false,"template":"","format":"standard","meta":{"sfsi_plus_gutenberg_text_before_share":"","sfsi_plus_gutenberg_show_text_before_share":"","sfsi_plus_gutenberg_icon_type":"","sfsi_plus_gutenberg_icon_alignemt":"","sfsi_plus_gutenburg_max_per_row":"","footnotes":""},"categories":[1],"tags":[],"class_list":["post-48787","post","type-post","status-publish","format-standard","has-post-thumbnail","hentry","category-o-site"],"_links":{"self":[{"href":"https:\/\/www.caririemacao.com\/1\/wp-json\/wp\/v2\/posts\/48787","targetHints":{"allow":["GET"]}}],"collection":[{"href":"https:\/\/www.caririemacao.com\/1\/wp-json\/wp\/v2\/posts"}],"about":[{"href":"https:\/\/www.caririemacao.com\/1\/wp-json\/wp\/v2\/types\/post"}],"author":[{"embeddable":true,"href":"https:\/\/www.caririemacao.com\/1\/wp-json\/wp\/v2\/users\/2"}],"replies":[{"embeddable":true,"href":"https:\/\/www.caririemacao.com\/1\/wp-json\/wp\/v2\/comments?post=48787"}],"version-history":[{"count":0,"href":"https:\/\/www.caririemacao.com\/1\/wp-json\/wp\/v2\/posts\/48787\/revisions"}],"wp:featuredmedia":[{"embeddable":true,"href":"https:\/\/www.caririemacao.com\/1\/wp-json\/wp\/v2\/media\/48788"}],"wp:attachment":[{"href":"https:\/\/www.caririemacao.com\/1\/wp-json\/wp\/v2\/media?parent=48787"}],"wp:term":[{"taxonomy":"category","embeddable":true,"href":"https:\/\/www.caririemacao.com\/1\/wp-json\/wp\/v2\/categories?post=48787"},{"taxonomy":"post_tag","embeddable":true,"href":"https:\/\/www.caririemacao.com\/1\/wp-json\/wp\/v2\/tags?post=48787"}],"curies":[{"name":"wp","href":"https:\/\/api.w.org\/{rel}","templated":true}]}}