{"id":48796,"date":"2018-04-24T09:51:46","date_gmt":"2018-04-24T12:51:46","guid":{"rendered":"http:\/\/caririemacao.com\/1\/?p=48796"},"modified":"2018-04-24T09:51:46","modified_gmt":"2018-04-24T12:51:46","slug":"ifpb-inscreve-para-professor-mediador-de-ensino-a-distancia-ate-esta-terca-feira","status":"publish","type":"post","link":"https:\/\/www.caririemacao.com\/1\/2018\/04\/24\/ifpb-inscreve-para-professor-mediador-de-ensino-a-distancia-ate-esta-terca-feira\/","title":{"rendered":"IFPB inscreve para professor mediador de ensino a dist\u00e2ncia at\u00e9 esta ter\u00e7a-feira"},"content":{"rendered":"<div class=\"mc-column content-text active-extra-styles active-capital-letter\" data-block-type=\"unstyled\" data-block-weight=\"54\" data-block-id=\"2\">\n<p class=\"content-text__container theme-color-primary-first-letter\" data-track-category=\"Link no Texto\" data-track-links=\"\">O Instituto Federal da Para\u00edba (IFPB) encerra nesta ter\u00e7a-feira (24) as inscri\u00e7\u00f5es para a sele\u00e7\u00e3o de professor mediador presencial do Programa Mediotec EaD da Rede e-Tec Brasil. S\u00e3o oito vagas distribu\u00eddas nos polos de Campina Grande, Cabedelo, Soledade, Pedras de Fogo e Guarabira. H\u00e1 oportunidade para profissionais com forma\u00e7\u00e3o em Computa\u00e7\u00e3o e cursos correlatos.<\/p>\n<\/div>\n<div class=\"mc-column content-text active-extra-styles \" data-block-type=\"unstyled\" data-block-weight=\"26\" data-block-id=\"3\">\n<p class=\"content-text__container \" data-track-category=\"Link no Texto\" data-track-links=\"\">A inscri\u00e7\u00e3o \u00e9 gratuita e online, com o envio de documentos e preenchimento de formul\u00e1rio eletr\u00f4nico. O resultado preliminar deve ser divulgado em 17 de maio.<\/p>\n<\/div>\n<div class=\"mc-column content-text active-extra-styles\" data-block-type=\"raw\" data-block-weight=\"10\" data-block-id=\"4\">\n<ul class=\"content-unordered-list\">\n<li>Veja o\u00a0<a href=\"https:\/\/www.ifpb.edu.br\/ead\/assuntos\/selecao\/edital012018\" target=\"_blank\" rel=\"noopener\">edital da sele\u00e7\u00e3o de professor mediador do Mediotec.<\/a><\/li>\n<\/ul>\n<\/div>\n<div class=\"mc-column content-text active-extra-styles \" data-block-type=\"unstyled\" data-block-weight=\"30\" data-block-id=\"5\">\n<p class=\"content-text__container \" data-track-category=\"Link no Texto\" data-track-links=\"\">A sele\u00e7\u00e3o ser\u00e1 feita por an\u00e1lise curricular com base na documenta\u00e7\u00e3o enviada. A bolsa \u00e9 de R$ 12,50 por hora-trabalho. A carga hor\u00e1ria da fun\u00e7\u00e3o \u00e9 de at\u00e9 16 horas\/semana.<\/p>\n<\/div>\n<div class=\"mc-column content-text active-extra-styles \" data-block-type=\"unstyled\" data-block-weight=\"32\" data-block-id=\"6\">\n<p class=\"content-text__container \" data-track-category=\"Link no Texto\" data-track-links=\"\">Profissionais externos ao IFPB tamb\u00e9m podem participar da sele\u00e7\u00e3o desde que atendam ao perfil descrito no edital. O docente ter\u00e1 desempenho em aula presencial e EaD no curso de Redes de Computadores.<\/p>\n<\/div>\n<div data-track-category=\"fim do conteudo\" data-track-action=\"ultimo chunk conteudo\" data-track-noninteraction=\"false\" data-track-scroll=\"entrada completa viewport\">\n<div class=\"mc-column content-text active-extra-styles \" data-block-type=\"unstyled\" data-block-weight=\"32\" data-block-id=\"7\">\n<p class=\"content-text__container \" data-track-category=\"Link no Texto\" data-track-links=\"\">Os cursos do Mediotec s\u00e3o ofertados em parceria com a Secretaria de Educa\u00e7\u00e3o do Estado da Para\u00edba, por meio do Paraibatec. Os recursos para o pagamento das bolsas s\u00e3o provenientes da Setec\/MEC.<\/p>\n<p><strong>CARIRI EM A\u00c7\u00c3O<\/strong><\/p>\n<p><em>Com G1\/Foto: Reprodu\u00e7\u00e3o Internet\u00a0<\/em><\/p>\n<p><strong>Leia mais not\u00edcias em\u00a0<\/strong><a href=\"http:\/\/www.caririemacao.com\/\"><strong>caririemacao.com<\/strong><\/a><strong>, siga nossa p\u00e1gina no\u00a0<\/strong><a href=\"https:\/\/www.facebook.com\/CaririEmAcao\/?ref=aymt_homepage_panel\"><strong>Facebook<\/strong><\/a>,<strong>\u00a0<\/strong><a href=\"https:\/\/www.instagram.com\/cariri_em_acao\/?hl=pt-br\"><strong>Instagram<\/strong><\/a><strong>\u00a0e\u00a0<\/strong><a href=\"https:\/\/www.youtube.com\/channel\/UCAptA0jQuYQy8vMhLt2m4qg\"><strong>Youtube<\/strong><\/a><strong>\u00a0e veja nossas mat\u00e9rias, v\u00eddeos e fotos. Voc\u00ea tamb\u00e9m pode enviar informa\u00e7\u00f5es \u00e0 Reda\u00e7\u00e3o do Portal Cariri em A\u00e7\u00e3o pelo WhatsApp (83) 9 9634.5791, (83) 9 9601-1162.<\/strong><\/p>\n<\/div>\n<\/div>\n","protected":false},"excerpt":{"rendered":"<p>O Instituto Federal da Para\u00edba (IFPB) encerra nesta ter\u00e7a-feira (24) as inscri\u00e7\u00f5es para a sele\u00e7\u00e3o de professor mediador presencial do Programa Mediotec EaD da Rede&hellip; <\/p>\n","protected":false},"author":2,"featured_media":46251,"comment_status":"closed","ping_status":"closed","sticky":false,"template":"","format":"standard","meta":{"sfsi_plus_gutenberg_text_before_share":"","sfsi_plus_gutenberg_show_text_before_share":"","sfsi_plus_gutenberg_icon_type":"","sfsi_plus_gutenberg_icon_alignemt":"","sfsi_plus_gutenburg_max_per_row":"","footnotes":""},"categories":[14],"tags":[],"class_list":["post-48796","post","type-post","status-publish","format-standard","has-post-thumbnail","hentry","category-educacao"],"_links":{"self":[{"href":"https:\/\/www.caririemacao.com\/1\/wp-json\/wp\/v2\/posts\/48796","targetHints":{"allow":["GET"]}}],"collection":[{"href":"https:\/\/www.caririemacao.com\/1\/wp-json\/wp\/v2\/posts"}],"about":[{"href":"https:\/\/www.caririemacao.com\/1\/wp-json\/wp\/v2\/types\/post"}],"author":[{"embeddable":true,"href":"https:\/\/www.caririemacao.com\/1\/wp-json\/wp\/v2\/users\/2"}],"replies":[{"embeddable":true,"href":"https:\/\/www.caririemacao.com\/1\/wp-json\/wp\/v2\/comments?post=48796"}],"version-history":[{"count":0,"href":"https:\/\/www.caririemacao.com\/1\/wp-json\/wp\/v2\/posts\/48796\/revisions"}],"wp:featuredmedia":[{"embeddable":true,"href":"https:\/\/www.caririemacao.com\/1\/wp-json\/wp\/v2\/media\/46251"}],"wp:attachment":[{"href":"https:\/\/www.caririemacao.com\/1\/wp-json\/wp\/v2\/media?parent=48796"}],"wp:term":[{"taxonomy":"category","embeddable":true,"href":"https:\/\/www.caririemacao.com\/1\/wp-json\/wp\/v2\/categories?post=48796"},{"taxonomy":"post_tag","embeddable":true,"href":"https:\/\/www.caririemacao.com\/1\/wp-json\/wp\/v2\/tags?post=48796"}],"curies":[{"name":"wp","href":"https:\/\/api.w.org\/{rel}","templated":true}]}}