{"id":48798,"date":"2018-04-24T09:54:17","date_gmt":"2018-04-24T12:54:17","guid":{"rendered":"http:\/\/caririemacao.com\/1\/?p=48798"},"modified":"2018-04-24T09:55:05","modified_gmt":"2018-04-24T12:55:05","slug":"justica-determina-que-inss-reconheca-tempo-de-trabalho-exercido-na-infancia","status":"publish","type":"post","link":"https:\/\/www.caririemacao.com\/1\/2018\/04\/24\/justica-determina-que-inss-reconheca-tempo-de-trabalho-exercido-na-infancia\/","title":{"rendered":"Justi\u00e7a determina que INSS reconhe\u00e7a tempo de trabalho exercido na inf\u00e2ncia"},"content":{"rendered":"<p>O Tribunal Regional Federal da 4\u00aa Regi\u00e3o (TRF-4), em Porto Alegre, determinou que o\u00a0Instituto Nacional do Seguro Social (INSS)reconhe\u00e7a o tempo de trabalho exercido por crian\u00e7as menores de 14 anos, ainda que ilegal, para o c\u00e1lculo de previd\u00eancia. A decis\u00e3o, que atende pedido do Minist\u00e9rio P\u00fablico Federal (MPF), \u00e9 v\u00e1lida para todo o pa\u00eds e cabe recurso.<\/p>\n<p>De acordo com a desembargadora Salise Monteiro Sanchotene, relatora do ac\u00f3rd\u00e3o, \u201co trabalho infantil ainda se faz presente no seio da sociedade\u201d, citando casos de crian\u00e7as que auxiliam o sustento da fam\u00edlia em atividades dom\u00e9sticas, no meio rural e urbano, e em promo\u00e7\u00f5es art\u00edsticas e publicit\u00e1rias.<\/p>\n<p>Nestes casos, segundo a desembargadora, as regras atuais n\u00e3o podem prejudicar as crian\u00e7as que \u201cn\u00e3o obstante a proibi\u00e7\u00e3o constitucional e legal, efetivamente, trabalharam durante a inf\u00e2ncia ou a adolesc\u00eancia\u201d.<\/p>\n<p>\u201cAssim, apesar da limita\u00e7\u00e3o constitucional de trabalho do infante, para fins de prote\u00e7\u00e3o previdenci\u00e1ria, n\u00e3o h\u00e1 como fixar tamb\u00e9m qualquer limite et\u00e1rio, pois a ado\u00e7\u00e3o de uma idade m\u00ednima ensejaria ao trabalhador dupla puni\u00e7\u00e3o: a perda da plenitude de sua inf\u00e2ncia em raz\u00e3o do trabalho realizado e, de outro lado, o n\u00e3o reconhecimento, de parte do INSS, desse trabalho efetivamente ocorrido\u201d, escreveu Salise.<\/p>\n<p>A a\u00e7\u00e3o civil p\u00fablica que levou \u00e0 decis\u00e3o foi proposta pelo MPF em 2013. \u00c0 \u00e9poca, a 20\u00aa Vara Federal de Porto Alegre determinou senten\u00e7a parcial, impedindo o INSS de fixar idade m\u00ednima para fins de reconhecimento de tempo de trabalho. Atualmente, a legisla\u00e7\u00e3o brasileira contabiliza o tempo de servi\u00e7o a partir dos 14 anos, desde que na condi\u00e7\u00e3o de aprendiz. O INSS entrou com recurso \u00e0 decis\u00e3o, afirmando que a decis\u00e3o poderia estimular a explora\u00e7\u00e3o do trabalho infantil.<\/p>\n<p>Ao justificar o voto pelo fim do limite et\u00e1rio, Salise destacou o trabalho de crian\u00e7as e adolescentes no meio publicit\u00e1rio, feito com autoriza\u00e7\u00e3o dos pais e do Judici\u00e1rio.<\/p>\n<p>\u201c\u00c9 poss\u00edvel a prote\u00e7\u00e3o previdenci\u00e1ria nesses casos?\u201d, questionou a desembargadora. \u201cNo caso de eventual ocorr\u00eancia de algum acidente relacionado a esse tipo de trabalho, a crian\u00e7a teria direito a algum benef\u00edcio previdenci\u00e1rio, tal como o aux\u00edlio acidente?\u201d<\/p>\n<p>Salise frisou que se mostram insuficientes os programas e normas que buscam erradicar o trabalho infantil no Brasil. Em voto, a magistrada afirmou que estudos e a\u00e7\u00f5es fiscalizat\u00f3rias atestaram a exist\u00eancia de trabalho rural e urbano desenvolvido por crian\u00e7as.<\/p>\n<p>\u201cPor certo que essas pessoas, que j\u00e1 tiveram ceifadas oportunidades de viver em plenitude a inf\u00e2ncia, de estudar, de usufruir de lazer condigno, devem merecer a prote\u00e7\u00e3o previdenci\u00e1ria e lograr, ulteriormente, o c\u00f4mputo daquele tempo de trabalho vivenciado na inf\u00e2ncia e na adolesc\u00eancia para fins de car\u00eancia e mesmo de aposentadoria\u201d, afirmou.<\/p>\n<p><strong>CARIRI EM A\u00c7\u00c3O<\/strong><\/p>\n<p><em>Com Estad\u00e3o\/Foto:\u00a0<\/em>Keiny Andrade<\/p>\n<p><strong>Leia mais not\u00edcias em\u00a0<\/strong><a href=\"http:\/\/www.caririemacao.com\/\"><strong>caririemacao.com<\/strong><\/a><strong>, siga nossa p\u00e1gina no\u00a0<\/strong><a href=\"https:\/\/www.facebook.com\/CaririEmAcao\/?ref=aymt_homepage_panel\"><strong>Facebook<\/strong><\/a>,<strong>\u00a0<\/strong><a href=\"https:\/\/www.instagram.com\/cariri_em_acao\/?hl=pt-br\"><strong>Instagram<\/strong><\/a><strong>\u00a0e <\/strong><a href=\"https:\/\/www.youtube.com\/channel\/UCAptA0jQuYQy8vMhLt2m4qg\"><strong>Youtube<\/strong><\/a><strong>\u00a0e veja nossas mat\u00e9rias, v\u00eddeos e fotos. Voc\u00ea tamb\u00e9m pode enviar informa\u00e7\u00f5es \u00e0 Reda\u00e7\u00e3o do Portal Cariri em A\u00e7\u00e3o pelo WhatsApp (83) 9 9634.5791, (83) 9 9601-1162.<\/strong><\/p>\n","protected":false},"excerpt":{"rendered":"<p>O Tribunal Regional Federal da 4\u00aa Regi\u00e3o (TRF-4), em Porto Alegre, determinou que o\u00a0Instituto Nacional do Seguro Social (INSS)reconhe\u00e7a o tempo de trabalho exercido por&hellip; <\/p>\n","protected":false},"author":2,"featured_media":48802,"comment_status":"closed","ping_status":"closed","sticky":false,"template":"","format":"standard","meta":{"sfsi_plus_gutenberg_text_before_share":"","sfsi_plus_gutenberg_show_text_before_share":"","sfsi_plus_gutenberg_icon_type":"","sfsi_plus_gutenberg_icon_alignemt":"","sfsi_plus_gutenburg_max_per_row":"","footnotes":""},"categories":[2],"tags":[],"class_list":["post-48798","post","type-post","status-publish","format-standard","has-post-thumbnail","hentry","category-geral"],"_links":{"self":[{"href":"https:\/\/www.caririemacao.com\/1\/wp-json\/wp\/v2\/posts\/48798","targetHints":{"allow":["GET"]}}],"collection":[{"href":"https:\/\/www.caririemacao.com\/1\/wp-json\/wp\/v2\/posts"}],"about":[{"href":"https:\/\/www.caririemacao.com\/1\/wp-json\/wp\/v2\/types\/post"}],"author":[{"embeddable":true,"href":"https:\/\/www.caririemacao.com\/1\/wp-json\/wp\/v2\/users\/2"}],"replies":[{"embeddable":true,"href":"https:\/\/www.caririemacao.com\/1\/wp-json\/wp\/v2\/comments?post=48798"}],"version-history":[{"count":0,"href":"https:\/\/www.caririemacao.com\/1\/wp-json\/wp\/v2\/posts\/48798\/revisions"}],"wp:featuredmedia":[{"embeddable":true,"href":"https:\/\/www.caririemacao.com\/1\/wp-json\/wp\/v2\/media\/48802"}],"wp:attachment":[{"href":"https:\/\/www.caririemacao.com\/1\/wp-json\/wp\/v2\/media?parent=48798"}],"wp:term":[{"taxonomy":"category","embeddable":true,"href":"https:\/\/www.caririemacao.com\/1\/wp-json\/wp\/v2\/categories?post=48798"},{"taxonomy":"post_tag","embeddable":true,"href":"https:\/\/www.caririemacao.com\/1\/wp-json\/wp\/v2\/tags?post=48798"}],"curies":[{"name":"wp","href":"https:\/\/api.w.org\/{rel}","templated":true}]}}