{"id":48804,"date":"2018-04-24T09:58:54","date_gmt":"2018-04-24T12:58:54","guid":{"rendered":"http:\/\/caririemacao.com\/1\/?p=48804"},"modified":"2018-04-24T09:58:54","modified_gmt":"2018-04-24T12:58:54","slug":"eleitor-tem-15-dias-para-tirar-titulo-e-poder-votar-em-2018","status":"publish","type":"post","link":"https:\/\/www.caririemacao.com\/1\/2018\/04\/24\/eleitor-tem-15-dias-para-tirar-titulo-e-poder-votar-em-2018\/","title":{"rendered":"Eleitor tem 15 dias para tirar t\u00edtulo e poder votar em 2018"},"content":{"rendered":"<p>Os eleitores brasileiros t\u00eam at\u00e9 o dia 9 de maio para regularizar a situa\u00e7\u00e3o eleitoral e ficar apto a votar nas elei\u00e7\u00f5es deste ano. A data corresponde ao \u00faltimo dia para emitir ou regularizar o t\u00edtulo de eleitor, mudar o local de vota\u00e7\u00e3o e realizar o cadastramento biom\u00e9trico para votar com o uso da digital.<\/p>\n<p>O prazo limite leva em conta a determina\u00e7\u00e3o presente na Lei das Elei\u00e7\u00f5es (9.504\/1997) de que \u201cnenhum requerimento de inscri\u00e7\u00e3o eleitoral ou de transfer\u00eancia ser\u00e1 recebido dentro dos 150 dias anteriores \u00e0 data da elei\u00e7\u00e3o\u201d. O primeiro turno do pleito deste ano est\u00e1 marcado para o dia 7 de outubro.<\/p>\n<p>As pessoas com defici\u00eancia ou mobilidade reduzida tamb\u00e9m t\u00eam somente mais 15 dias para solicitar atendimento especial no dia da elei\u00e7\u00e3o. Para os travestis e transexuais que desejam incluir o nome social no t\u00edtulo de eleitor, a data tamb\u00e9m representa o prazo limite para fazer a solicita\u00e7\u00e3o.<\/p>\n<p>O TSE (Tribunal Superior Eleitoral) alerta ainda que os adolescentes que v\u00e3o completar 16 anos entre maio e outubro e pretendem votar tamb\u00e9m t\u00eam at\u00e9 9 de maio para solicitar o t\u00edtulo de eleitor.<\/p>\n<p>O comparecimento nas elei\u00e7\u00f5es \u00e9 obrigat\u00f3rio para todos os brasileiros com mais de 18 anos. O voto \u00e9 facultativo para analfabetos, maiores de 70 anos e adolescentes com idade entre 16 e 18 anos.<\/p>\n<p><strong>Recadastramento biom\u00e9trico<\/strong><\/p>\n<div id=\"inner-ad-container\" class=\"\">\u00a0A Justi\u00e7a Eleitoral afirma que ter\u00e3o seus t\u00edtulos cancelados os eleitores convocados para o recadastramento biom\u00e9trico nos cerca de 2.800 munic\u00edpios do Pa\u00eds que ainda n\u00e3o comparecerem ao cart\u00f3rio eleitoral at\u00e9 o dia 9 de maio.<\/div>\n<p>No in\u00edcio do m\u00eas, o Secret\u00e1rio de Tecnologia da Informa\u00e7\u00e3o do TSE, Giuseppe Janino, afirmou ao Revista Brasil, da EBC, que mais de 81 milh\u00f5es de eleitores j\u00e1 fizeram o cadastro biom\u00e9trico e 10 estados j\u00e1 completaram o cadastramento de seus eleitores.<\/p>\n<p>Somente no Estado de S\u00e3o Paulo, o cadastramento biom\u00e9trico \u00e9 obrigat\u00f3rio em 85 munic\u00edpios, onde mais de 528 mil eleitores (16,17%) ainda n\u00e3o regularizaram a situa\u00e7\u00e3o eleitoral. Os casos mais preocupantes aparecem nas cidades de Guarulhos e Sorocaba, que ainda precisam cadastrar a biometria de, respetivamente, 227.725 (23,9%) e 95.635 (18,9%) eleitores.<\/p>\n<p>O cancelamento do t\u00edtulo tamb\u00e9m \u00e9 efetuado nos casos dos eleitores que deixarem de votar ou justificar as aus\u00eancias por tr\u00eas elei\u00e7\u00f5es seguidas.<\/p>\n<p>Ao ter o t\u00edtulo cancelado, o eleitor fica impossibilitado de se inscrever em concursos p\u00fablicos, obter passaporte ou CPF, renovar matr\u00edcula em estabelecimento de ensino oficial e obter empr\u00e9stimos em bancos estatais.<\/p>\n<p><strong>CARIRI EM A\u00c7\u00c3O<\/strong><\/p>\n<p><em>Com R7\/Foto: Reprodu\u00e7\u00e3o Internet<\/em><\/p>\n<p><strong>Leia mais not\u00edcias em\u00a0<\/strong><a href=\"http:\/\/www.caririemacao.com\/\"><strong>caririemacao.com<\/strong><\/a><strong>, siga nossa p\u00e1gina no\u00a0<\/strong><a href=\"https:\/\/www.facebook.com\/CaririEmAcao\/?ref=aymt_homepage_panel\"><strong>Facebook<\/strong><\/a>,<strong>\u00a0<\/strong><a href=\"https:\/\/www.instagram.com\/cariri_em_acao\/?hl=pt-br\"><strong>Instagram<\/strong><\/a><strong>\u00a0e <\/strong><a href=\"https:\/\/www.youtube.com\/channel\/UCAptA0jQuYQy8vMhLt2m4qg\"><strong>Youtube<\/strong><\/a><strong>\u00a0e veja nossas mat\u00e9rias, v\u00eddeos e fotos. Voc\u00ea tamb\u00e9m pode enviar informa\u00e7\u00f5es \u00e0 Reda\u00e7\u00e3o do Portal Cariri em A\u00e7\u00e3o pelo WhatsApp (83) 9 9634.5791, (83) 9 9601-1162.<\/strong><\/p>\n","protected":false},"excerpt":{"rendered":"<p>Os eleitores brasileiros t\u00eam at\u00e9 o dia 9 de maio para regularizar a situa\u00e7\u00e3o eleitoral e ficar apto a votar nas elei\u00e7\u00f5es deste ano. A&hellip; <\/p>\n","protected":false},"author":2,"featured_media":10192,"comment_status":"closed","ping_status":"closed","sticky":false,"template":"","format":"standard","meta":{"sfsi_plus_gutenberg_text_before_share":"","sfsi_plus_gutenberg_show_text_before_share":"","sfsi_plus_gutenberg_icon_type":"","sfsi_plus_gutenberg_icon_alignemt":"","sfsi_plus_gutenburg_max_per_row":"","footnotes":""},"categories":[2],"tags":[],"class_list":["post-48804","post","type-post","status-publish","format-standard","has-post-thumbnail","hentry","category-geral"],"_links":{"self":[{"href":"https:\/\/www.caririemacao.com\/1\/wp-json\/wp\/v2\/posts\/48804","targetHints":{"allow":["GET"]}}],"collection":[{"href":"https:\/\/www.caririemacao.com\/1\/wp-json\/wp\/v2\/posts"}],"about":[{"href":"https:\/\/www.caririemacao.com\/1\/wp-json\/wp\/v2\/types\/post"}],"author":[{"embeddable":true,"href":"https:\/\/www.caririemacao.com\/1\/wp-json\/wp\/v2\/users\/2"}],"replies":[{"embeddable":true,"href":"https:\/\/www.caririemacao.com\/1\/wp-json\/wp\/v2\/comments?post=48804"}],"version-history":[{"count":0,"href":"https:\/\/www.caririemacao.com\/1\/wp-json\/wp\/v2\/posts\/48804\/revisions"}],"wp:featuredmedia":[{"embeddable":true,"href":"https:\/\/www.caririemacao.com\/1\/wp-json\/wp\/v2\/media\/10192"}],"wp:attachment":[{"href":"https:\/\/www.caririemacao.com\/1\/wp-json\/wp\/v2\/media?parent=48804"}],"wp:term":[{"taxonomy":"category","embeddable":true,"href":"https:\/\/www.caririemacao.com\/1\/wp-json\/wp\/v2\/categories?post=48804"},{"taxonomy":"post_tag","embeddable":true,"href":"https:\/\/www.caririemacao.com\/1\/wp-json\/wp\/v2\/tags?post=48804"}],"curies":[{"name":"wp","href":"https:\/\/api.w.org\/{rel}","templated":true}]}}