{"id":48811,"date":"2018-04-24T10:09:06","date_gmt":"2018-04-24T13:09:06","guid":{"rendered":"http:\/\/caririemacao.com\/1\/?p=48811"},"modified":"2018-04-24T10:09:06","modified_gmt":"2018-04-24T13:09:06","slug":"saude-divulga-boletim-sobre-casos-de-dengue-zika-e-chikungunya-em-2018","status":"publish","type":"post","link":"https:\/\/www.caririemacao.com\/1\/2018\/04\/24\/saude-divulga-boletim-sobre-casos-de-dengue-zika-e-chikungunya-em-2018\/","title":{"rendered":"Sa\u00fade divulga boletim sobre casos de dengue, zika e chikungunya em 2018"},"content":{"rendered":"<p>A Secretaria de Estado da Sa\u00fade (SES) divulgou Boletim Epidemiol\u00f3gico\u00a0relacionado \u00e0s arboviroses\u00a0onde constam os casos notificados de dengue, chikungunya e zika, na Para\u00edba, no per\u00edodo de 1\u00ba de janeiro a 17 de abril (16\u00aa Semana Epidemiol\u00f3gica de 2018).<\/p>\n<p>Quanto \u00e0 dengue, foram notificados 1.643 casos suspeitos, o que aponta um aumento de 16,44% das notifica\u00e7\u00f5es suspeitas quando comparado com 2017, no mesmo per\u00edodo, quando foram notificados 1.411 casos. Em 2015 e 2016 registraram, respectivamente, 9.422 e 33.650.<\/p>\n<p>Em 2018, foram registrados 314 casos de chikungunya. J\u00e1 em 2017, foram 442 casos suspeitos, uma redu\u00e7\u00e3o de 28,95% das notifica\u00e7\u00f5es suspeitas entre 2017 e 2018.<\/p>\n<p>Ainda no mesmo per\u00edodo de 2018, foram registrados 46 casos com suspeita de zika. Em 2017, no mesmo per\u00edodo, foram registrados 98 casos, uma redu\u00e7\u00e3o de 53% das notifica\u00e7\u00f5es suspeitas quando comparado 2017 com 2018.<\/p>\n<p>At\u00e9 a 16\u00aa Semana Epidemiol\u00f3gica de 2018, foram notificados 10 \u00f3bitos.<\/p>\n<p>Entre as a\u00e7\u00f5es programadas de combate ao mosquito Aedes aegypti, para 2018 est\u00e3o o monitoramento e acompanhamento da situa\u00e7\u00e3o epidemiol\u00f3gica e ambiental pelas \u00e1reas t\u00e9cnicas; mobiliza\u00e7\u00e3o e distribui\u00e7\u00e3o de material educativo referente \u00e0s arboviroses; apoio t\u00e9cnico \u201cin loco\u201d conforme situa\u00e7\u00e3o epidemiol\u00f3gica e ambiental dos munic\u00edpios; interven\u00e7\u00e3o com aplica\u00e7\u00e3o do UBV Pesado (carro fumac\u00ea), respeitando os crit\u00e9rios Epi-entomol\u00f3gicos estabelecidos na Nota T\u00e9cnica n\u00ba 01 de 2018.<\/p>\n<p>No per\u00edodo de 1 de janeiro a 31 de mar\u00e7o de 2018, foram realizadas 1.735.881 visitas domiciliares, sendo que 149.641 im\u00f3veis (8,6%), nos 223 munic\u00edpios paraibanos, estavam fechados.<\/p>\n<p>\u201cPor causa do per\u00edodo de chuvas, recomendamos \u00e0s Secretarias Municipais de Sa\u00fade a continuidade das a\u00e7\u00f5es, intensificadas e integradas com os setores de infraestrutura, limpeza urbana, Secretarias de Educa\u00e7\u00e3o e Meio Ambiente, entre outros, de modo a sensibilizar a popula\u00e7\u00e3o para extermina\u00e7\u00e3o dos criadouros do mosquito contribuindo para o controle das Arboviroses\u201d, declarou o gerente operacional de vigil\u00e2ncia ambiental, da SES, Geraldo Menezes.<\/p>\n<p>Arboviroses s\u00e3o as doen\u00e7as transmitidas ao homem por picadas de mosquitos \u2013 causadas pelos chamados arbov\u00edrus, que incluem o v\u00edrus da dengue, zika e chikungunya (nestes casos, pelo mosquito Aedes aegypti infectado, um dos principais transmissores de arboviroses da atualidade).<\/p>\n<p><strong>CARIRI EM A\u00c7\u00c3O<\/strong><\/p>\n<p><em>Com<strong><i>\u00a0<\/i><\/strong><i>Para\u00edba online<\/i>\/Foto: Reprodu\u00e7\u00e3o Internet<\/em><\/p>\n<p><strong>Leia mais not\u00edcias em\u00a0<\/strong><a href=\"http:\/\/www.caririemacao.com\/\"><strong>caririemacao.com<\/strong><\/a><strong>, siga nossa p\u00e1gina no\u00a0<\/strong><a href=\"https:\/\/www.facebook.com\/CaririEmAcao\/?ref=aymt_homepage_panel\"><strong>Facebook<\/strong><\/a>,<strong>\u00a0<\/strong><a href=\"https:\/\/www.instagram.com\/cariri_em_acao\/?hl=pt-br\"><strong>Instagram<\/strong><\/a><strong>\u00a0e\u00a0<\/strong><a href=\"https:\/\/www.youtube.com\/channel\/UCAptA0jQuYQy8vMhLt2m4qg\"><strong>Youtube<\/strong><\/a><strong>\u00a0e veja nossas mat\u00e9rias, v\u00eddeos e fotos. Voc\u00ea tamb\u00e9m pode enviar informa\u00e7\u00f5es \u00e0 Reda\u00e7\u00e3o do Portal Cariri em A\u00e7\u00e3o pelo WhatsApp (83) 9 9634.5791, (83) 9 9601-1162.<\/strong><\/p>\n","protected":false},"excerpt":{"rendered":"<p>A Secretaria de Estado da Sa\u00fade (SES) divulgou Boletim Epidemiol\u00f3gico\u00a0relacionado \u00e0s arboviroses\u00a0onde constam os casos notificados de dengue, chikungunya e zika, na Para\u00edba, no per\u00edodo&hellip; <\/p>\n","protected":false},"author":2,"featured_media":48812,"comment_status":"closed","ping_status":"closed","sticky":false,"template":"","format":"standard","meta":{"sfsi_plus_gutenberg_text_before_share":"","sfsi_plus_gutenberg_show_text_before_share":"","sfsi_plus_gutenberg_icon_type":"","sfsi_plus_gutenberg_icon_alignemt":"","sfsi_plus_gutenburg_max_per_row":"","footnotes":""},"categories":[16],"tags":[],"class_list":["post-48811","post","type-post","status-publish","format-standard","has-post-thumbnail","hentry","category-saude"],"_links":{"self":[{"href":"https:\/\/www.caririemacao.com\/1\/wp-json\/wp\/v2\/posts\/48811","targetHints":{"allow":["GET"]}}],"collection":[{"href":"https:\/\/www.caririemacao.com\/1\/wp-json\/wp\/v2\/posts"}],"about":[{"href":"https:\/\/www.caririemacao.com\/1\/wp-json\/wp\/v2\/types\/post"}],"author":[{"embeddable":true,"href":"https:\/\/www.caririemacao.com\/1\/wp-json\/wp\/v2\/users\/2"}],"replies":[{"embeddable":true,"href":"https:\/\/www.caririemacao.com\/1\/wp-json\/wp\/v2\/comments?post=48811"}],"version-history":[{"count":0,"href":"https:\/\/www.caririemacao.com\/1\/wp-json\/wp\/v2\/posts\/48811\/revisions"}],"wp:featuredmedia":[{"embeddable":true,"href":"https:\/\/www.caririemacao.com\/1\/wp-json\/wp\/v2\/media\/48812"}],"wp:attachment":[{"href":"https:\/\/www.caririemacao.com\/1\/wp-json\/wp\/v2\/media?parent=48811"}],"wp:term":[{"taxonomy":"category","embeddable":true,"href":"https:\/\/www.caririemacao.com\/1\/wp-json\/wp\/v2\/categories?post=48811"},{"taxonomy":"post_tag","embeddable":true,"href":"https:\/\/www.caririemacao.com\/1\/wp-json\/wp\/v2\/tags?post=48811"}],"curies":[{"name":"wp","href":"https:\/\/api.w.org\/{rel}","templated":true}]}}