{"id":48818,"date":"2018-04-24T10:39:15","date_gmt":"2018-04-24T13:39:15","guid":{"rendered":"http:\/\/caririemacao.com\/1\/?p=48818"},"modified":"2018-04-24T10:39:15","modified_gmt":"2018-04-24T13:39:15","slug":"so-19-pretendem-ter-filhos-nos-proximos-dois-anos","status":"publish","type":"post","link":"https:\/\/www.caririemacao.com\/1\/2018\/04\/24\/so-19-pretendem-ter-filhos-nos-proximos-dois-anos\/","title":{"rendered":"S\u00f3 19% pretendem ter filhos nos pr\u00f3ximos dois anos"},"content":{"rendered":"<div>Nos pr\u00f3ximos dois anos, apenas 19% dos brasileiros pretendem\u00a0<span id=\"OBJ_PREFIX_DWT308_com_zimbra_date\" class=\"Object\" role=\"link\">ter<\/span>\u00a0filhos, 17% por gravidez e 2% por ado\u00e7\u00e3o. \u00c9 o que mostra uma pesquisa sobre natalidade, divulgada pelo Ibope. Do total de entrevistados, 79% n\u00e3o pretendem\u00a0<span id=\"OBJ_PREFIX_DWT309_com_zimbra_date\" class=\"Object\" role=\"link\">ter<\/span>filhos at\u00e9 2020, e 2% n\u00e3o sabem.<\/div>\n<p>A pesquisa do Ibope foi realizada entre os dias 15 e\u00a0<span id=\"OBJ_PREFIX_DWT310_com_zimbra_date\" class=\"Object\" role=\"link\">18 de mar<\/span>\u00e7o com 1.491 pessoas com mais de 16 anos, em 143 munic\u00edpios de todas as regi\u00f5es do pa\u00eds.<\/p>\n<p>O Nordeste \u00e9 a regi\u00e3o onde as pessoas est\u00e3o mais abertas \u00e0 maternidade\/paternidade, 19% pretendem\u00a0<span id=\"OBJ_PREFIX_DWT311_com_zimbra_date\" class=\"Object\" role=\"link\">ter<\/span>\u00a0filhos biol\u00f3gicos e 3% querem adotar uma crian\u00e7a. L\u00e1, 76% n\u00e3o pretendem\u00a0<span id=\"OBJ_PREFIX_DWT312_com_zimbra_date\" class=\"Object\" role=\"link\">ter<\/span>\u00a0filhos. Na Regi\u00e3o Sul, apenas 11% pretendem\u00a0<span id=\"OBJ_PREFIX_DWT313_com_zimbra_date\" class=\"Object\" role=\"link\">ter<\/span>\u00a0filhos biol\u00f3gicos, e 87% n\u00e3o pretendem nos pr\u00f3ximos dois anos.<\/p>\n<p>No\u00a0 Sudeste, 18% querem filhos biol\u00f3gicos e 2% querem adotar; 77% n\u00e3o pretendem\u00a0<span id=\"OBJ_PREFIX_DWT316_com_zimbra_date\" class=\"Object\" role=\"link\">ter<\/span>\u00a0filhos. No per\u00edodo de dois anos, nas regi\u00f5es Norte e Centro-Oeste, 16% dos entrevistados pretendem\u00a0<span id=\"OBJ_PREFIX_DWT317_com_zimbra_date\" class=\"Object\" role=\"link\">ter<\/span>\u00a0filhos, por meio de uma gravidez e 1% por ado\u00e7\u00e3o; 82% n\u00e3o querem filhos.<\/p>\n<p><strong>Parto natural ou ces\u00e1ria<\/strong><\/p>\n<p>Entre os que pretendem\u00a0<span id=\"OBJ_PREFIX_DWT318_com_zimbra_date\" class=\"Object\" role=\"link\">ter<\/span>\u00a0filhos, 76% querem o parto normal em uma maternidade ou hospital, e 3% querem o parto em casa. Mesmo no caso de uma gravidez sem complica\u00e7\u00f5es, ou seja, quando n\u00e3o h\u00e1 risco nem para a m\u00e3e e nem para o beb\u00ea, 20% pretendem fazer uma cesariana.<\/p>\n<p><strong>CARIRI EM A\u00c7\u00c3O<\/strong><\/p>\n<p><em>Com Ag\u00eancia Brasil\u00a0\/Foto: Reprodu\u00e7\u00e3o Internet\u00a0<\/em><\/p>\n<p><strong>Leia mais not\u00edcias em\u00a0<\/strong><a href=\"http:\/\/www.caririemacao.com\/\"><strong>caririemacao.com<\/strong><\/a><strong>, siga nossa p\u00e1gina no\u00a0<\/strong><a href=\"https:\/\/www.facebook.com\/CaririEmAcao\/?ref=aymt_homepage_panel\"><strong>Facebook<\/strong><\/a>,<strong>\u00a0<\/strong><a href=\"https:\/\/www.instagram.com\/cariri_em_acao\/?hl=pt-br\"><strong>Instagram<\/strong><\/a><strong>\u00a0e <\/strong><a href=\"https:\/\/www.youtube.com\/channel\/UCAptA0jQuYQy8vMhLt2m4qg\"><strong>Youtube<\/strong><\/a><strong>\u00a0e veja nossas mat\u00e9rias, v\u00eddeos e fotos. Voc\u00ea tamb\u00e9m pode enviar informa\u00e7\u00f5es \u00e0 Reda\u00e7\u00e3o do Portal Cariri em A\u00e7\u00e3o pelo WhatsApp (83) 9 9634.5791, (83) 9 9601-1162.<\/strong><\/p>\n","protected":false},"excerpt":{"rendered":"<p>Nos pr\u00f3ximos dois anos, apenas 19% dos brasileiros pretendem\u00a0ter\u00a0filhos, 17% por gravidez e 2% por ado\u00e7\u00e3o. \u00c9 o que mostra uma pesquisa sobre natalidade, divulgada&hellip; <\/p>\n","protected":false},"author":2,"featured_media":48819,"comment_status":"closed","ping_status":"closed","sticky":false,"template":"","format":"standard","meta":{"sfsi_plus_gutenberg_text_before_share":"","sfsi_plus_gutenberg_show_text_before_share":"","sfsi_plus_gutenberg_icon_type":"","sfsi_plus_gutenberg_icon_alignemt":"","sfsi_plus_gutenburg_max_per_row":"","footnotes":""},"categories":[2],"tags":[],"class_list":["post-48818","post","type-post","status-publish","format-standard","has-post-thumbnail","hentry","category-geral"],"_links":{"self":[{"href":"https:\/\/www.caririemacao.com\/1\/wp-json\/wp\/v2\/posts\/48818","targetHints":{"allow":["GET"]}}],"collection":[{"href":"https:\/\/www.caririemacao.com\/1\/wp-json\/wp\/v2\/posts"}],"about":[{"href":"https:\/\/www.caririemacao.com\/1\/wp-json\/wp\/v2\/types\/post"}],"author":[{"embeddable":true,"href":"https:\/\/www.caririemacao.com\/1\/wp-json\/wp\/v2\/users\/2"}],"replies":[{"embeddable":true,"href":"https:\/\/www.caririemacao.com\/1\/wp-json\/wp\/v2\/comments?post=48818"}],"version-history":[{"count":0,"href":"https:\/\/www.caririemacao.com\/1\/wp-json\/wp\/v2\/posts\/48818\/revisions"}],"wp:featuredmedia":[{"embeddable":true,"href":"https:\/\/www.caririemacao.com\/1\/wp-json\/wp\/v2\/media\/48819"}],"wp:attachment":[{"href":"https:\/\/www.caririemacao.com\/1\/wp-json\/wp\/v2\/media?parent=48818"}],"wp:term":[{"taxonomy":"category","embeddable":true,"href":"https:\/\/www.caririemacao.com\/1\/wp-json\/wp\/v2\/categories?post=48818"},{"taxonomy":"post_tag","embeddable":true,"href":"https:\/\/www.caririemacao.com\/1\/wp-json\/wp\/v2\/tags?post=48818"}],"curies":[{"name":"wp","href":"https:\/\/api.w.org\/{rel}","templated":true}]}}