{"id":48821,"date":"2018-04-24T10:49:36","date_gmt":"2018-04-24T13:49:36","guid":{"rendered":"http:\/\/caririemacao.com\/1\/?p=48821"},"modified":"2018-04-24T10:49:36","modified_gmt":"2018-04-24T13:49:36","slug":"para-carille-rodriguinho-esta-fazendo-por-merecer-vaga-na-copa","status":"publish","type":"post","link":"https:\/\/www.caririemacao.com\/1\/2018\/04\/24\/para-carille-rodriguinho-esta-fazendo-por-merecer-vaga-na-copa\/","title":{"rendered":"Para Carille, Rodriguinho \u201cest\u00e1 fazendo por merecer\u201d vaga na Copa"},"content":{"rendered":"<p>Autor de nove gols em 2018, o \u00faltimo deles na\u00a0vit\u00f3ria por 4 a 0 sobre o Paran\u00e1, o meia Rodriguinho conta com o incentivo do t\u00e9cnico F\u00e1bio Carille para realizar o\u00a0sonho de defender a Sele\u00e7\u00e3o Brasileira na Copa do Mundo. O antigo auxiliar de Tite \u00e9 s\u00f3 elogios ao artilheiro do Corinthians.<\/p>\n<p>\u201cEst\u00e1 fazendo por merecer\u201d, disse Carille, sobre a\u00a0possibilidade de Rodriguinho ser chamado para defender o Brasil no Mundial da R\u00fassia. \u201cDe 2016 para c\u00e1, ele s\u00f3 deu uma ca\u00edda em uma parte do segundo semestre do ano passado. Em 2016, chamou a responsabilidade, jogou muito no segundo semestre, assim como no Campeonato Paulista e no primeiro turno do Campeonato Brasileiro em 2017\u201d, argumentou.<\/p>\n<p>Em 2018, Rodriguinho virou protagonista do Corinthians e tem chamado ainda mais a aten\u00e7\u00e3o de cr\u00edtica e torcedores. Ele anotou os gols das vit\u00f3rias sobre os rivais S\u00e3o Paulo e Palmeiras, por exemplo, nas semifinais e na decis\u00e3o do Campeonato Paulista.<\/p>\n<p>Para Carille, o esquema t\u00e1tico sem um centroavante adotado pelo Corinthians tem beneficiado o seu armador. \u201cEssa forma\u00e7\u00e3o deixou o Rodriguinho mais perto do gol, e sabemos da qualidade que tem para finalizar. Assim, ficando mais dentro da \u00e1rea, a possibilidade de marcar aumenta\u201d, comentou.<\/p>\n<p>Curiosamente, Rodriguinhoj\u00e1 chiou do esquema t\u00e1tico sem um atacante de refer\u00eancia. O meia ponderava que n\u00e3o tinha porte f\u00edsico para atuar mais pr\u00f3ximo dos zagueiros advers\u00e1rios, como fazia J\u00f4, vendido ao japon\u00eas Nagoya Grampus. Com a contrata\u00e7\u00e3o de Roger, vindo do Internacional, ele poder\u00e1 voltar a exercer a sua antiga fun\u00e7\u00e3o.<\/p>\n<p>Seja como for, Carille acha que o seu Corinthians j\u00e1 se habituou a car\u00eancia de um centroavante. \u201cO time entendeu que, quando n\u00e3o jogamos com um camisa 9, precisa ter mais a bola nos p\u00e9s e preencher o campo advers\u00e1rio\u201d, analisou o treinador.<\/p>\n<p><strong>CARIRI EM A\u00c7\u00c3O<\/strong><\/p>\n<p><em>Com Gazeta Esportiva\/Foto: Reprodu\u00e7\u00e3o Internet<\/em><\/p>\n<p><strong>Leia mais not\u00edcias em\u00a0<\/strong><a href=\"http:\/\/www.caririemacao.com\/\"><strong>caririemacao.com<\/strong><\/a><strong>, siga nossa p\u00e1gina no\u00a0<\/strong><a href=\"https:\/\/www.facebook.com\/CaririEmAcao\/?ref=aymt_homepage_panel\"><strong>Facebook<\/strong><\/a>,<strong>\u00a0<\/strong><a href=\"https:\/\/www.instagram.com\/cariri_em_acao\/?hl=pt-br\"><strong>Instagram<\/strong><\/a><strong>\u00a0e <\/strong><a href=\"https:\/\/www.youtube.com\/channel\/UCAptA0jQuYQy8vMhLt2m4qg\"><strong>Youtube<\/strong><\/a><strong>\u00a0e veja nossas mat\u00e9rias, v\u00eddeos e fotos. Voc\u00ea tamb\u00e9m pode enviar informa\u00e7\u00f5es \u00e0 Reda\u00e7\u00e3o do Portal Cariri em A\u00e7\u00e3o pelo WhatsApp (83) 9 9634.5791, (83) 9 9601-1162.<\/strong><\/p>\n","protected":false},"excerpt":{"rendered":"<p>Autor de nove gols em 2018, o \u00faltimo deles na\u00a0vit\u00f3ria por 4 a 0 sobre o Paran\u00e1, o meia Rodriguinho conta com o incentivo do&hellip; <\/p>\n","protected":false},"author":2,"featured_media":48823,"comment_status":"closed","ping_status":"closed","sticky":false,"template":"","format":"standard","meta":{"sfsi_plus_gutenberg_text_before_share":"","sfsi_plus_gutenberg_show_text_before_share":"","sfsi_plus_gutenberg_icon_type":"","sfsi_plus_gutenberg_icon_alignemt":"","sfsi_plus_gutenburg_max_per_row":"","footnotes":""},"categories":[13],"tags":[],"class_list":["post-48821","post","type-post","status-publish","format-standard","has-post-thumbnail","hentry","category-esportes"],"_links":{"self":[{"href":"https:\/\/www.caririemacao.com\/1\/wp-json\/wp\/v2\/posts\/48821","targetHints":{"allow":["GET"]}}],"collection":[{"href":"https:\/\/www.caririemacao.com\/1\/wp-json\/wp\/v2\/posts"}],"about":[{"href":"https:\/\/www.caririemacao.com\/1\/wp-json\/wp\/v2\/types\/post"}],"author":[{"embeddable":true,"href":"https:\/\/www.caririemacao.com\/1\/wp-json\/wp\/v2\/users\/2"}],"replies":[{"embeddable":true,"href":"https:\/\/www.caririemacao.com\/1\/wp-json\/wp\/v2\/comments?post=48821"}],"version-history":[{"count":0,"href":"https:\/\/www.caririemacao.com\/1\/wp-json\/wp\/v2\/posts\/48821\/revisions"}],"wp:featuredmedia":[{"embeddable":true,"href":"https:\/\/www.caririemacao.com\/1\/wp-json\/wp\/v2\/media\/48823"}],"wp:attachment":[{"href":"https:\/\/www.caririemacao.com\/1\/wp-json\/wp\/v2\/media?parent=48821"}],"wp:term":[{"taxonomy":"category","embeddable":true,"href":"https:\/\/www.caririemacao.com\/1\/wp-json\/wp\/v2\/categories?post=48821"},{"taxonomy":"post_tag","embeddable":true,"href":"https:\/\/www.caririemacao.com\/1\/wp-json\/wp\/v2\/tags?post=48821"}],"curies":[{"name":"wp","href":"https:\/\/api.w.org\/{rel}","templated":true}]}}